{"id":446987,"date":"2026-09-04T21:22:18","date_gmt":"2026-09-05T00:22:18","guid":{"rendered":"https:\/\/notinor.com\/jujuy\/?p=446987"},"modified":"2026-09-04T21:22:20","modified_gmt":"2026-09-05T00:22:20","slug":"milei-hablo-ante-empresarios-y-defendio-sus-reformas-esto-nos-permite-avanzar-en-el-reclamo-de-soberania-sobre-las-malvinas","status":"publish","type":"post","link":"https:\/\/notinor.com\/jujuy\/milei-hablo-ante-empresarios-y-defendio-sus-reformas-esto-nos-permite-avanzar-en-el-reclamo-de-soberania-sobre-las-malvinas\/","title":{"rendered":"Milei habl\u00f3 ante empresarios y defendi\u00f3 sus reformas: \u201cEsto nos permite avanzar en el reclamo de soberan\u00eda sobre las Malvinas\u201d"},"content":{"rendered":"\n<p class=\"has-medium-font-size\"><strong><em>Tras la cadena nacional en la que comunic\u00f3 nuevas iniciativas, el presidente habl\u00f3 en la 47\u00b0 Convenci\u00f3n Anual del Instituto Argentino de Ejecutivos de Finanzas (IAEF), en Misiones. \u201cNo voy a borrar con el codo lo que escrib\u00ed con la mano\u201d, asegur\u00f3.<\/em><\/strong><\/p>\n\n\n\n<p><\/p>\n\n\n<div class=\"wp-block-image\">\n<figure class=\"aligncenter size-full\"><img decoding=\"async\" loading=\"lazy\" width=\"800\" height=\"450\" src=\"https:\/\/notinor.com\/jujuy\/wp-content\/uploads\/2026\/09\/javier-milei.jpg\" alt=\"\" class=\"wp-image-446988\" srcset=\"https:\/\/notinor.com\/jujuy\/wp-content\/uploads\/2026\/09\/javier-milei.jpg 800w, https:\/\/notinor.com\/jujuy\/wp-content\/uploads\/2026\/09\/javier-milei-649x365.jpg 649w, https:\/\/notinor.com\/jujuy\/wp-content\/uploads\/2026\/09\/javier-milei-500x280.jpg 500w, https:\/\/notinor.com\/jujuy\/wp-content\/uploads\/2026\/09\/javier-milei-768x432.jpg 768w, https:\/\/notinor.com\/jujuy\/wp-content\/uploads\/2026\/09\/javier-milei-750x422.jpg 750w\" sizes=\"(max-width: 800px) 100vw, 800px\" \/><\/figure><\/div>\n\n\n<p><\/p>\n\n\n\n<p>El presidente Javier Milei brind\u00f3 ayer una cadena nacional en la que volvi\u00f3 a reclamar la soberan\u00eda argentina sobre las Islas Malvinas y anunci\u00f3 medidas vinculadas con esa cuesti\u00f3n. Estas incluyen un proyecto que enviar\u00e1 en los pr\u00f3ximos d\u00edas al Congreso de la Naci\u00f3n y acciones del Poder Ejecutivo para incrementar las capacidades militares. Pocas horas despu\u00e9s, viaj\u00f3 a Misiones, donde esta tarde volvi\u00f3 a hablar del tema en el marco de la 47\u00b0 Convenci\u00f3n Anual del Instituto Argentino de Ejecutivos de Finanzas (IAEF), en Puerto Iguaz\u00fa. \u201cNo voy a borrar con el codo lo que escrib\u00ed con la mano\u201d, indic\u00f3 el mandatario.<\/p>\n\n\n\n<p>Al tomar la palabra ante empresarios, Milei realiz\u00f3 una fuerte defensa de sus reformas estructurales en el pa\u00eds. \u201cNo voy a cambiar ni la pol\u00edtica fiscal ni monetaria. Voy a seguir apretando la cantidad de dinero hasta derrotar a la inflaci\u00f3n\u201d, coment\u00f3.<\/p>\n\n\n\n<p>En esa l\u00ednea, tambi\u00e9n record\u00f3 que el gobierno de Alberto Fern\u00e1ndez emiti\u00f3 dinero por el equivalente a 13 puntos del PBI. \u201cNo queremos volver a eso y no lo vamos a permitir. Y el a\u00f1o que viene vamos a ganar porque dudo que los argentinos sean tan tontos de volver al pasado\u201d.<\/p>\n\n\n\n<p>Luego, destact\u00f3 sus iniciativas en el plano econ\u00f3mio durante su gesti\u00f3n: \u201cEstamos hablando de 200 mil millones de d\u00f3lares que van a ser invertidos en nuestra econom\u00eda durante los pr\u00f3ximos a\u00f1os para potenciar distintos sectores con mucho potencial, como la generaci\u00f3n de energ\u00eda, la miner\u00eda, la infraestructura, la tecnolog\u00eda y la siderurgia; sectores que van a expandir a\u00fan m\u00e1s nuestras exportaciones nacionales y que, dicho sea de paso, nos permite ser un jugador importante de manera geopol\u00edtica y nos permite poder avanzar en el reclamo de nuestra soberan\u00eda sobre Malvinas\u201d.<\/p>\n\n\n\n<p>En este escenario, seg\u00fan su punto de vista, Milei profundiz\u00f3 sobre un aspecto clave: \u201cTenemos el RIGI generando un caudal de inversiones que nunca se vio en nuestro pa\u00eds, con m\u00e1s de 45 mil millones de d\u00f3lares en inversi\u00f3n ya aprobados y m\u00e1s de 150 mil millones de d\u00f3lares a la espera de aprobaci\u00f3n\u201d.<\/p>\n\n\n\n<p>Al respecto de las reformas impulsadas por su gesti\u00f3n, el Presidente se\u00f1al\u00f3: \u201cEste crecimiento se explica por todos los cambios que ya hemos introducido: sea la eliminaci\u00f3n y rebajas de impuestos, las casi 17 mil reformas que llevamos adelante desde el Ministerio de Desregulaci\u00f3n, la devoluci\u00f3n del imperio de la ley a nuestra ciudadan\u00eda, el inclaudicable super\u00e1vit fiscal que mantiene nuestra econom\u00eda ordenada\u201d.<\/p>\n\n\n\n<p>\u201cRiesgo pa\u00eds bajo implica cr\u00e9dito m\u00e1s accesible, lo cual significa un mayor nivel de inversi\u00f3n y, por lo tanto, m\u00e1s puestos de trabajo genuinos\u201d, agreg\u00f3.<\/p>\n\n\n\n<p>Por otro lado, el Presidente volvi\u00f3 a apuntar contra algunos empresarios locales a los que acus\u00f3 de negarse a competir para \u201cseguir cazando en el zool\u00f3gico\u201d. \u201cGomita Alum\u00ednica (por Javier Madanes Quintanilla) vivi\u00f3 estafando a los argentinos cobrando los neum\u00e1ticos (FATE) cuatro veces m\u00e1s de lo que val\u00edan. Si no le manten\u00edan la muralla, se iba. Y lo hizo de una manera muy violenta porque en la previa de la sanci\u00f3n de la reforma laboral tir\u00f3 930 tipos en la calle. Lo hizo con muy mala intenci\u00f3n\u201d, plante\u00f3.<\/p>\n\n\n\n<p>Como contraste, destac\u00f3 la actitud de la empresa Lumilagro que \u201cse reorden\u00f3 y sali\u00f3 a competir\u201d. \u201cVamos por m\u00e1s Lumilagro que quieran un pa\u00eds en serio\u201d, agreg\u00f3.<\/p>\n\n\n\n<p>En el plano pol\u00edtico, asegur\u00f3 que al menos 450 de los 500 puntos del Riesgo Pa\u00eds son atribuibles al \u201cRiesgo Kuka\u201d y estim\u00f3 que si La Libertad Avanza replica el resultado electoral de las legislativas de 2025 obtendr\u00eda mayor\u00eda en Diputados y quedar\u00eda a dos votos del qu\u00f3rum propio en el Senado.<\/p>\n\n\n\n<p>\u201cSi con este Congreso hicimos estas reformas, ah\u00ed si abr\u00f3chense los cinturones porque vamos a acelerar a fondo\u201d, desafi\u00f3.<\/p>\n\n\n\n<p>Milei tambi\u00e9n se refiri\u00f3 a la problem\u00e1tica del endeudamiento y la mora. Sobre este punto insisti\u00f3 en que el Estado no puede intervenir porque \u201cel remedio termina siendo peor que la enfermedad\u201d. En ese sentido, asegur\u00f3 que la \u00fanica soluci\u00f3n posible es la negociaci\u00f3n entre los privados.<\/p>\n\n\n\n<p>Al cierre de su discurso, el Presidente pidi\u00f3 con dejarse enga\u00f1ar por los cantos de sirenas de quienes \u201ccada cuatro a\u00f1o prometen el oro y en cada oportunidad solo entregaron miseria\u201d.<\/p>\n","protected":false},"excerpt":{"rendered":"<p>Tras la cadena nacional en la que comunic\u00f3 nuevas iniciativas, el presidente habl\u00f3 en la 47\u00b0 Convenci\u00f3n Anual del Instituto Argentino de Ejecutivos de Finanzas (IAEF), en Misiones. \u201cNo voy a borrar con el codo lo que escrib\u00ed con la mano\u201d, asegur\u00f3. El presidente Javier Milei brind\u00f3 ayer una cadena nacional en la que volvi\u00f3 [&hellip;]<\/p>\n","protected":false},"author":49,"featured_media":446988,"comment_status":"open","ping_status":"open","sticky":false,"template":"","format":"standard","meta":{"_stopmodifiedupdate":false,"_modified_date":"","inline_featured_image":false},"categories":[2,501],"tags":[],"jetpack_featured_media_url":"https:\/\/notinor.com\/jujuy\/wp-content\/uploads\/2026\/09\/javier-milei.jpg","_links":{"self":[{"href":"https:\/\/notinor.com\/jujuy\/wp-json\/wp\/v2\/posts\/446987"}],"collection":[{"href":"https:\/\/notinor.com\/jujuy\/wp-json\/wp\/v2\/posts"}],"about":[{"href":"https:\/\/notinor.com\/jujuy\/wp-json\/wp\/v2\/types\/post"}],"author":[{"embeddable":true,"href":"https:\/\/notinor.com\/jujuy\/wp-json\/wp\/v2\/users\/49"}],"replies":[{"embeddable":true,"href":"https:\/\/notinor.com\/jujuy\/wp-json\/wp\/v2\/comments?post=446987"}],"version-history":[{"count":1,"href":"https:\/\/notinor.com\/jujuy\/wp-json\/wp\/v2\/posts\/446987\/revisions"}],"predecessor-version":[{"id":446989,"href":"https:\/\/notinor.com\/jujuy\/wp-json\/wp\/v2\/posts\/446987\/revisions\/446989"}],"wp:featuredmedia":[{"embeddable":true,"href":"https:\/\/notinor.com\/jujuy\/wp-json\/wp\/v2\/media\/446988"}],"wp:attachment":[{"href":"https:\/\/notinor.com\/jujuy\/wp-json\/wp\/v2\/media?parent=446987"}],"wp:term":[{"taxonomy":"category","embeddable":true,"href":"https:\/\/notinor.com\/jujuy\/wp-json\/wp\/v2\/categories?post=446987"},{"taxonomy":"post_tag","embeddable":true,"href":"https:\/\/notinor.com\/jujuy\/wp-json\/wp\/v2\/tags?post=446987"}],"curies":[{"name":"wp","href":"https:\/\/api.w.org\/{rel}","templated":true}]}}