{"id":446982,"date":"2026-09-04T13:38:53","date_gmt":"2026-09-04T16:38:53","guid":{"rendered":"https:\/\/notinor.com\/jujuy\/?p=446982"},"modified":"2026-09-04T13:38:55","modified_gmt":"2026-09-04T16:38:55","slug":"mira-el-trailer-de-la-nueva-serie-de-harry-potter-que-lanzo-hbo-max","status":"publish","type":"post","link":"https:\/\/notinor.com\/jujuy\/mira-el-trailer-de-la-nueva-serie-de-harry-potter-que-lanzo-hbo-max\/","title":{"rendered":"Mir\u00e1 el tr\u00e1iler de la nueva serie de Harry Potter que lanz\u00f3 HBO Max"},"content":{"rendered":"\n<p class=\"has-medium-font-size\"><strong><em>La espera de los fan\u00e1ticos de Harry Potter sum\u00f3 este mi\u00e9rcoles una nueva novedad.\u00a0HBO Max difundi\u00f3 un nuevo tr\u00e1iler de la serie basada en los libros de J.K. Rowling, con im\u00e1genes in\u00e9ditas de la vida del joven mago en Hogwarts y varias escenas reconocibles de su primera aventura.<\/em><\/strong><\/p>\n\n\n<div class=\"wp-block-image\">\n<figure class=\"aligncenter\"><img decoding=\"async\" src=\"https:\/\/i0.wp.com\/www.elsol.com.ar\/wp-content\/uploads\/2026\/09\/Captura-de-pantalla-2026-09-02-134056.png?fit=780%2C484&amp;ssl=1\" alt=\"\"\/><\/figure><\/div>\n\n\n<p><\/p>\n\n\n\n<p>El adelanto profundiza en la historia de&nbsp;<strong>Harry, Ron y Hermione durante su primer a\u00f1o en la escuela de magia<\/strong>, mientras comienzan a descubrir que detr\u00e1s de las clases, el Quidditch y la vida entre las cuatro casas tambi\u00e9n existen peligros que deber\u00e1n enfrentar.<\/p>\n\n\n\n<p>Minutos ants de las 14, una llamada al CEO puso en alerta a los Bomberos del Cuartel Central por un principio de incendio en un edificio del Ministerio P\u00fablico Fiscal Federal ubicado en Per\u00fa y Godoy Cruz, de Capital. Debido al\u2026<\/p>\n\n\n\n<p>La primera temporada llevar\u00e1 oficialmente el t\u00edtulo\u00a0<strong>\u201cHarry Potter and the Philosopher\u2019s Stone\u201d<\/strong>\u00a0y estar\u00e1 centrada en la adaptaci\u00f3n del primer libro de la saga,\u00a0Harry Potter y la piedra filosofal. HBO confirm\u00f3 que la producci\u00f3n llegar\u00e1\u00a0<strong>durante la Navidad de 2026<\/strong>, aunque todav\u00eda no anunci\u00f3 una fecha exacta de estreno.<\/p>\n\n\n\n<p>El tr\u00e1iler recupera varias escenas emblem\u00e1ticas de\u00a0La piedra filosofal. Una de ellas muestra a\u00a0<strong>Harry frente al Espejo de Oesed<\/strong>, uno de los elementos centrales de su primera aventura.<\/p>\n\n\n\n<p>Otro momento reconocido por los lectores es la aparici\u00f3n del&nbsp;<strong>troll en las mazmorras de Hogwarts<\/strong>, episodio que resulta clave para consolidar la amistad entre Harry, Ron y Hermione.<\/p>\n\n\n\n<p>Adem\u00e1s, vuelve a tener un papel destacado el&nbsp;<strong>Sombrero Seleccionador<\/strong>, que finalmente determina que Harry pertenecer\u00e1 a Gryffindor.<\/p>\n\n\n\n<p>Uno de los principales atractivos de la serie ser\u00e1 la posibilidad de desarrollar con mayor profundidad situaciones de los libros que no tuvieron espacio en las pel\u00edculas originales. La producci\u00f3n ya hab\u00eda anticipado escenas vinculadas con la vida de Harry antes de llegar a Hogwarts, como su paso por la escuela muggle, adem\u00e1s de otros momentos junto a Hagrid.<\/p>\n\n\n\n<p><strong>Una nueva versi\u00f3n de Hogwarts<\/strong><\/p>\n\n\n\n<p>La serie tambi\u00e9n presentar\u00e1 modificaciones visuales respecto de las pel\u00edculas que protagonizaron Daniel Radcliffe, Emma Watson y Rupert Grint.<\/p>\n\n\n\n<p>Para esta nueva producci\u00f3n,&nbsp;<strong>Hogwarts fue reconstruido y se redise\u00f1aron elementos como los emblemas de las cuatro casas<\/strong>. Los uniformes de los estudiantes tambi\u00e9n presentan nuevos detalles.<\/p>\n\n\n\n<p><strong>Qui\u00e9nes son los nuevos Harry, Ron y Hermione<\/strong><\/p>\n\n\n\n<p>La nueva generaci\u00f3n de protagonistas est\u00e1 encabezada por&nbsp;<strong>Dominic McLaughlin como Harry Potter, Arabella Stanton como Hermione Granger y Alastair Stout como Ron Weasley<\/strong>.<\/p>\n\n\n\n<p>El elenco adulto incluye a&nbsp;<strong>John Lithgow como Albus Dumbledore, Janet McTeer como Minerva McGonagall, Paapa Essiedu como Severus Snape y Nick Frost como Rubeus Hagrid<\/strong>.<\/p>\n\n\n\n<p>Tambi\u00e9n forman parte del reparto Warwick Davis, en el papel de Filius Flitwick; Johnny Flynn como Lucius Malfoy y Katherine Parkinson como Molly Weasley.<\/p>\n\n\n\n<p>La serie est\u00e1 escrita y dirigida creativamente por&nbsp;<strong>Francesca Gardiner<\/strong>, mientras que&nbsp;<strong>Mark Mylod<\/strong>&nbsp;estar\u00e1 a cargo de la direcci\u00f3n de varios episodios. J.K. Rowling y David Heyman, entre otros, participan como productores ejecutivos.<\/p>\n\n\n\n<h2 id=\"h-mira-el-trailer\">Mir\u00e1 el tr\u00e1iler<\/h2>\n\n\n\n<figure class=\"wp-block-embed is-type-video is-provider-youtube wp-block-embed-youtube wp-embed-aspect-16-9 wp-has-aspect-ratio\"><div class=\"wp-block-embed__wrapper\">\n<div class=\"jeg_video_container jeg_video_content\"><iframe loading=\"lazy\" title=\"Harry Potter y la Piedra Filosofal | Teaser Trailer Oficial Espa\u00f1ol Latino | HBO Max\" width=\"500\" height=\"281\" src=\"https:\/\/www.youtube.com\/embed\/H2Gf5fWQw2s?start=30&feature=oembed\" frameborder=\"0\" allow=\"accelerometer; autoplay; clipboard-write; encrypted-media; gyroscope; picture-in-picture; web-share\" referrerpolicy=\"strict-origin-when-cross-origin\" allowfullscreen><\/iframe><\/div>\n<\/div><\/figure>\n","protected":false},"excerpt":{"rendered":"<p>La espera de los fan\u00e1ticos de Harry Potter sum\u00f3 este mi\u00e9rcoles una nueva novedad.\u00a0HBO Max difundi\u00f3 un nuevo tr\u00e1iler de la serie basada en los libros de J.K. Rowling, con im\u00e1genes in\u00e9ditas de la vida del joven mago en Hogwarts y varias escenas reconocibles de su primera aventura. El adelanto profundiza en la historia de&nbsp;Harry, [&hellip;]<\/p>\n","protected":false},"author":5,"featured_media":446983,"comment_status":"open","ping_status":"open","sticky":false,"template":"","format":"standard","meta":{"_stopmodifiedupdate":false,"_modified_date":"","inline_featured_image":false},"categories":[519],"tags":[],"jetpack_featured_media_url":"https:\/\/notinor.com\/jujuy\/wp-content\/uploads\/2026\/09\/HARRY.jpg","_links":{"self":[{"href":"https:\/\/notinor.com\/jujuy\/wp-json\/wp\/v2\/posts\/446982"}],"collection":[{"href":"https:\/\/notinor.com\/jujuy\/wp-json\/wp\/v2\/posts"}],"about":[{"href":"https:\/\/notinor.com\/jujuy\/wp-json\/wp\/v2\/types\/post"}],"author":[{"embeddable":true,"href":"https:\/\/notinor.com\/jujuy\/wp-json\/wp\/v2\/users\/5"}],"replies":[{"embeddable":true,"href":"https:\/\/notinor.com\/jujuy\/wp-json\/wp\/v2\/comments?post=446982"}],"version-history":[{"count":1,"href":"https:\/\/notinor.com\/jujuy\/wp-json\/wp\/v2\/posts\/446982\/revisions"}],"predecessor-version":[{"id":446984,"href":"https:\/\/notinor.com\/jujuy\/wp-json\/wp\/v2\/posts\/446982\/revisions\/446984"}],"wp:featuredmedia":[{"embeddable":true,"href":"https:\/\/notinor.com\/jujuy\/wp-json\/wp\/v2\/media\/446983"}],"wp:attachment":[{"href":"https:\/\/notinor.com\/jujuy\/wp-json\/wp\/v2\/media?parent=446982"}],"wp:term":[{"taxonomy":"category","embeddable":true,"href":"https:\/\/notinor.com\/jujuy\/wp-json\/wp\/v2\/categories?post=446982"},{"taxonomy":"post_tag","embeddable":true,"href":"https:\/\/notinor.com\/jujuy\/wp-json\/wp\/v2\/tags?post=446982"}],"curies":[{"name":"wp","href":"https:\/\/api.w.org\/{rel}","templated":true}]}}