{"id":446979,"date":"2026-09-04T13:28:03","date_gmt":"2026-09-04T16:28:03","guid":{"rendered":"https:\/\/notinor.com\/jujuy\/?p=446979"},"modified":"2026-09-04T13:28:04","modified_gmt":"2026-09-04T16:28:04","slug":"asi-reaccionaron-los-medios-britanicos-al-discurso-de-javier-milei-por-malvinas","status":"publish","type":"post","link":"https:\/\/notinor.com\/jujuy\/asi-reaccionaron-los-medios-britanicos-al-discurso-de-javier-milei-por-malvinas\/","title":{"rendered":"As\u00ed reaccionaron los medios brit\u00e1nicos al discurso de Javier Milei por Malvinas"},"content":{"rendered":"\n<p class=\"has-medium-font-size\"><strong><em>La BBC, The Telegraph y Mirror son algunos de los medios que se hicieron eco de la cadena nacional en la que el presidente argentino habl\u00f3 de las Islas.<\/em><\/strong><\/p>\n\n\n<div class=\"wp-block-image\">\n<figure class=\"aligncenter\"><img decoding=\"async\" src=\"https:\/\/i0.wp.com\/www.elsol.com.ar\/wp-content\/uploads\/2026\/09\/portada-medios-milei.jpg?fit=780%2C756&amp;ssl=1\" alt=\"\"\/><\/figure><\/div>\n\n\n<p><\/p>\n\n\n\n<p>Los&nbsp;<strong>medios brit\u00e1nicos<\/strong>&nbsp;se hicieron<strong>&nbsp;eco de la Cadena Nacional<\/strong>&nbsp;en la que el presidente&nbsp;<strong>Javier&nbsp;Milei&nbsp;se refiri\u00f3 a las Islas Malvinas<\/strong>&nbsp;y&nbsp;coincidieron en destacar que apunt\u00f3 contra las empresas petroleras que se disponen a extraer petr\u00f3leo en ese territorio.<\/p>\n\n\n\n<p>\u201cEl l\u00edder argentino afirma que las empresas petroleras que operan en las islas Malvinas se enfrentan a sanciones\u201d,\u00a0titul\u00f3 BBC, que introdujo al tema afirmando que<strong>\u00a0<\/strong>\u201cMilei ha intensificado las tensiones con el Reino Unido por las Islas Malvinas\u201d.<\/p>\n\n\n\n<p>\u201cEn un discurso a la naci\u00f3n, Milei afirm\u00f3 que los vientos de cambio favorec\u00edan la reivindicaci\u00f3n argentina sobre las islas, envalentonada por las se\u00f1ales de que Estados Unidos podr\u00eda reconsiderar su postura de neutralidad sobre el tema\u201d,\u00a0 sigue la cadena brit\u00e1nica.<\/p>\n\n\n\n<figure class=\"wp-block-image\"><img decoding=\"async\" src=\"https:\/\/www.elsol.com.ar\/wp-content\/uploads\/2026\/09\/360-3.avif\" alt=\"\" class=\"wp-image-2255037\"\/><figcaption class=\"wp-element-caption\">BBC.<\/figcaption><\/figure>\n\n\n\n<p>A lo largo del art\u00edculo,<strong>\u00a0<\/strong>la BBC desgrana el discurso del mandatario argentino y finalmente informa que<strong>\u00a0\u201cest\u00e1 solicitando comentarios del gobierno brit\u00e1nico sobre la declaraci\u00f3n de Milei\u201d.<\/strong><\/p>\n\n\n\n<p>Otro medio, The Telegraph, anunci\u00f3 que\u00a0la\u00a0\u201cArgentina impondr\u00e1 sanciones a las perforaciones petroleras en las costas de las Malvinas\u201d.<\/p>\n\n\n\n<p>Tambi\u00e9n destac\u00f3 que&nbsp;<strong>Milei se refiri\u00f3 a la&nbsp;<em>\u201ccrisis\u201d<\/em>&nbsp;econ\u00f3mica y migratoria de Gran Breta\u00f1a, como punto favorable para la reivindicaci\u00f3n argentina sobre las islas.<\/strong><\/p>\n\n\n<div class=\"wp-block-image\">\n<figure class=\"aligncenter\"><img decoding=\"async\" src=\"https:\/\/www.elsol.com.ar\/wp-content\/uploads\/2026\/09\/540-1.avif\" alt=\"\" class=\"wp-image-2255039\"\/><\/figure><\/div>\n\n\n<p><\/p>\n\n\n\n<p>Subray\u00f3 que<strong>\u00a0las palabras de Milei\u00a0<\/strong>\u201camenazan\u201d\u00a0con una disputa con (Andy) Burnham, primer ministro brit\u00e1nico.<\/p>\n\n\n\n<p>The Mirror, tambi\u00e9n, se hizo eco del mensaje por cadena nacional del Presidente y puso el foco en la reafirmaci\u00f3n de los derechos soberanos argentinos sobre el territorio insular. Adem\u00e1s, remarco las posibles directas sobre la regi\u00f3n.<\/p>\n\n\n\n<p>En su cobertura, titul\u00f3\u00a0\u201cJavier Milei declara que \u2018las Malvinas son argentinas\u201d\u00a0y detall\u00f3 que el jefe de Estado anticip\u00f3 un paquete de sanciones econ\u00f3micas y administrativas dirigidas a condicionar el funcionamiento del enclave y el desenvolvimiento de quienes residen y operan comercialmente en el archipi\u00e9lago.<\/p>\n\n\n<div class=\"wp-block-image\">\n<figure class=\"aligncenter\"><img decoding=\"async\" src=\"https:\/\/www.elsol.com.ar\/wp-content\/uploads\/2026\/09\/360-4.avif\" alt=\"\" class=\"wp-image-2255040\"\/><\/figure><\/div>\n\n\n<p><\/p>\n\n\n\n<p>Asimismo, durante la nota, el medio ubicado en Londres hizo hincapi\u00e9 en la posible reuni\u00f3n entre los mandatarios del Reino Unido y de Estados Unidos:\u00a0\u201cSe espera que Trump y Burnham se re\u00fanan por primera vez en la Asamblea General de la ONU dentro de unas semanas, y lo que est\u00e1 en juego no es insignificante\u201d.<\/p>\n\n\n\n<p>En cuanto al portal\u00a0Daily Mail,\u00a0hizo \u00e9nfasis en que la Argentina volvi\u00f3 a intentar conquistar las Malvinas porque el Partido Laborista es\u00a0\u201cd\u00e9bil\u201d.<\/p>\n\n\n<div class=\"wp-block-image\">\n<figure class=\"aligncenter\"><img decoding=\"async\" src=\"https:\/\/i0.wp.com\/www.elsol.com.ar\/wp-content\/uploads\/2026\/09\/javier-milei.png?resize=780%2C436&amp;ssl=1\" alt=\"\" class=\"wp-image-2255044\"\/><\/figure><\/div>","protected":false},"excerpt":{"rendered":"<p>La BBC, The Telegraph y Mirror son algunos de los medios que se hicieron eco de la cadena nacional en la que el presidente argentino habl\u00f3 de las Islas. Los&nbsp;medios brit\u00e1nicos&nbsp;se hicieron&nbsp;eco de la Cadena Nacional&nbsp;en la que el presidente&nbsp;Javier&nbsp;Milei&nbsp;se refiri\u00f3 a las Islas Malvinas&nbsp;y&nbsp;coincidieron en destacar que apunt\u00f3 contra las empresas petroleras que se [&hellip;]<\/p>\n","protected":false},"author":5,"featured_media":446980,"comment_status":"open","ping_status":"open","sticky":false,"template":"","format":"standard","meta":{"_stopmodifiedupdate":false,"_modified_date":"","inline_featured_image":false},"categories":[6],"tags":[],"jetpack_featured_media_url":"https:\/\/notinor.com\/jujuy\/wp-content\/uploads\/2026\/09\/MILEI-2.jpg","_links":{"self":[{"href":"https:\/\/notinor.com\/jujuy\/wp-json\/wp\/v2\/posts\/446979"}],"collection":[{"href":"https:\/\/notinor.com\/jujuy\/wp-json\/wp\/v2\/posts"}],"about":[{"href":"https:\/\/notinor.com\/jujuy\/wp-json\/wp\/v2\/types\/post"}],"author":[{"embeddable":true,"href":"https:\/\/notinor.com\/jujuy\/wp-json\/wp\/v2\/users\/5"}],"replies":[{"embeddable":true,"href":"https:\/\/notinor.com\/jujuy\/wp-json\/wp\/v2\/comments?post=446979"}],"version-history":[{"count":1,"href":"https:\/\/notinor.com\/jujuy\/wp-json\/wp\/v2\/posts\/446979\/revisions"}],"predecessor-version":[{"id":446981,"href":"https:\/\/notinor.com\/jujuy\/wp-json\/wp\/v2\/posts\/446979\/revisions\/446981"}],"wp:featuredmedia":[{"embeddable":true,"href":"https:\/\/notinor.com\/jujuy\/wp-json\/wp\/v2\/media\/446980"}],"wp:attachment":[{"href":"https:\/\/notinor.com\/jujuy\/wp-json\/wp\/v2\/media?parent=446979"}],"wp:term":[{"taxonomy":"category","embeddable":true,"href":"https:\/\/notinor.com\/jujuy\/wp-json\/wp\/v2\/categories?post=446979"},{"taxonomy":"post_tag","embeddable":true,"href":"https:\/\/notinor.com\/jujuy\/wp-json\/wp\/v2\/tags?post=446979"}],"curies":[{"name":"wp","href":"https:\/\/api.w.org\/{rel}","templated":true}]}}