{"id":446958,"date":"2026-09-03T23:55:00","date_gmt":"2026-09-04T02:55:00","guid":{"rendered":"https:\/\/notinor.com\/jujuy\/?p=446958"},"modified":"2026-09-03T11:55:55","modified_gmt":"2026-09-03T11:55:55","slug":"exitosa-jornada-de-capacitacion-en-barberia","status":"publish","type":"post","link":"https:\/\/notinor.com\/jujuy\/exitosa-jornada-de-capacitacion-en-barberia\/","title":{"rendered":"Exitosa jornada de capacitaci\u00f3n en Barber\u00eda \u00a0"},"content":{"rendered":"\n<p class=\"has-medium-font-size\"><strong><em>El Multiestacio El Alto fue el punto de encuentro de m\u00e1s 140 barberos de la ciudad quienes se reunieron en una jornada de capacitaci\u00f3n a cargo de Alexis Reyes quien es barbero, influencer y creador de sistemas de formaci\u00f3n profesional en Argentina. Simult\u00e1neamente los participantes colaboraron con alimentos no precederos que ser\u00e1n repartidos con fines ben\u00e9ficos.<\/em><\/strong><\/p>\n\n\n<div class=\"wp-block-image\">\n<figure class=\"aligncenter\"><img decoding=\"async\" src=\"https:\/\/www.sansalvadordejujuy.gob.ar\/wp-content\/uploads\/2026\/09\/Barberos-1-1024x744.jpg\" alt=\"\" class=\"wp-image-110197\"\/><\/figure><\/div>\n\n\n<p><\/p>\n\n\n\n<p>En este marco, Alexis Reyes, manifest\u00f3 que el objetivo de la jornada solidaria fue convocar a la comunidad de barberos para unirlos y que participen de una importante capacitaci\u00f3n, \u201clo importante de la jornada es poder brindarles una visi\u00f3n distinta de la industria de la barber\u00eda. En Argentina est\u00e1 considerada como uno de los mejores pa\u00edses del mundo en cuanto al nivel de barber\u00eda, tenemos mucho talento en el pa\u00eds y muchos de ellos no lo saben, por eso buscamos ayudarlos con la Municipalidad de San Salvador de Jujuy, conocer lo que hacen y apoyarlos\u201d.<\/p>\n\n\n<div class=\"wp-block-image\">\n<figure class=\"aligncenter\"><img decoding=\"async\" src=\"https:\/\/www.sansalvadordejujuy.gob.ar\/wp-content\/uploads\/2026\/09\/barbero-8-1024x714.jpg\" alt=\"\" class=\"wp-image-110196\"\/><\/figure><\/div>\n\n\n<p><\/p>\n\n\n\n<p>Seguidamente, Alexis Reyes, detall\u00f3 que participaron m\u00e1s 140 barberos independientes donde pudieron intercambiar conocimientos y experiencias, \u201cesta capacitaci\u00f3n tuvo dos partes, la primera a la ma\u00f1ana fue una jornada de capacitaci\u00f3n totalmente gratuita y por la tarde estamos cortando de forma solidaria a los j\u00f3venes del barrio y simult\u00e1neamente juntamos alimentos no precederos\u201d.<\/p>\n\n\n<div class=\"wp-block-image\">\n<figure class=\"aligncenter\"><img decoding=\"async\" src=\"https:\/\/www.sansalvadordejujuy.gob.ar\/wp-content\/uploads\/2026\/09\/barbero-4-1024x740.jpg\" alt=\"\" class=\"wp-image-110193\"\/><\/figure><\/div>\n\n\n<p><\/p>\n\n\n\n<p>Por su parte, Ivone Cortez, organizadora del evento solidario, expres\u00f3 su satisfacci\u00f3n por la organizaci\u00f3n y la gran participaci\u00f3n de barberos y vecinos del sector, \u201ctodos los participantes se auto convocaron por las redes vinieron chicos de todas las edades y de los distintos establecimientos de Alto Comedero, adem\u00e1s tenemos previsto continuar con estas actividades que son educativas y simult\u00e1neamente solidarias\u201d.<\/p>\n\n\n<div class=\"wp-block-image\">\n<figure class=\"aligncenter\"><img decoding=\"async\" src=\"https:\/\/www.sansalvadordejujuy.gob.ar\/wp-content\/uploads\/2026\/09\/barbero-3-1024x1017.jpg\" alt=\"\" class=\"wp-image-110192\"\/><\/figure><\/div>\n\n\n<p><\/p>\n\n\n\n<p><strong>Nota audiovisual:<\/strong>&nbsp;<a href=\"https:\/\/youtu.be\/c2PzwOwzd10\">https:\/\/youtu.be\/c2PzwOwzd10<\/a><\/p>\n","protected":false},"excerpt":{"rendered":"<p>El Multiestacio El Alto fue el punto de encuentro de m\u00e1s 140 barberos de la ciudad quienes se reunieron en una jornada de capacitaci\u00f3n a cargo de Alexis Reyes quien es barbero, influencer y creador de sistemas de formaci\u00f3n profesional en Argentina. Simult\u00e1neamente los participantes colaboraron con alimentos no precederos que ser\u00e1n repartidos con fines [&hellip;]<\/p>\n","protected":false},"author":5,"featured_media":446959,"comment_status":"open","ping_status":"open","sticky":false,"template":"","format":"standard","meta":{"_stopmodifiedupdate":false,"_modified_date":"","inline_featured_image":false},"categories":[514],"tags":[],"jetpack_featured_media_url":"https:\/\/notinor.com\/jujuy\/wp-content\/uploads\/2026\/09\/BARBERIA.jpg","_links":{"self":[{"href":"https:\/\/notinor.com\/jujuy\/wp-json\/wp\/v2\/posts\/446958"}],"collection":[{"href":"https:\/\/notinor.com\/jujuy\/wp-json\/wp\/v2\/posts"}],"about":[{"href":"https:\/\/notinor.com\/jujuy\/wp-json\/wp\/v2\/types\/post"}],"author":[{"embeddable":true,"href":"https:\/\/notinor.com\/jujuy\/wp-json\/wp\/v2\/users\/5"}],"replies":[{"embeddable":true,"href":"https:\/\/notinor.com\/jujuy\/wp-json\/wp\/v2\/comments?post=446958"}],"version-history":[{"count":1,"href":"https:\/\/notinor.com\/jujuy\/wp-json\/wp\/v2\/posts\/446958\/revisions"}],"predecessor-version":[{"id":446960,"href":"https:\/\/notinor.com\/jujuy\/wp-json\/wp\/v2\/posts\/446958\/revisions\/446960"}],"wp:featuredmedia":[{"embeddable":true,"href":"https:\/\/notinor.com\/jujuy\/wp-json\/wp\/v2\/media\/446959"}],"wp:attachment":[{"href":"https:\/\/notinor.com\/jujuy\/wp-json\/wp\/v2\/media?parent=446958"}],"wp:term":[{"taxonomy":"category","embeddable":true,"href":"https:\/\/notinor.com\/jujuy\/wp-json\/wp\/v2\/categories?post=446958"},{"taxonomy":"post_tag","embeddable":true,"href":"https:\/\/notinor.com\/jujuy\/wp-json\/wp\/v2\/tags?post=446958"}],"curies":[{"name":"wp","href":"https:\/\/api.w.org\/{rel}","templated":true}]}}