{"id":446953,"date":"2026-09-03T23:22:00","date_gmt":"2026-09-04T02:22:00","guid":{"rendered":"https:\/\/notinor.com\/jujuy\/?p=446953"},"modified":"2026-09-03T11:22:38","modified_gmt":"2026-09-03T11:22:38","slug":"el-concejo-deliberante-estudiantil-abordo-tematicas-comunitarias-como-redes-que-sanan-ambiente-y-salud-mental","status":"publish","type":"post","link":"https:\/\/notinor.com\/jujuy\/el-concejo-deliberante-estudiantil-abordo-tematicas-comunitarias-como-redes-que-sanan-ambiente-y-salud-mental\/","title":{"rendered":"El Concejo Deliberante Estudiantil abord\u00f3 tem\u00e1ticas comunitarias como redes que sanan, ambiente y salud mental"},"content":{"rendered":"\n<p class=\"has-medium-font-size\"><strong><em>En una nueva jornada del Concejo Deliberante Estudiantil, realizada en el Colegio Santa Teresita, los estudiantes de 30 colegios secundarios participaron de un 2do. encuentro, con la finalidad de profundizar conocimientos y adquirir herramientas para la elaboraci\u00f3n de sus proyectos. Los j\u00f3venes ediles, contaron con el asesoramiento de docentes, equipos t\u00e9cnicos y profesionales del municipio, para compartir informaci\u00f3n en temas de inter\u00e9s comunitario.<\/em><\/strong><\/p>\n\n\n<div class=\"wp-block-image\">\n<figure class=\"aligncenter\"><img decoding=\"async\" src=\"https:\/\/www.sansalvadordejujuy.gob.ar\/wp-content\/uploads\/2026\/09\/Cierre-congreso-juventud-en-Santa-Teresita-Prensa-Muni-Jujuy4-1024x646.jpg\" alt=\"\" class=\"wp-image-110290\"\/><\/figure><\/div>\n\n\n<p><\/p>\n\n\n\n<p>Participando de la actividad, el secretario de Desarrollo Humano, <strong>Gustavo Muro<\/strong>, destac\u00f3 la importancia del encuentro del Concejo Deliberante Estudiantil, \u201cya que es una iniciativa que busca acercar a los j\u00f3venes al funcionamiento de las instituciones y promover su participaci\u00f3n en temas de inter\u00e9s comunitario\u201d.<\/p>\n\n\n\n<p>En este contexto, Muro, resalt\u00f3 la participaci\u00f3n de m\u00e1s de 30 colegios y la incorporaci\u00f3n de los docentes como parte de las din\u00e1micas de trabajo que se desarrollan en este a\u00f1o. Y se\u00f1al\u00f3, \u201cmediante actividades l\u00fadicas y grupales, junto a distintas \u00e1reas del municipio y la secretar\u00eda, los estudiantes conocen el funcionamiento del Estado municipal, el Departamento Ejecutivo y el Concejo Deliberante, al tiempo que abordan distintas problem\u00e1ticas de la comunidad, entre ellas ambiente, salud mental y otras tem\u00e1ticas vinculadas a las juventudes\u201d.<\/p>\n\n\n<div class=\"wp-block-image\">\n<figure class=\"aligncenter\"><img decoding=\"async\" src=\"https:\/\/www.sansalvadordejujuy.gob.ar\/wp-content\/uploads\/2026\/09\/Cierre-congreso-juventud-en-Santa-Teresita-Prensa-Muni-Jujuy3-1024x659.jpg\" alt=\"\" class=\"wp-image-110291\"\/><\/figure><\/div>\n\n\n<p>Asimismo, agradeci\u00f3 al Colegio Santa Teresita por brindar sus instalaciones y record\u00f3 que la propuesta comenz\u00f3 semanas atr\u00e1s en el Multiespacio de Chijra. En este encuentro se comenzaron a compartir las primeras conclusiones y producciones elaboradas por los estudiantes, junto al equipo municipal, incorporando tambi\u00e9n la mirada de los docentes.<\/p>\n\n\n\n<p>Luego la coordinadora de Pol\u00edticas de Juventud, <strong>Flavia Lara<\/strong>, hizo referencia a la continuidad del CDE en su 33\u00aa edici\u00f3n que desarroll\u00f3 la segunda jornada de abordaje tem\u00e1tico de las siete comisiones que integran el programa.<\/p>\n\n\n<div class=\"wp-block-image\">\n<figure class=\"aligncenter\"><img decoding=\"async\" src=\"https:\/\/www.sansalvadordejujuy.gob.ar\/wp-content\/uploads\/2026\/09\/Cierre-congreso-juventud-en-Santa-Teresita-Prensa-Muni-Jujuy6-1024x702.jpg\" alt=\"\" class=\"wp-image-110292\"\/><\/figure><\/div>\n\n\n<p><\/p>\n\n\n\n<p>Lara explic\u00f3, \u201cdurante el primer encuentro de apertura los estudiantes tuvieron sus primeros conocimientos y experiencias, a los ejes de trabajo mediante din\u00e1micas grupales y corporales, mientras que en esta nueva jornada se busca profundizar los conocimientos y brindarles herramientas para la elaboraci\u00f3n de sus proyectos\u201d<\/p>\n\n\n\n<p>En este proceso, \u201cparticipan funcionarios, equipos t\u00e9cnicos y profesionales del municipio, quienes compartieron con los estudiantes informaci\u00f3n sobre los programas y las pol\u00edticas p\u00fablicas que se desarrollan en las distintas \u00e1reas\u201d.<\/p>\n\n\n\n<p>Entre las tem\u00e1ticas que se abordan se encuentran discapacidad, salud integral, salud mental, accesibilidad, espacio p\u00fablico y ambiente, entre otras. \u201cLa idea es que ellos tambi\u00e9n puedan aportar a mejorar cada uno de esos espacios, haci\u00e9ndose propios, siendo parte de una comunidad y generando un sentido de pertenencia\u201d, sostuvo Lara.<\/p>\n\n\n<div class=\"wp-block-image\">\n<figure class=\"aligncenter\"><img decoding=\"async\" src=\"https:\/\/www.sansalvadordejujuy.gob.ar\/wp-content\/uploads\/2026\/09\/Cierre-congreso-juventud-en-Santa-Teresita-Prensa-Muni-Jujuy5-1024x597.jpg\" alt=\"\" class=\"wp-image-110293\"\/><\/figure><\/div>\n\n\n<p><\/p>\n\n\n\n<p>En este sentido, <strong>Victoria Orquera<\/strong>, secretaria administrativa y representante del Colegio Santa Teresita, y <strong>Melanie Joana Balvin<\/strong>, secretaria parlamentaria del Centro Polivalente de Arte, compartieron sus expectativas durante una nueva jornada y destacaron el entusiasmo y la participaci\u00f3n de los estudiantes, quienes presentaron sus propuestas y proyectos en las distintas comisiones.<\/p>\n\n\n\n<p>Al respecto dijeron, \u201ctenemos altas las expectativas porque vimos a los chicos muy interesados y proponiendo proyectos, con tem\u00e1ticas relacionadas con el uso de la tecnolog\u00eda, las redes que sanan, el ambiente y la salud mental\u201d.<\/p>\n\n\n\n<p>Para finalizar, remarcaron la necesidad de generar propuestas que permitan encontrar soluciones a las problem\u00e1ticas que atraviesan a la comunidad, \u201chay muchos problemas a los cuales queremos encontrarles soluciones y demostrar nuestra voz como j\u00f3venes que somos\u201d, expresaron las estudiantes.<\/p>\n\n\n\n<p><strong>Nota audiovisual:<\/strong>&nbsp;<a href=\"https:\/\/youtu.be\/Y09i8dZlxFo\">https:\/\/youtu.be\/Y09i8dZlxFo<\/a><\/p>\n","protected":false},"excerpt":{"rendered":"<p>En una nueva jornada del Concejo Deliberante Estudiantil, realizada en el Colegio Santa Teresita, los estudiantes de 30 colegios secundarios participaron de un 2do. encuentro, con la finalidad de profundizar conocimientos y adquirir herramientas para la elaboraci\u00f3n de sus proyectos. Los j\u00f3venes ediles, contaron con el asesoramiento de docentes, equipos t\u00e9cnicos y profesionales del municipio, [&hellip;]<\/p>\n","protected":false},"author":5,"featured_media":446954,"comment_status":"open","ping_status":"open","sticky":false,"template":"","format":"standard","meta":{"_stopmodifiedupdate":false,"_modified_date":"","inline_featured_image":false},"categories":[514],"tags":[],"jetpack_featured_media_url":"https:\/\/notinor.com\/jujuy\/wp-content\/uploads\/2026\/09\/ESTUDIANTIL.jpg","_links":{"self":[{"href":"https:\/\/notinor.com\/jujuy\/wp-json\/wp\/v2\/posts\/446953"}],"collection":[{"href":"https:\/\/notinor.com\/jujuy\/wp-json\/wp\/v2\/posts"}],"about":[{"href":"https:\/\/notinor.com\/jujuy\/wp-json\/wp\/v2\/types\/post"}],"author":[{"embeddable":true,"href":"https:\/\/notinor.com\/jujuy\/wp-json\/wp\/v2\/users\/5"}],"replies":[{"embeddable":true,"href":"https:\/\/notinor.com\/jujuy\/wp-json\/wp\/v2\/comments?post=446953"}],"version-history":[{"count":3,"href":"https:\/\/notinor.com\/jujuy\/wp-json\/wp\/v2\/posts\/446953\/revisions"}],"predecessor-version":[{"id":446957,"href":"https:\/\/notinor.com\/jujuy\/wp-json\/wp\/v2\/posts\/446953\/revisions\/446957"}],"wp:featuredmedia":[{"embeddable":true,"href":"https:\/\/notinor.com\/jujuy\/wp-json\/wp\/v2\/media\/446954"}],"wp:attachment":[{"href":"https:\/\/notinor.com\/jujuy\/wp-json\/wp\/v2\/media?parent=446953"}],"wp:term":[{"taxonomy":"category","embeddable":true,"href":"https:\/\/notinor.com\/jujuy\/wp-json\/wp\/v2\/categories?post=446953"},{"taxonomy":"post_tag","embeddable":true,"href":"https:\/\/notinor.com\/jujuy\/wp-json\/wp\/v2\/tags?post=446953"}],"curies":[{"name":"wp","href":"https:\/\/api.w.org\/{rel}","templated":true}]}}