{"id":446950,"date":"2026-09-03T23:09:00","date_gmt":"2026-09-04T02:09:00","guid":{"rendered":"https:\/\/notinor.com\/jujuy\/?p=446950"},"modified":"2026-09-03T11:09:17","modified_gmt":"2026-09-03T11:09:17","slug":"reunion-organizativa-para-reforzar-la-seguridad-y-la-prevencion-durante-la-eleccion-representante-capital","status":"publish","type":"post","link":"https:\/\/notinor.com\/jujuy\/reunion-organizativa-para-reforzar-la-seguridad-y-la-prevencion-durante-la-eleccion-representante-capital\/","title":{"rendered":"Reuni\u00f3n organizativa para reforzar la seguridad y la prevenci\u00f3n durante la Elecci\u00f3n Representante Capital"},"content":{"rendered":"\n<p class=\"has-medium-font-size\"><strong><em>Con el objetivo de garantizar un evento seguro y ordenado, se llev\u00f3 a cabo una reuni\u00f3n organizativa previa a la Elecci\u00f3n Representante Capital, que se realizar\u00e1 el pr\u00f3ximo 13 de septiembre y contar\u00e1 con la participaci\u00f3n de 59 j\u00f3venes estudiantes. Del encuentro participaron representantes de Defensa Civil, Polic\u00eda de Jujuy, Bomberos, SAME y organismos que trabajar\u00e1n en la prevenci\u00f3n y seguridad de este tradicional evento estudiantil.<\/em><\/strong><\/p>\n\n\n<div class=\"wp-block-image\">\n<figure class=\"aligncenter\"><img decoding=\"async\" src=\"https:\/\/www.sansalvadordejujuy.gob.ar\/wp-content\/uploads\/2026\/09\/REUNION-DE-REINA-CAPITAL-2-1024x472.jpg\" alt=\"\" class=\"wp-image-110138\"\/><\/figure><\/div>\n\n\n<p><\/p>\n\n\n\n<p>Durante la reuni\u00f3n realizada en el Ejecutivo Municipal, la coordinadora de Eventos y Espect\u00e1culos <strong>\u201cKitty\u201d Conde<\/strong>, destac\u00f3 la importancia del encuentro con la participaci\u00f3n de representantes de las \u00e1reas de Defensa Civil, Polic\u00eda de Jujuy, Bomberos, SAME y organismos que trabajan en la prevenci\u00f3n y seguridad de este tradicional evento estudiantil, como la Elecci\u00f3n Capital\u201d.<\/p>\n\n\n\n<p>En el encuentro, explic\u00f3 Conde, se present\u00f3 el esquema previsto para el armado de la carpa y el escenario, los accesos y egresos, la ubicaci\u00f3n de las sillas, el ingreso de familiares y de las hinchadas.<\/p>\n\n\n<div class=\"wp-block-image\">\n<figure class=\"aligncenter\"><img decoding=\"async\" src=\"https:\/\/www.sansalvadordejujuy.gob.ar\/wp-content\/uploads\/2026\/09\/REUNION-DE-REINA-CAPITAL-1-1024x345.jpg\" alt=\"\" class=\"wp-image-110139\"\/><\/figure><\/div>\n\n\n<p><\/p>\n\n\n\n<p>Y a\u00f1adi\u00f3 tambi\u00e9n, \u201clos protocolos de evacuaci\u00f3n ante eventuales situaciones de emergencia y se contemplaron aspectos relacionados con las condiciones clim\u00e1ticas y la contenci\u00f3n de los adolescentes que asistir\u00e1n, para tener la seguridad de que sea una Elecci\u00f3n tranquila y se pueda disfrutar sin inconvenientes\u201d.<\/p>\n\n\n\n<p>Entre los presentes en la reuni\u00f3n,<strong> Ariel Mamani<\/strong>, director Gral. de Emergencia y Protecci\u00f3n Civil de la Provincia de Jujuy, resalt\u00f3 el trabajo articulado entre las distintas instituciones para garantizar que la Elecci\u00f3n Reina Capital se desarrolle dentro de los par\u00e1metros de seguridad y prevenci\u00f3n.<\/p>\n\n\n<div class=\"wp-block-image\">\n<figure class=\"aligncenter\"><img decoding=\"async\" src=\"https:\/\/www.sansalvadordejujuy.gob.ar\/wp-content\/uploads\/2026\/09\/REUNION-DE-REINA-CAPITAL-3-1024x480.jpg\" alt=\"\" class=\"wp-image-110140\"\/><\/figure><\/div>\n\n\n<p><\/p>\n\n\n\n<p>Al respecto, afirm\u00f3, \u201ces un evento muy especial para nuestra provincia y capital y queremos que se desarrolle en ese marco dentro de los par\u00e1metros normales\u201d, y se\u00f1al\u00f3, \u201ctambi\u00e9n se convocar\u00e1 a estudiantes del IUP para colaborar con las tareas de contenci\u00f3n de los j\u00f3venes, teniendo en cuenta la experiencia que a\u00f1o atr\u00e1s a\u00f1o vamos adquiriendo\u201d. &nbsp;<\/p>\n\n\n\n<p>Finalmente sostuvo Maman\u00ed, \u201csiempre hay cosas que mejorar y \u00e9sta es la forma, reuni\u00e9ndonos hasta la fecha del evento, con el prop\u00f3sito de anticiparse a posibles situaciones y fortalecer las medidas de prevenci\u00f3n para que el evento estudiantil se disfrute de manera tranquila y segura por los estudiantes, las familias y el p\u00fablico en general\u201d.<\/p>\n\n\n\n<p><strong>Nota audiovisual:<\/strong>&nbsp;<a href=\"https:\/\/youtu.be\/BrXGkCx6kr0\">https:\/\/youtu.be\/BrXGkCx6kr0<\/a><\/p>\n","protected":false},"excerpt":{"rendered":"<p>Con el objetivo de garantizar un evento seguro y ordenado, se llev\u00f3 a cabo una reuni\u00f3n organizativa previa a la Elecci\u00f3n Representante Capital, que se realizar\u00e1 el pr\u00f3ximo 13 de septiembre y contar\u00e1 con la participaci\u00f3n de 59 j\u00f3venes estudiantes. Del encuentro participaron representantes de Defensa Civil, Polic\u00eda de Jujuy, Bomberos, SAME y organismos que [&hellip;]<\/p>\n","protected":false},"author":5,"featured_media":446951,"comment_status":"open","ping_status":"open","sticky":false,"template":"","format":"standard","meta":{"_stopmodifiedupdate":false,"_modified_date":"","inline_featured_image":false},"categories":[594,13],"tags":[],"jetpack_featured_media_url":"https:\/\/notinor.com\/jujuy\/wp-content\/uploads\/2026\/09\/FNE-2.jpg","_links":{"self":[{"href":"https:\/\/notinor.com\/jujuy\/wp-json\/wp\/v2\/posts\/446950"}],"collection":[{"href":"https:\/\/notinor.com\/jujuy\/wp-json\/wp\/v2\/posts"}],"about":[{"href":"https:\/\/notinor.com\/jujuy\/wp-json\/wp\/v2\/types\/post"}],"author":[{"embeddable":true,"href":"https:\/\/notinor.com\/jujuy\/wp-json\/wp\/v2\/users\/5"}],"replies":[{"embeddable":true,"href":"https:\/\/notinor.com\/jujuy\/wp-json\/wp\/v2\/comments?post=446950"}],"version-history":[{"count":1,"href":"https:\/\/notinor.com\/jujuy\/wp-json\/wp\/v2\/posts\/446950\/revisions"}],"predecessor-version":[{"id":446952,"href":"https:\/\/notinor.com\/jujuy\/wp-json\/wp\/v2\/posts\/446950\/revisions\/446952"}],"wp:featuredmedia":[{"embeddable":true,"href":"https:\/\/notinor.com\/jujuy\/wp-json\/wp\/v2\/media\/446951"}],"wp:attachment":[{"href":"https:\/\/notinor.com\/jujuy\/wp-json\/wp\/v2\/media?parent=446950"}],"wp:term":[{"taxonomy":"category","embeddable":true,"href":"https:\/\/notinor.com\/jujuy\/wp-json\/wp\/v2\/categories?post=446950"},{"taxonomy":"post_tag","embeddable":true,"href":"https:\/\/notinor.com\/jujuy\/wp-json\/wp\/v2\/tags?post=446950"}],"curies":[{"name":"wp","href":"https:\/\/api.w.org\/{rel}","templated":true}]}}