{"id":446947,"date":"2026-09-03T22:26:00","date_gmt":"2026-09-04T01:26:00","guid":{"rendered":"https:\/\/notinor.com\/jujuy\/?p=446947"},"modified":"2026-09-04T11:05:08","modified_gmt":"2026-09-04T14:05:08","slug":"el-intendente-jorge-recibio-al-grupo-desafio-que-representara-a-jujuy-en-un-encuentro-nacional-de-teatro","status":"publish","type":"post","link":"https:\/\/notinor.com\/jujuy\/el-intendente-jorge-recibio-al-grupo-desafio-que-representara-a-jujuy-en-un-encuentro-nacional-de-teatro\/","title":{"rendered":"El intendente Jorge recibi\u00f3 al grupo \u201cDesaf\u00edo\u201d, que representar\u00e1 a Jujuy en un encuentro nacional de teatro"},"content":{"rendered":"\n<p class=\"has-medium-font-size\"><strong><em>El grupo de teatro de adultos mayores \u201cDesaf\u00edo\u201d, que funciona en el NIDO Cuyaya, viajar\u00e1 a San Jos\u00e9, Entre R\u00edos, para participar de un encuentro nacional junto a elencos de distintos puntos del pa\u00eds. El intendente Ra\u00fal \u201cChuli\u201d Jorge recibi\u00f3 a sus integrantes y destac\u00f3 el trabajo cultural que llevan adelante, brindando su acompa\u00f1amiento para concretar este importante viaje en representaci\u00f3n de la provincia.<\/em><\/strong><\/p>\n\n\n<div class=\"wp-block-image\">\n<figure class=\"aligncenter\"><img decoding=\"async\" src=\"https:\/\/www.sansalvadordejujuy.gob.ar\/wp-content\/uploads\/2026\/09\/grupo-de-teatro3-1024x589.jpg\" alt=\"\" class=\"wp-image-110160\"\/><\/figure><\/div>\n\n\n<p><\/p>\n\n\n\n<p>Durante el encuentro, el intendente Jorge puso en valor la trayectoria y el compromiso del grupo,\u201deste grupo que conduce el profesor Romano, a trav\u00e9s del NIDO de Cuyaya, con Pedro Sato, que est\u00e1 haciendo un gran trabajo all\u00ed, consigui\u00f3 poder participar en un gran evento a nivel nacional. Nos van a representar con todo un trabajo muy interesante, ya han hecho salas en el Cine Teatro Municipal Select, y est\u00e1n muy entusiasmados porque van a ir representaciones de todo el pa\u00eds\u201d, expres\u00f3.<\/p>\n\n\n\n<p>En este sentido, <strong>Pedro Sato<\/strong>, director de Culto a cargo del NIDO Cuyaya, explic\u00f3 que la iniciativa surgi\u00f3 como una propuesta para integrar los espacios municipales con distintas expresiones culturales y destac\u00f3 el crecimiento alcanzado por el grupo, \u201ceste grupo de teatro ya tiene un tiempo de trayectoria trabajando con adultos mayores, ha sido una propuesta que trajo Germ\u00e1n Romano, junto con la Direcci\u00f3n de Adultos Mayores, para utilizar los espacios municipales, justamente, para integrar distintos espacios culturales, distintos grupos culturales\u201d, se\u00f1al\u00f3.<\/p>\n\n\n<div class=\"wp-block-image\">\n<figure class=\"aligncenter\"><img decoding=\"async\" src=\"https:\/\/www.sansalvadordejujuy.gob.ar\/wp-content\/uploads\/2026\/09\/grupo-de-teatro2-1024x642.jpg\" alt=\"\" class=\"wp-image-110162\"\/><\/figure><\/div>\n\n\n<p><\/p>\n\n\n\n<p>Sato destac\u00f3 especialmente la propuesta art\u00edstica de \u201cDesaf\u00edo\u201d, que logr\u00f3 estrenar una obra que combina emoci\u00f3n y un fuerte mensaje social, \u201c\u2018Desaf\u00edo\u2019 es un grupo que ha logrado ya estrenar una obra brillante, una obra cargada de emoci\u00f3n, cargada de mensajes muy fuertes hacia la comunidad, sobre lo que tiene que ver los adultos mayores y c\u00f3mo la sociedad los trata, y lo que ellos, en realidad, tienen para ofrecer\u201d, sostuvo.<\/p>\n\n\n\n<p>Asimismo, remarc\u00f3 la importancia de que el grupo pueda viajar y representar a la ciudad y a la provincia, \u201cla posibilidad de que puedan viajar, hace que la ciudad tenga una representaci\u00f3n muy importante, porque no solamente est\u00e1 yendo a un grupo de teatro, est\u00e1 yendo a un grupo humano que ha demostrado capacidad de resiliencia, de organizaci\u00f3n y de demostrar que los adultos mayores, lo \u00fanico que no tienen que hacer es jubilarse de la vida, es seguir trabajando y haciendo lo que ellos hacen\u201d, afirm\u00f3.<\/p>\n\n\n\n<p>Por su parte, <strong>Germ\u00e1n Romano<\/strong>, director del Grupo de Adultos Mayores \u201cDesaf\u00edo\u201d, record\u00f3 que el elenco tiene sus or\u00edgenes en un proyecto iniciado en el Centro Cultural \u00c9xodo Juje\u00f1o, \u201ces un grupo de adultos mayores que ya tiene una continuidad desde un proyecto que empezamos en el Centro Cultural \u00c9xodo Juje\u00f1o, ahora estamos en nuestra nueva casa, el NIDO de Cuyaya. Estrenamos una obra que se llama \u2018La Rebeld\u00eda Juje\u00f1a no tiene edad\u2019, en comedia y en drama de la situaci\u00f3n que viven los adultos mayores, los geri\u00e1tricos, y las ganas de vivir, de salir, de revelarse a los sistemas que a veces les imponen por estar en una edad que a veces se cree que es como l\u00edmite, y todav\u00eda hay mucho para dar m\u00e1s en estas \u00e9pocas\u201d, explic\u00f3.<\/p>\n\n\n\n<p>La obra aborda diferentes situaciones vinculadas con la vida cotidiana de los adultos mayores, poniendo el foco en las soledades, los v\u00ednculos familiares y las dificultades que atraviesan, \u201cla obra tiene un mensaje muy profundo de lo que viven cotidianamente, en las soledades y las cuestiones familiares. Y ahora vamos al encuentro nacional en San Jos\u00e9 de Entre R\u00edos, con muchos elencos del pa\u00eds, a llevar nuestra experiencia. Somos el \u00fanico grupo del NOA que viaja, y la idea tambi\u00e9n es poder despu\u00e9s hacer algo ac\u00e1 tambi\u00e9n, alg\u00fan encuentro de adultos mayores para nuestra ciudad\u201d, destac\u00f3 Romano.<\/p>\n\n\n\n<p>El director tambi\u00e9n valor\u00f3 el entusiasmo de los integrantes frente a esta nueva experiencia y detall\u00f3 que ser\u00e1n 15 las personas que viajar\u00e1n para participar del encuentro nacional, \u201cviajamos 15, ellos est\u00e1n felices, con la recomendaci\u00f3n de vivir esta experiencia y estas ganas de divertirse, de aprender y demostrar nuestra realidad a trav\u00e9s del teatro, que es tan rico para la salud mental y para todo lo que tiene que ver con la vida\u201d, concluy\u00f3.<\/p>\n\n\n\n<p><strong>Nota audiovisual:<\/strong>&nbsp;<a href=\"https:\/\/youtu.be\/TkXG3UD-MFY\">https:\/\/youtu.be\/TkXG3UD-MFY<\/a><\/p>\n","protected":false},"excerpt":{"rendered":"<p>El grupo de teatro de adultos mayores \u201cDesaf\u00edo\u201d, que funciona en el NIDO Cuyaya, viajar\u00e1 a San Jos\u00e9, Entre R\u00edos, para participar de un encuentro nacional junto a elencos de distintos puntos del pa\u00eds. El intendente Ra\u00fal \u201cChuli\u201d Jorge recibi\u00f3 a sus integrantes y destac\u00f3 el trabajo cultural que llevan adelante, brindando su acompa\u00f1amiento para [&hellip;]<\/p>\n","protected":false},"author":5,"featured_media":446948,"comment_status":"open","ping_status":"open","sticky":false,"template":"","format":"standard","meta":{"_stopmodifiedupdate":false,"_modified_date":"","inline_featured_image":false},"categories":[13],"tags":[],"jetpack_featured_media_url":"https:\/\/notinor.com\/jujuy\/wp-content\/uploads\/2026\/09\/amigos.jpg","_links":{"self":[{"href":"https:\/\/notinor.com\/jujuy\/wp-json\/wp\/v2\/posts\/446947"}],"collection":[{"href":"https:\/\/notinor.com\/jujuy\/wp-json\/wp\/v2\/posts"}],"about":[{"href":"https:\/\/notinor.com\/jujuy\/wp-json\/wp\/v2\/types\/post"}],"author":[{"embeddable":true,"href":"https:\/\/notinor.com\/jujuy\/wp-json\/wp\/v2\/users\/5"}],"replies":[{"embeddable":true,"href":"https:\/\/notinor.com\/jujuy\/wp-json\/wp\/v2\/comments?post=446947"}],"version-history":[{"count":1,"href":"https:\/\/notinor.com\/jujuy\/wp-json\/wp\/v2\/posts\/446947\/revisions"}],"predecessor-version":[{"id":446949,"href":"https:\/\/notinor.com\/jujuy\/wp-json\/wp\/v2\/posts\/446947\/revisions\/446949"}],"wp:featuredmedia":[{"embeddable":true,"href":"https:\/\/notinor.com\/jujuy\/wp-json\/wp\/v2\/media\/446948"}],"wp:attachment":[{"href":"https:\/\/notinor.com\/jujuy\/wp-json\/wp\/v2\/media?parent=446947"}],"wp:term":[{"taxonomy":"category","embeddable":true,"href":"https:\/\/notinor.com\/jujuy\/wp-json\/wp\/v2\/categories?post=446947"},{"taxonomy":"post_tag","embeddable":true,"href":"https:\/\/notinor.com\/jujuy\/wp-json\/wp\/v2\/tags?post=446947"}],"curies":[{"name":"wp","href":"https:\/\/api.w.org\/{rel}","templated":true}]}}