{"id":446944,"date":"2026-09-03T22:08:00","date_gmt":"2026-09-04T01:08:00","guid":{"rendered":"https:\/\/notinor.com\/jujuy\/?p=446944"},"modified":"2026-09-03T10:08:50","modified_gmt":"2026-09-03T10:08:50","slug":"el-centro-de-formacion-profesional-municipal-n1-celebro-su-4to-aniversario-con-nuevas-propuestas-de-capacitacion","status":"publish","type":"post","link":"https:\/\/notinor.com\/jujuy\/el-centro-de-formacion-profesional-municipal-n1-celebro-su-4to-aniversario-con-nuevas-propuestas-de-capacitacion\/","title":{"rendered":"El Centro de Formaci\u00f3n Profesional Municipal N\u00b01 celebr\u00f3 su 4to. aniversario con nuevas propuestas de capacitaci\u00f3n"},"content":{"rendered":"\n<p class=\"has-medium-font-size\"><strong><em>El intendente Municipal, Ra\u00fal \u201cChuli\u201d Jorge particip\u00f3, junto a autoridades de su gabinete, del acto por el 4\u00ba aniversario del Centro de Formaci\u00f3n Profesional Municipal N\u00b01 de Alto Comedero; una propuesta educativa que brinda herramientas y capacitaci\u00f3n en oficios a vecinos de distintas edades, fortaleciendo las posibilidades de inserci\u00f3n laboral.<\/em><\/strong><\/p>\n\n\n<div class=\"wp-block-image\">\n<figure class=\"aligncenter\"><img decoding=\"async\" src=\"https:\/\/www.sansalvadordejujuy.gob.ar\/wp-content\/uploads\/2026\/09\/AniversarioCFP-PrensaMuniJujuy-07-1024x683.jpg\" alt=\"\" class=\"wp-image-110126\"\/><\/figure><\/div>\n\n\n<p><\/p>\n\n\n\n<p>Durante la celebraci\u00f3n, el jefe comunal destac\u00f3 el crecimiento de la instituci\u00f3n y se\u00f1al\u00f3, \u201cactualmente tenemos m\u00e1s de 118 alumnos de distintas edades que no bajan los brazos, que siguen bregando por la vida y por buscar alternativas laborales, ya que la formaci\u00f3n permite la maravilla de transformar personas que est\u00e1n trabajando en una actividad, pero que necesitan otro trabajo o una nueva especializaci\u00f3n\u201d, expres\u00f3 Jorge.<\/p>\n\n\n\n<p>En este sentido, resalt\u00f3 el trabajo que se desarrolla en el establecimiento educativo ubicado en Alto Comedero, en la Escuela Marina Vilte, a la que defini\u00f3, \u201c<strong>como un faro del saber<\/strong>\u201d, donde se dictan por la noche siete carreras y propuestas vinculadas a oficios como electricidad, gastronom\u00eda, plomer\u00eda y otras especialidades\u201d.<\/p>\n\n\n\n<p>Y agreg\u00f3, \u201cesto nos permite a la noche tener este tipo de expresiones, que brindan herramientas que tanto so\u00f1amos hace tiempo, hace m\u00e1s de cuatro a\u00f1os que tenemos esta permanente actitud de abrir la escuela hasta altas horas de la noche para formar y dar contenido aqu\u00ed en Alto Comedero, donde tanta falta hace tener herramientas para las familias\u201d, afirm\u00f3.<\/p>\n\n\n\n<p>Jorge tambi\u00e9n destac\u00f3 la articulaci\u00f3n del Centro de Formaci\u00f3n Profesional con el CEIJA, programa orientado a la terminalidad educativa, y record\u00f3 especialmente a <strong>Juan Carlos \u201cPajarito\u201d Bejarano<\/strong>, impulsor de esa iniciativa.<\/p>\n\n\n\n<p>Por su parte, el secretario de Desarrollo Humano, <strong>Gustavo Muro<\/strong> destac\u00f3 en el marco del 4.\u00ba aniversario del Centro de Formaci\u00f3n Profesional Municipal, la importancia de este espacio de capacitaci\u00f3n para la comunidad de Alto Comedero y valor\u00f3 el crecimiento de las propuestas educativas y laborales que se brindan.<\/p>\n\n\n<div class=\"wp-block-image\">\n<figure class=\"aligncenter\"><img decoding=\"async\" src=\"https:\/\/www.sansalvadordejujuy.gob.ar\/wp-content\/uploads\/2026\/09\/AniversarioCFP-PrensaMuniJujuy-04-1024x683.jpg\" alt=\"\" class=\"wp-image-110127\"\/><\/figure><\/div>\n\n\n<p><\/p>\n\n\n\n<p>Muro explic\u00f3 que, \u201cdentro de sus funciones, tiene a su cargo las \u00e1reas de educaci\u00f3n y salud\u201d, y resalt\u00f3 el desarrollo de la Escuela Marina Vilte como parte de un proyecto educativo integral que fue consolid\u00e1ndose con el tiempo, como una gran idea de Hugo Conde y desarrollada por \u201cChuli\u201d Jorge\u201d. &nbsp;<\/p>\n\n\n\n<p>Y a\u00f1adi\u00f3, \u201cen todo este proceso fue creciendo esta manzana municipal, donde tenemos nivel inicial, primario, secundario, terminalidad educativa con el CEIJA y, desde hace cuatro a\u00f1os, este polo de capacitaci\u00f3n que es el Centro de Formaci\u00f3n Profesional N.\u00ba 1 de la ciudad\u201d, se\u00f1al\u00f3.<\/p>\n\n\n\n<p>El funcionario record\u00f3 tambi\u00e9n los or\u00edgenes de la terminalidad educativa y el impulso de Juan Carlos Bejarano, quien desde el gremio SEOM promovi\u00f3 la creaci\u00f3n del CEIJA y acompa\u00f1\u00f3 el proyecto de contar con un espacio destinado espec\u00edficamente a la capacitaci\u00f3n en oficios.<\/p>\n\n\n\n<p>Actualmente, el centro de formaci\u00f3n ofrece distintas especialidades orientadas a brindar herramientas concretas para el mundo laboral, entre ellas, la plomer\u00eda, gasista, corte y confecci\u00f3n, instalaci\u00f3n el\u00e9ctrica, electricidad y tem\u00e1ticas ambientales.<\/p>\n\n\n<div class=\"wp-block-image\">\n<figure class=\"aligncenter\"><img decoding=\"async\" src=\"https:\/\/www.sansalvadordejujuy.gob.ar\/wp-content\/uploads\/2026\/09\/AniversarioCFP-PrensaMuniJujuy-06-1024x683.jpg\" alt=\"\" class=\"wp-image-110266\"\/><\/figure><\/div>\n\n\n<p><\/p>\n\n\n\n<p>Finalmente, la directora del Centro de Formaci\u00f3n Profesional Municipal N\u00ba 1, <strong>JorgelinaToneatti,<\/strong> destac\u00f3 el crecimiento de la instituci\u00f3n al celebrar su 4.\u00ba aniversario, con una matr\u00edcula estable y nuevas propuestas de capacitaci\u00f3n orientadas a ampliar las oportunidades laborales de vecinos y vecinas.<\/p>\n\n\n<div class=\"wp-block-image\">\n<figure class=\"aligncenter\"><img decoding=\"async\" src=\"https:\/\/www.sansalvadordejujuy.gob.ar\/wp-content\/uploads\/2026\/09\/AniversarioCFP-PrensaMuniJujuy-01-1024x683.jpg\" alt=\"\" class=\"wp-image-110265\"\/><\/figure><\/div>\n\n\n<p><\/p>\n\n\n\n<p>Toneatti expres\u00f3 su satisfacci\u00f3n por este nuevo aniversario y resalt\u00f3 la incorporaci\u00f3n de nuevas especialidades, \u201cestamos realmente felices por cumplir el cuarto aniversario del Centro de Formaci\u00f3n, celebrando adem\u00e1s con capacitaciones nuevas, como Fuentes de Energ\u00eda Alternativa y Cocina Regional\u201d, se\u00f1al\u00f3.<\/p>\n\n\n\n<p>La directora inform\u00f3 que durante el segundo cuatrimestre la instituci\u00f3n cuenta con una matr\u00edcula aproximada de 118 estudiantes, cuyas capacitaciones tienen una duraci\u00f3n cuatrimestral. Asimismo, destac\u00f3 que, a lo largo de estos cuatro a\u00f1os, ya son 818 las personas egresadas del Centro de Formaci\u00f3n Profesional Municipal N.\u00ba 1.<\/p>\n\n\n\n<p>Al realizar un balance de la trayectoria de la instituci\u00f3n, Tonetti remarc\u00f3, \u201cel balance siempre es positivo cuando los estudiantes vienen y nos cuentan acerca de sus proyectos, sus emprendimientos y lo que les sirvi\u00f3 haber transitado por el Centro de Formaci\u00f3n\u201d, sostuvo.<\/p>\n\n\n\n<p>En este sentido, explic\u00f3 que, \u201cla propuesta no se limita a brindar una \u00fanica capacitaci\u00f3n, sino que permite a los estudiantes combinar distintas especialidades e incorporar herramientas y habilidades complementarias, fortaleciendo sus posibilidades de inserci\u00f3n en el mundo laboral\u201d.<\/p>\n\n\n\n<p><strong>Nota audiovisual:<\/strong>&nbsp;<a href=\"https:\/\/youtu.be\/qJiZUdMEYL4\">https:\/\/youtu.be\/qJiZUdMEYL4<\/a><\/p>\n","protected":false},"excerpt":{"rendered":"<p>El intendente Municipal, Ra\u00fal \u201cChuli\u201d Jorge particip\u00f3, junto a autoridades de su gabinete, del acto por el 4\u00ba aniversario del Centro de Formaci\u00f3n Profesional Municipal N\u00b01 de Alto Comedero; una propuesta educativa que brinda herramientas y capacitaci\u00f3n en oficios a vecinos de distintas edades, fortaleciendo las posibilidades de inserci\u00f3n laboral. Durante la celebraci\u00f3n, el jefe [&hellip;]<\/p>\n","protected":false},"author":5,"featured_media":446945,"comment_status":"open","ping_status":"open","sticky":false,"template":"","format":"standard","meta":{"_stopmodifiedupdate":false,"_modified_date":"","inline_featured_image":false},"categories":[13],"tags":[],"jetpack_featured_media_url":"https:\/\/notinor.com\/jujuy\/wp-content\/uploads\/2026\/09\/ANIVERSARIO-2.jpg","_links":{"self":[{"href":"https:\/\/notinor.com\/jujuy\/wp-json\/wp\/v2\/posts\/446944"}],"collection":[{"href":"https:\/\/notinor.com\/jujuy\/wp-json\/wp\/v2\/posts"}],"about":[{"href":"https:\/\/notinor.com\/jujuy\/wp-json\/wp\/v2\/types\/post"}],"author":[{"embeddable":true,"href":"https:\/\/notinor.com\/jujuy\/wp-json\/wp\/v2\/users\/5"}],"replies":[{"embeddable":true,"href":"https:\/\/notinor.com\/jujuy\/wp-json\/wp\/v2\/comments?post=446944"}],"version-history":[{"count":1,"href":"https:\/\/notinor.com\/jujuy\/wp-json\/wp\/v2\/posts\/446944\/revisions"}],"predecessor-version":[{"id":446946,"href":"https:\/\/notinor.com\/jujuy\/wp-json\/wp\/v2\/posts\/446944\/revisions\/446946"}],"wp:featuredmedia":[{"embeddable":true,"href":"https:\/\/notinor.com\/jujuy\/wp-json\/wp\/v2\/media\/446945"}],"wp:attachment":[{"href":"https:\/\/notinor.com\/jujuy\/wp-json\/wp\/v2\/media?parent=446944"}],"wp:term":[{"taxonomy":"category","embeddable":true,"href":"https:\/\/notinor.com\/jujuy\/wp-json\/wp\/v2\/categories?post=446944"},{"taxonomy":"post_tag","embeddable":true,"href":"https:\/\/notinor.com\/jujuy\/wp-json\/wp\/v2\/tags?post=446944"}],"curies":[{"name":"wp","href":"https:\/\/api.w.org\/{rel}","templated":true}]}}