{"id":446937,"date":"2026-09-03T21:47:00","date_gmt":"2026-09-04T00:47:00","guid":{"rendered":"https:\/\/notinor.com\/jujuy\/?p=446937"},"modified":"2026-09-03T09:47:58","modified_gmt":"2026-09-03T09:47:58","slug":"alvarez-garcia-participo-del-congreso-innova-perico-en-el-marco-del-dia-de-la-industria","status":"publish","type":"post","link":"https:\/\/notinor.com\/jujuy\/alvarez-garcia-participo-del-congreso-innova-perico-en-el-marco-del-dia-de-la-industria\/","title":{"rendered":"\u00c1lvarez Garc\u00eda particip\u00f3 del Congreso Innova Perico en el marco del D\u00eda de la Industria"},"content":{"rendered":"\n<p class=\"has-medium-font-size\"><strong><em>El ministro de Gobierno, Justicia, Derechos Humanos y Trabajo destac\u00f3 el crecimiento industrial de Perico y la importancia de la capacitaci\u00f3n para acompa\u00f1ar la generaci\u00f3n de empleo<\/em><\/strong>.<\/p>\n\n\n<div class=\"wp-block-image\">\n<figure class=\"aligncenter size-large\"><img decoding=\"async\" loading=\"lazy\" width=\"640\" height=\"480\" src=\"https:\/\/notinor.com\/jujuy\/wp-content\/uploads\/2026\/09\/ECONOMIA3-640x480.webp\" alt=\"\" class=\"wp-image-446939\" srcset=\"https:\/\/notinor.com\/jujuy\/wp-content\/uploads\/2026\/09\/ECONOMIA3-640x480.webp 640w, https:\/\/notinor.com\/jujuy\/wp-content\/uploads\/2026\/09\/ECONOMIA3-487x365.webp 487w, https:\/\/notinor.com\/jujuy\/wp-content\/uploads\/2026\/09\/ECONOMIA3-768x576.webp 768w, https:\/\/notinor.com\/jujuy\/wp-content\/uploads\/2026\/09\/ECONOMIA3-750x563.webp 750w, https:\/\/notinor.com\/jujuy\/wp-content\/uploads\/2026\/09\/ECONOMIA3-1140x855.webp 1140w, https:\/\/notinor.com\/jujuy\/wp-content\/uploads\/2026\/09\/ECONOMIA3.webp 1200w\" sizes=\"(max-width: 640px) 100vw, 640px\" \/><\/figure><\/div>\n\n\n<p><\/p>\n\n\n\n<p><a href=\"https:\/\/media.prensa.jujuy.gob.ar\/p\/2ba0376c0b8fb9491daa49d16f07823a\/adjuntos\/301\/imagenes\/000\/432\/0000432728\/1200x0\/smart\/whatsapp-image-2026-09-03-at-093617.jpeg\"><\/a><\/p>\n\n\n\n<p><a href=\"https:\/\/media.prensa.jujuy.gob.ar\/p\/2ba0376c0b8fb9491daa49d16f07823a\/adjuntos\/301\/imagenes\/000\/432\/0000432728\/1200x0\/smart\/whatsapp-image-2026-09-03-at-093617.jpeg\"><\/a><\/p>\n\n\n\n<p id=\"p-1788439029009-62008\">En el marco del\u00a0<strong>D\u00eda de la Industria<\/strong>, el ministro de Gobierno, Justicia, Derechos Humanos y Trabajo, <strong>Normando \u00c1lvarez Garc\u00eda<\/strong>, particip\u00f3 del\u00a0<strong>Congreso Innova Perico<\/strong>, realizado en el Instituto de Educaci\u00f3n Superior (IES) N\u00ba 6 de esa ciudad.<\/p>\n\n\n<div class=\"wp-block-image\">\n<figure class=\"aligncenter size-large\"><img decoding=\"async\" loading=\"lazy\" width=\"640\" height=\"480\" src=\"https:\/\/notinor.com\/jujuy\/wp-content\/uploads\/2026\/09\/ECONOMIA2-640x480.webp\" alt=\"\" class=\"wp-image-446940\" srcset=\"https:\/\/notinor.com\/jujuy\/wp-content\/uploads\/2026\/09\/ECONOMIA2-640x480.webp 640w, https:\/\/notinor.com\/jujuy\/wp-content\/uploads\/2026\/09\/ECONOMIA2-487x365.webp 487w, https:\/\/notinor.com\/jujuy\/wp-content\/uploads\/2026\/09\/ECONOMIA2-768x576.webp 768w, https:\/\/notinor.com\/jujuy\/wp-content\/uploads\/2026\/09\/ECONOMIA2-750x563.webp 750w, https:\/\/notinor.com\/jujuy\/wp-content\/uploads\/2026\/09\/ECONOMIA2-1140x855.webp 1140w, https:\/\/notinor.com\/jujuy\/wp-content\/uploads\/2026\/09\/ECONOMIA2.webp 1200w\" sizes=\"(max-width: 640px) 100vw, 640px\" \/><\/figure><\/div>\n\n\n<p><\/p>\n\n\n\n<p id=\"p-1788439029009-44342\">La propuesta reuni\u00f3 a distintos actores vinculados al sector productivo y empresarial y tuvo como eje el desarrollo, la innovaci\u00f3n y las oportunidades que genera el crecimiento de la industria en la regi\u00f3n.<\/p>\n\n\n\n<p id=\"p-1788439029009-38827\">Durante la actividad, \u00c1lvarez Garc\u00eda destac\u00f3 el proceso de crecimiento que atraviesa Perico y valor\u00f3 el trabajo conjunto entre el Gobierno provincial, el municipio y el sector privado.<\/p>\n\n\n\n<p id=\"p-1788439153963-77473\">\u201cCuando uno llega a Perico mentalmente ve dos palabras:<strong>&nbsp;futuro y progreso<\/strong>. Eso habla no solo del intendente y de la Municipalidad, sino tambi\u00e9n de los perique\u00f1os\u201d, sostuvo el ministro, quien remarc\u00f3 adem\u00e1s la importancia de acompa\u00f1ar las iniciativas que contribuyen al desarrollo de la ciudad.&nbsp;<\/p>\n\n\n\n<p id=\"p-1788439029009-40181\">En este sentido, destac\u00f3 el proceso industrial que atraviesa Jujuy y afirm\u00f3 que \u201cla industria es la base del desarrollo de cualquier pa\u00eds, ciudad o provincia\u201d, al tiempo que se\u00f1al\u00f3 que representa una herramienta fundamental para construir futuro y progreso.&nbsp;<\/p>\n\n\n\n<p id=\"p-1788439029009-6306\">El ministro tambi\u00e9n puso en valor la capacitaci\u00f3n laboral como un componente fundamental para acompa\u00f1ar el crecimiento del sector industrial y favorecer la incorporaci\u00f3n de trabajadores de la zona a las empresas que se radican y desarrollan en la provincia.&nbsp;<\/p>\n\n\n\n<p id=\"p-1788439029009-28400\">\u201cHay que capacitar para que, cuando las industrias necesiten a alguien, tengan al lado al vecino, al habitante de la zona, de la regi\u00f3n. La capacitaci\u00f3n es fundamental\u201d, expres\u00f3.&nbsp;<\/p>\n\n\n\n<p id=\"p-1788439029009-71257\">En este marco, destac\u00f3 las acciones de formaci\u00f3n que se impulsan desde el Gobierno provincial para brindar herramientas y conocimientos que permitan mejorar las posibilidades de inserci\u00f3n laboral y responder a las necesidades del sector productivo.<\/p>\n\n\n\n<p><strong>Crecimiento del Parque Industrial de Perico<\/strong><\/p>\n\n\n\n<p id=\"p-1788439029009-62133\">Por su parte, el intendente de Perico, Rolando Ficoseco, destac\u00f3 el crecimiento del Parque Industrial y el impacto de los emprendimientos instalados en la generaci\u00f3n de fuentes de trabajo.&nbsp;<\/p>\n\n\n\n<p id=\"p-1788439029009-16609\">Ficoseco valor\u00f3 el acompa\u00f1amiento del Gobierno provincial y se\u00f1al\u00f3 que durante este a\u00f1o se avanz\u00f3 con la instalaci\u00f3n del servicio de gas en el sector industrial, como parte del proceso de consolidaci\u00f3n de la infraestructura necesaria para el desarrollo de las empresas.&nbsp;<\/p>\n\n\n\n<p id=\"p-1788439029009-38892\">El Congreso Innova Perico constituy\u00f3 as\u00ed un espacio para poner en com\u00fan experiencias, proyectos y perspectivas vinculadas al desarrollo industrial y productivo, reafirmando la importancia de la articulaci\u00f3n entre el Estado, el sector empresarial y las instituciones para generar nuevas oportunidades de crecimiento y empleo.<\/p>\n","protected":false},"excerpt":{"rendered":"<p>El ministro de Gobierno, Justicia, Derechos Humanos y Trabajo destac\u00f3 el crecimiento industrial de Perico y la importancia de la capacitaci\u00f3n para acompa\u00f1ar la generaci\u00f3n de empleo. En el marco del\u00a0D\u00eda de la Industria, el ministro de Gobierno, Justicia, Derechos Humanos y Trabajo, Normando \u00c1lvarez Garc\u00eda, particip\u00f3 del\u00a0Congreso Innova Perico, realizado en el Instituto de [&hellip;]<\/p>\n","protected":false},"author":5,"featured_media":446938,"comment_status":"open","ping_status":"open","sticky":false,"template":"","format":"standard","meta":{"_stopmodifiedupdate":false,"_modified_date":"","inline_featured_image":false},"categories":[4],"tags":[],"jetpack_featured_media_url":"https:\/\/notinor.com\/jujuy\/wp-content\/uploads\/2026\/09\/ECONOMIA-1.webp","_links":{"self":[{"href":"https:\/\/notinor.com\/jujuy\/wp-json\/wp\/v2\/posts\/446937"}],"collection":[{"href":"https:\/\/notinor.com\/jujuy\/wp-json\/wp\/v2\/posts"}],"about":[{"href":"https:\/\/notinor.com\/jujuy\/wp-json\/wp\/v2\/types\/post"}],"author":[{"embeddable":true,"href":"https:\/\/notinor.com\/jujuy\/wp-json\/wp\/v2\/users\/5"}],"replies":[{"embeddable":true,"href":"https:\/\/notinor.com\/jujuy\/wp-json\/wp\/v2\/comments?post=446937"}],"version-history":[{"count":1,"href":"https:\/\/notinor.com\/jujuy\/wp-json\/wp\/v2\/posts\/446937\/revisions"}],"predecessor-version":[{"id":446941,"href":"https:\/\/notinor.com\/jujuy\/wp-json\/wp\/v2\/posts\/446937\/revisions\/446941"}],"wp:featuredmedia":[{"embeddable":true,"href":"https:\/\/notinor.com\/jujuy\/wp-json\/wp\/v2\/media\/446938"}],"wp:attachment":[{"href":"https:\/\/notinor.com\/jujuy\/wp-json\/wp\/v2\/media?parent=446937"}],"wp:term":[{"taxonomy":"category","embeddable":true,"href":"https:\/\/notinor.com\/jujuy\/wp-json\/wp\/v2\/categories?post=446937"},{"taxonomy":"post_tag","embeddable":true,"href":"https:\/\/notinor.com\/jujuy\/wp-json\/wp\/v2\/tags?post=446937"}],"curies":[{"name":"wp","href":"https:\/\/api.w.org\/{rel}","templated":true}]}}