{"id":446932,"date":"2026-09-03T22:35:00","date_gmt":"2026-09-04T01:35:00","guid":{"rendered":"https:\/\/notinor.com\/jujuy\/?p=446932"},"modified":"2026-09-03T22:35:00","modified_gmt":"2026-09-03T22:35:00","slug":"sadir-presento-el-potencial-de-jujuy-en-el-foro-ee-uu-argentina-sobre-minerales-criticos","status":"publish","type":"post","link":"https:\/\/notinor.com\/jujuy\/sadir-presento-el-potencial-de-jujuy-en-el-foro-ee-uu-argentina-sobre-minerales-criticos\/","title":{"rendered":"Sadir present\u00f3 el potencial de Jujuy en el Foro EE.UU.-Argentina sobre Minerales Cr\u00edticos"},"content":{"rendered":"\n<p class=\"has-medium-font-size\"><strong><em>El gobernador destac\u00f3 el liderazgo de Jujuy en la producci\u00f3n y exportaci\u00f3n de litio, las oportunidades de inversi\u00f3n y las herramientas provinciales para acompa\u00f1ar el desarrollo de la actividad y el empleo.<\/em><\/strong><\/p>\n\n\n\n<p><\/p>\n\n\n<div class=\"wp-block-image\">\n<figure class=\"aligncenter size-full\"><img decoding=\"async\" loading=\"lazy\" width=\"800\" height=\"450\" src=\"https:\/\/notinor.com\/jujuy\/wp-content\/uploads\/2026\/09\/minerales-criticos.jpg\" alt=\"\" class=\"wp-image-446933\" srcset=\"https:\/\/notinor.com\/jujuy\/wp-content\/uploads\/2026\/09\/minerales-criticos.jpg 800w, https:\/\/notinor.com\/jujuy\/wp-content\/uploads\/2026\/09\/minerales-criticos-649x365.jpg 649w, https:\/\/notinor.com\/jujuy\/wp-content\/uploads\/2026\/09\/minerales-criticos-500x280.jpg 500w, https:\/\/notinor.com\/jujuy\/wp-content\/uploads\/2026\/09\/minerales-criticos-768x432.jpg 768w, https:\/\/notinor.com\/jujuy\/wp-content\/uploads\/2026\/09\/minerales-criticos-750x422.jpg 750w\" sizes=\"(max-width: 800px) 100vw, 800px\" \/><\/figure><\/div>\n\n\n<p><\/p>\n\n\n\n<p>El gobernador Carlos Sadir particip\u00f3 del Foro EE.UU.-Argentina sobre Minerales Cr\u00edticos, junto a referentes del sector minero, donde present\u00f3 las oportunidades que ofrece la provincia y destac\u00f3 el potencial de la miner\u00eda como motor de desarrollo.<\/p>\n\n\n\n<p>Durante el encuentro, Sadir puso en valor la posici\u00f3n de Jujuy como principal productor y exportador de litio del pa\u00eds, con una capacidad instalada superior a las 80.000 toneladas anuales. En este sentido, se\u00f1al\u00f3 que la provincia cuenta adem\u00e1s con m\u00e1s de 90 proyectos en exploraci\u00f3n, que representan nuevas oportunidades para continuar atrayendo inversiones.<\/p>\n\n\n\n<p>El gobernador tambi\u00e9n destac\u00f3 las herramientas disponibles para acompa\u00f1ar el crecimiento de la actividad. En particular, se\u00f1al\u00f3 que el R\u00e9gimen de Incentivo para Grandes Inversiones (RIGI) permite consolidar grandes inversiones, mientras que Jujuy complementa este esquema con la Ley N\u00b0 5.922 de R\u00e9gimen de Promoci\u00f3n de Inversiones y Empleo, destinada a acompa\u00f1ar inversiones m\u00e1s peque\u00f1as y a las pymes locales.<\/p>\n\n\n\n<p><\/p>\n\n\n\n<p class=\"has-medium-font-size\"><strong>Generaci\u00f3n de oportunidades<\/strong><\/p>\n\n\n\n<p>Sadir remarc\u00f3 que el desarrollo minero no implica solamente incrementar los niveles de producci\u00f3n, sino tambi\u00e9n generar empleo, fortalecer las comunidades y abrir nuevas oportunidades para los juje\u00f1os.<\/p>\n\n\n\n<p>Finalmente, plante\u00f3 como desaf\u00edo sostener reglas claras, invertir en infraestructura y profundizar el trabajo conjunto con el sector privado, para que cada vez m\u00e1s juje\u00f1os puedan ser parte del crecimiento que genera la actividad minera en la provincia.<\/p>\n","protected":false},"excerpt":{"rendered":"<p>El gobernador destac\u00f3 el liderazgo de Jujuy en la producci\u00f3n y exportaci\u00f3n de litio, las oportunidades de inversi\u00f3n y las herramientas provinciales para acompa\u00f1ar el desarrollo de la actividad y el empleo. El gobernador Carlos Sadir particip\u00f3 del Foro EE.UU.-Argentina sobre Minerales Cr\u00edticos, junto a referentes del sector minero, donde present\u00f3 las oportunidades que ofrece [&hellip;]<\/p>\n","protected":false},"author":49,"featured_media":446933,"comment_status":"open","ping_status":"open","sticky":false,"template":"","format":"standard","meta":{"_stopmodifiedupdate":false,"_modified_date":"","inline_featured_image":false},"categories":[2,514,5],"tags":[],"jetpack_featured_media_url":"https:\/\/notinor.com\/jujuy\/wp-content\/uploads\/2026\/09\/minerales-criticos.jpg","_links":{"self":[{"href":"https:\/\/notinor.com\/jujuy\/wp-json\/wp\/v2\/posts\/446932"}],"collection":[{"href":"https:\/\/notinor.com\/jujuy\/wp-json\/wp\/v2\/posts"}],"about":[{"href":"https:\/\/notinor.com\/jujuy\/wp-json\/wp\/v2\/types\/post"}],"author":[{"embeddable":true,"href":"https:\/\/notinor.com\/jujuy\/wp-json\/wp\/v2\/users\/49"}],"replies":[{"embeddable":true,"href":"https:\/\/notinor.com\/jujuy\/wp-json\/wp\/v2\/comments?post=446932"}],"version-history":[{"count":1,"href":"https:\/\/notinor.com\/jujuy\/wp-json\/wp\/v2\/posts\/446932\/revisions"}],"predecessor-version":[{"id":446934,"href":"https:\/\/notinor.com\/jujuy\/wp-json\/wp\/v2\/posts\/446932\/revisions\/446934"}],"wp:featuredmedia":[{"embeddable":true,"href":"https:\/\/notinor.com\/jujuy\/wp-json\/wp\/v2\/media\/446933"}],"wp:attachment":[{"href":"https:\/\/notinor.com\/jujuy\/wp-json\/wp\/v2\/media?parent=446932"}],"wp:term":[{"taxonomy":"category","embeddable":true,"href":"https:\/\/notinor.com\/jujuy\/wp-json\/wp\/v2\/categories?post=446932"},{"taxonomy":"post_tag","embeddable":true,"href":"https:\/\/notinor.com\/jujuy\/wp-json\/wp\/v2\/tags?post=446932"}],"curies":[{"name":"wp","href":"https:\/\/api.w.org\/{rel}","templated":true}]}}