{"id":446925,"date":"2026-09-03T21:38:00","date_gmt":"2026-09-04T00:38:00","guid":{"rendered":"https:\/\/notinor.com\/jujuy\/?p=446925"},"modified":"2026-09-03T21:38:00","modified_gmt":"2026-09-03T21:38:00","slug":"las-reacciones-del-arco-politico-tras-los-anuncios-de-milei-sobre-malvinas","status":"publish","type":"post","link":"https:\/\/notinor.com\/jujuy\/las-reacciones-del-arco-politico-tras-los-anuncios-de-milei-sobre-malvinas\/","title":{"rendered":"Las reacciones del arco pol\u00edtico tras los anuncios de Milei sobre Malvinas"},"content":{"rendered":"\n<h2 class=\"has-medium-font-size\"><strong><em>Desde ambos sectores hubo mensajes relacionados a las medidas comunicadas esta noche por el Presidente en cadena nacional<\/em><\/strong>.<\/h2>\n\n\n\n<p><\/p>\n\n\n<div class=\"wp-block-image\">\n<figure class=\"aligncenter size-full\"><img decoding=\"async\" loading=\"lazy\" width=\"800\" height=\"450\" src=\"https:\/\/notinor.com\/jujuy\/wp-content\/uploads\/2026\/09\/islas-malvinas.jpg\" alt=\"\" class=\"wp-image-446926\" srcset=\"https:\/\/notinor.com\/jujuy\/wp-content\/uploads\/2026\/09\/islas-malvinas.jpg 800w, https:\/\/notinor.com\/jujuy\/wp-content\/uploads\/2026\/09\/islas-malvinas-649x365.jpg 649w, https:\/\/notinor.com\/jujuy\/wp-content\/uploads\/2026\/09\/islas-malvinas-500x280.jpg 500w, https:\/\/notinor.com\/jujuy\/wp-content\/uploads\/2026\/09\/islas-malvinas-768x432.jpg 768w, https:\/\/notinor.com\/jujuy\/wp-content\/uploads\/2026\/09\/islas-malvinas-750x422.jpg 750w\" sizes=\"(max-width: 800px) 100vw, 800px\" \/><\/figure><\/div>\n\n\n<p><\/p>\n\n\n\n<p><strong>Javier Milei<\/strong>\u00a0se refiri\u00f3 a la causa de las Islas Malvinas y comunic\u00f3 que\u00a0presentar\u00e1 ante el Congreso una serie de proyectos dirigidos a\u00a0proteger la soberan\u00eda sobre el terrorio, en cadena nacional. Anunci\u00f3 que\u00a0prev\u00e9 edificar una base naval en Tierra del Fuego y aplicar mayores sanciones a aquellas compa\u00f1\u00edas extranjeras presentes en el territorio. Al comenzar su mensaje, afirm\u00f3: \u201cLas Malvinas son argentinas por historia y por derecho, no hay discusi\u00f3n al respecto\u201d.<\/p>\n\n\n\n<p>A los pocos minutos del comunicado, que dur\u00f3 aproximadamente 15 minutos, en las redes sociales comenzaron a responder desde la oposici\u00f3n. As\u00ed como personalidades del oficialismo ratificaron el apoyo al Presidente. Incluso\u00a0<strong>la Oficina del Presidente emiti\u00f3 un comunicado en el que contaba, nuevamente, lo que dijo Milei<\/strong>.<\/p>\n\n\n\n<p><strong>Gisela Scaglia<\/strong>, diputada nacional y Presidenta del Bloque Provincias Unidas, se mostr\u00f3 contenta con el mensaje que dio Milei. \u201cLas Malvinas son Argentinas. Es la reinvidicaci\u00f3n m\u00e1s profunda de todo un pueblo que reclama por su soberan\u00eda en las islas.\u00a0<strong>Me parece muy bien que esta cadena nacional haya buscado unirnos en una causa. Todos desde nuestros lugares tenemos que seguir apoyando el camino diplom\u00e1tico que Argentina se propuso.<\/strong>\u00a0No bajaremos nunca los brazos y lo lograremos\u201d.<\/p>\n\n\n\n<p><\/p>\n\n\n\n<figure class=\"wp-block-image\"><img decoding=\"async\" src=\"https:\/\/www.infobae.com\/resizer\/v2\/IMNQOERWDJFRHATGS4LSVXB2S4.jpeg?auth=b33a9004a80beb8c7952bf1fe85e2f5ab39782c400f8e8231cbe38178c7745b2&amp;smart=true&amp;width=350&amp;height=194&amp;quality=85\" alt=\"Imagen IMNQOERWDJFRHATGS4LSVXB2S4\"\/><\/figure>\n\n\n\n<p><\/p>\n\n\n\n<p>En cuanto al oficialismo, la banca lleg\u00f3 r\u00e1pidamente de\u00a0<strong>Daniel Scioli<\/strong>, actual secretario de Turismo, Ambiente y Deportes de la Rep\u00fablica Argentina. Con una foto de Milei y las Islas Malvinas de fondo, escribi\u00f3:\u00a0<strong>\u201cBrillante Cadena Nacional del Presidente Javier Milei sobre nuestras Islas Malvinas. La defensa firme e innegociable de la soberan\u00eda nacional y la libertad es el \u00fanico camino para una Argentina pr\u00f3spera, potencia y respetada en el mundo. \u200b\u00a1VIVA LA PATRIA!\u201d<\/strong>.<\/p>\n\n\n\n<p><\/p>\n\n\n\n<figure class=\"wp-block-image\"><img decoding=\"async\" src=\"https:\/\/www.infobae.com\/resizer\/v2\/DK7QE4J3VRFM5MQ446JCJISYHY.jpeg?auth=5564cfba7e4a476c63a7d29c2065666e434b6fd4b1b573d0753a434087789639&amp;smart=true&amp;width=350&amp;height=463&amp;quality=85\" alt=\"Imagen DK7QE4J3VRFM5MQ446JCJISYHY\"\/><\/figure>\n\n\n\n<p><\/p>\n\n\n\n<p><strong>Patricia Bullrich<\/strong>, actual senadora nacional por CABA y ex ministra de Seguridad, cit\u00f3 el video de la Oficina del Presidente con la cadena nacional y escribi\u00f3 un descargo propio. \u201c<strong>Este es el paso m\u00e1s importante de nuestra historia sobre nuestra soberan\u00eda por las Islas Malvinas. Por primera vez, nuestro Gobierno logra resultados concretos en una causa que durante d\u00e9cadas estuvo atrapada en discursos y gestos vac\u00edos<\/strong>. La defensa de nuestra soberan\u00eda se hace con hechos: medidas contra empresas que operan en las islas, aumento del presupuesto y fortalecimiento de nuestra presencia estrat\u00e9gica en Tierra del Fuego\u201d, comenz\u00f3 el mensaje.<\/p>\n\n\n\n<p>\u201c<strong>Y hay un cambio hist\u00f3rico: por primera vez, un Presidente de Estados Unidos comienza a reconocer que la soberan\u00eda argentina sobre las Malvinas es una cuesti\u00f3n que debe ser escuchada.\u00a0<\/strong>Se rompe una cadena hist\u00f3rica de respaldos a la posici\u00f3n colonialista. Esto es resultado de una decisi\u00f3n clara: diplomacia, firmeza y decisi\u00f3n para defender nuestro territorio nacional por parte del Presidente Javier Milei. Las Islas Malvinas fueron, son y ser\u00e1n argentinas\u201d, finaliz\u00f3.<\/p>\n\n\n\n<p><\/p>\n\n\n\n<p><img decoding=\"async\" loading=\"lazy\" height=\"597\" width=\"589\" src=\"https:\/\/www.infobae.com\/resizer\/v2\/RRDWKPDXTBC2FFKJDBNJ7HT4YU.jpeg?auth=c47f7c0e24601bbcd8e805e41acf02112f0ffe06c77ae1d114aecf4ec18fade6&amp;smart=true&amp;width=350&amp;height=355&amp;quality=85\" alt=\"Bullrich mostr\u00f3 un apoyo total al discurso de Milei en redes sociales, adem\u00e1s de que lo acompa\u00f1\u00f3 durante la cadena nacional\"><\/p>\n\n\n\n<p><\/p>\n\n\n\n<p>Bullrich mostr\u00f3 un apoyo total al discurso de Milei en redes sociales, adem\u00e1s de que lo acompa\u00f1\u00f3 durante la cadena nacional<\/p>\n\n\n\n<p><strong>Luis Petri<\/strong>, ex ministro de Defensa de la Naci\u00f3n, comparti\u00f3 un mensaje m\u00e1s corto, pero directo:\u00a0<strong>\u201c\u00a1Las Malvinas son Argentinas! \u00a1Las Malvinas son el Futuro y solo una Argentina grande, como la que estamos construyendo, las va a recuperar! Viva la patria\u201d<\/strong>.<\/p>\n\n\n\n<p><\/p>\n\n\n\n<p><img decoding=\"async\" loading=\"lazy\" height=\"733\" width=\"584\" src=\"https:\/\/www.infobae.com\/resizer\/v2\/HD64TV3VOVAYZEWFNZ5GR46K7Q.jpeg?auth=dc5b2e53c46a1e010c7f2105f9fc27e30b1f73c79b95bcec75b393607d4467f3&amp;smart=true&amp;width=350&amp;height=439&amp;quality=85\" alt=\"El mensaje de Luis Petri\"><\/p>\n\n\n\n<p><\/p>\n\n\n\n<p>Por parte del PRO, el jefe del bloque amarillo en Diputados,\u00a0<strong>Cristian Ritondo<\/strong>, expres\u00f3: \u201cMalvinas nos tiene que encontrar unidos.<strong>\u00a0Valoro el llamado del Presidente a construir una posici\u00f3n com\u00fan y desde el Bloque PRO esperamos que el proyecto anunciado llegue al Congreso para poder debatirlo y tratarlo<\/strong>\u201d. \u201c<strong>La defensa de la soberan\u00eda es una causa que nos une a todos los argentinos<\/strong>\u201d, concluy\u00f3.<\/p>\n\n\n\n<p><\/p>\n\n\n\n<p><img decoding=\"async\" loading=\"lazy\" height=\"935\" width=\"1204\" src=\"https:\/\/www.infobae.com\/resizer\/v2\/OZVPLJXJPNEOZGRRY2IQUO6QZ4.jpg?auth=ea8a67527bc64f20f763202e08ccf17b4d2f66f6f464151f71102bbfb14ee707&amp;smart=true&amp;width=350&amp;height=272&amp;quality=85\" alt=\"Cristian Ritondo -Malvinas - Milei\"><\/p>\n\n\n\n<p><\/p>\n\n\n\n<p>El senador nacional por la provincia de Buenos Aires<strong>&nbsp;Maximiliano Abad<\/strong>, en tanto, destac\u00f3 \u201c<strong>la Cuesti\u00f3n Malvinas no es bandera de un gobierno o de un partido pol\u00edtico, es una causa del Estado Argentino<\/strong>\u201d. Por esto mismo, celebr\u00f3 que \u201cel Ejecutivo aplique en base a legislaci\u00f3n anterior, sanciones ante el avance unilateral del Reino Unido en la exploraci\u00f3n y explotaci\u00f3n de recursos, contraviniendo resoluciones de la Asamblea General de la ONU:&nbsp;<strong>el mundo debe comprender que ning\u00fan inter\u00e9s extranjero va a usufructuar nuestro territorio sin consecuencias y que una poblaci\u00f3n implantada no tiene derecho a la autodeterminaci\u00f3n<\/strong>\u201d.<\/p>\n\n\n\n<p><\/p>\n\n\n\n<p><img decoding=\"async\" loading=\"lazy\" height=\"932\" width=\"1189\" src=\"https:\/\/www.infobae.com\/resizer\/v2\/3PIG46QEMFHWLCXPS5VQSV7QPE.jpg?auth=d46aab501b52cbd1a6df3513503567d4c5b9aa3794d8497534b28d09428be05f&amp;smart=true&amp;width=350&amp;height=274&amp;quality=85\" alt=\"Maximiliano Abad -Malvinas - Milei\"><\/p>\n\n\n\n<p><\/p>\n\n\n\n<p>\u201cEsa posici\u00f3n necesita la participaci\u00f3n seria y responsable del Congreso de la Naci\u00f3n para generar una verdadera pol\u00edtica de Estado en torno a la cuesti\u00f3n, que trascienda a una gesti\u00f3n. Analizaremos y aportaremos en tal sentido, las iniciativas que sean necesarias para tal fin.<strong>&nbsp;La permanencia e insistencia en nuestro reclamo hist\u00f3rico a nivel global, nos obliga a trabajar en conjunto y sin mezquindades para as\u00ed recuperar diplom\u00e1ticamente, el ejercicio pleno de nuestra soberan\u00eda sobre nuestras islas Malvinas, Georgias, S\u00e1ndwich del Sur y mares circundantes<\/strong>\u201d, complet\u00f3.<\/p>\n\n\n\n<p>Desde el peronismo, el ex canciller y diputado nacional<strong>&nbsp;Santiago Cafiero&nbsp;<\/strong>record\u00f3 la ic\u00f3nica bandera que utilizaron los jugadores de la selecci\u00f3n tras el partido ante Inglaterra que rezaba: \u201c<strong>Las Malvinas son argentinas<\/strong>\u201d.<\/p>\n\n\n\n<p><\/p>\n\n\n\n<p><img decoding=\"async\" loading=\"lazy\" height=\"935\" width=\"1204\" src=\"https:\/\/www.infobae.com\/resizer\/v2\/YNADKD4MTRC4RIFGR7X2DY2IUY.jpg?auth=ad2a03fd4848def959a25f3d6afb675a385e7a4ad38a5fd17b10abbb0965c9c0&amp;smart=true&amp;width=350&amp;height=272&amp;quality=85\" alt=\"Cafiero Presidente Malvinas\"><\/p>\n\n\n\n<p><\/p>\n\n\n\n<p>\u201cEl ejemplo m\u00e1s claro de lo que genera la diplomacia del f\u00fatbol\u201d, comenz\u00f3 diciendo en su mensaje. Luego, consider\u00f3 que, con esto,&nbsp;<strong>el Presidente \u201cretom\u00f3 el trabajo diplom\u00e1tico y pol\u00edtico realizado por el peronismo hasta 2023<\/strong>\u2033. \u201cLas sanciones ya exist\u00edan y la construcci\u00f3n de la Base la par\u00f3 Milei\u201d, mencion\u00f3.<\/p>\n\n\n\n<p>Mientras tanto, el ex ministro de Defensa de la gesti\u00f3n de Alberto Fern\u00e1ndez,\u00a0<strong>Agust\u00edn Rossi<\/strong>, analiz\u00f3: \u201c<strong>\u2018Bienvenido\u2019 Milei a la Causa Malvinas<\/strong>: Milei decide aplicar una ley que fue sancionada en 2011. Milei decide mandar fondos para la Base Naval en Ushuaia, construcci\u00f3n que fue iniciada en 2022 (Pero, en 2024 y 2025, ofreci\u00f3 a EEUU construirla en forma conjunta. Y, contradictoriamente, hace semanas pusieron en venta terrenos aleda\u00f1os a la Base).\u00a0<strong>Por primera vez, Milei reconoce que los isle\u00f1os son una poblaci\u00f3n implantada<\/strong>\u201d.<\/p>\n\n\n\n<p><\/p>\n\n\n\n<p><img decoding=\"async\" loading=\"lazy\" height=\"935\" width=\"1204\" src=\"https:\/\/www.infobae.com\/resizer\/v2\/FAR4NYEBCNC4DFEEWTUDEHHYS4.jpg?auth=64c4483c7a71df3ce7c29f15c32dbb51fe80dbe9fe37a2a3d719a674410316a5&amp;smart=true&amp;width=350&amp;height=272&amp;quality=85\" alt=\"Captura de pantalla de una publicaci\u00f3n en redes sociales de Agust\u00edn Rossi con texto referido a Javier Milei y las islas Malvinas\"><\/p>\n\n\n\n<p><\/p>\n\n\n\n<p>En ese sentido, destac\u00f3 que \u201c<strong>si el Presidente finalmente adopta una posici\u00f3n que acerca a la Argentina a su pol\u00edtica hist\u00f3rica de defensa de la soberan\u00eda sobre Malvinas, es un paso positivo<\/strong>\u201d. \u201cLo preocupante es que hace muy poco sosten\u00eda exactamente lo contrario.&nbsp;<strong>La pol\u00edtica exterior no puede cambiar seg\u00fan el humor presidencial: necesita coherencia, previsibilidad y acciones concretas<\/strong>\u201d, asegur\u00f3 antes de cerrar reafirmando que \u201clas Malvinas son argentinas\u201d.<\/p>\n","protected":false},"excerpt":{"rendered":"<p>Desde ambos sectores hubo mensajes relacionados a las medidas comunicadas esta noche por el Presidente en cadena nacional. Javier Milei\u00a0se refiri\u00f3 a la causa de las Islas Malvinas y comunic\u00f3 que\u00a0presentar\u00e1 ante el Congreso una serie de proyectos dirigidos a\u00a0proteger la soberan\u00eda sobre el terrorio, en cadena nacional. Anunci\u00f3 que\u00a0prev\u00e9 edificar una base naval en [&hellip;]<\/p>\n","protected":false},"author":49,"featured_media":446926,"comment_status":"open","ping_status":"open","sticky":false,"template":"","format":"standard","meta":{"_stopmodifiedupdate":false,"_modified_date":"","inline_featured_image":false},"categories":[2,501],"tags":[],"jetpack_featured_media_url":"https:\/\/notinor.com\/jujuy\/wp-content\/uploads\/2026\/09\/islas-malvinas.jpg","_links":{"self":[{"href":"https:\/\/notinor.com\/jujuy\/wp-json\/wp\/v2\/posts\/446925"}],"collection":[{"href":"https:\/\/notinor.com\/jujuy\/wp-json\/wp\/v2\/posts"}],"about":[{"href":"https:\/\/notinor.com\/jujuy\/wp-json\/wp\/v2\/types\/post"}],"author":[{"embeddable":true,"href":"https:\/\/notinor.com\/jujuy\/wp-json\/wp\/v2\/users\/49"}],"replies":[{"embeddable":true,"href":"https:\/\/notinor.com\/jujuy\/wp-json\/wp\/v2\/comments?post=446925"}],"version-history":[{"count":1,"href":"https:\/\/notinor.com\/jujuy\/wp-json\/wp\/v2\/posts\/446925\/revisions"}],"predecessor-version":[{"id":446927,"href":"https:\/\/notinor.com\/jujuy\/wp-json\/wp\/v2\/posts\/446925\/revisions\/446927"}],"wp:featuredmedia":[{"embeddable":true,"href":"https:\/\/notinor.com\/jujuy\/wp-json\/wp\/v2\/media\/446926"}],"wp:attachment":[{"href":"https:\/\/notinor.com\/jujuy\/wp-json\/wp\/v2\/media?parent=446925"}],"wp:term":[{"taxonomy":"category","embeddable":true,"href":"https:\/\/notinor.com\/jujuy\/wp-json\/wp\/v2\/categories?post=446925"},{"taxonomy":"post_tag","embeddable":true,"href":"https:\/\/notinor.com\/jujuy\/wp-json\/wp\/v2\/tags?post=446925"}],"curies":[{"name":"wp","href":"https:\/\/api.w.org\/{rel}","templated":true}]}}