{"id":446922,"date":"2026-09-03T22:04:14","date_gmt":"2026-09-04T01:04:14","guid":{"rendered":"https:\/\/notinor.com\/jujuy\/?p=446922"},"modified":"2026-09-03T22:31:42","modified_gmt":"2026-09-04T01:31:42","slug":"milei-anuncio-la-construccion-de-una-base-naval-en-tierra-del-fuego-y-sanciones-a-petroleras-que-operen-en-malvinas","status":"publish","type":"post","link":"https:\/\/notinor.com\/jujuy\/milei-anuncio-la-construccion-de-una-base-naval-en-tierra-del-fuego-y-sanciones-a-petroleras-que-operen-en-malvinas\/","title":{"rendered":"Milei anunci\u00f3 la construcci\u00f3n de una base naval en Tierra del Fuego y sanciones a petroleras que operen en Malvinas"},"content":{"rendered":"\n<p class=\"has-medium-font-size\"><strong><em>A trav\u00e9s de una cadena nacional y acompa\u00f1ado por todo el Gabinete, el Presidente dijo que enviar\u00e1 un paquete de proyectos al Congreso con el fin de resguardar la soberan\u00eda en las Islas. \u201cSon argentinas por historia y por derecho, no hay discusi\u00f3n al respecto\u201d, resalt\u00f3 el jefe de Estado al iniciar su comunicado.<\/em><\/strong><\/p>\n\n\n\n<p><\/p>\n\n\n<div class=\"wp-block-image\">\n<figure class=\"aligncenter size-full\"><img decoding=\"async\" loading=\"lazy\" width=\"800\" height=\"450\" src=\"https:\/\/notinor.com\/jujuy\/wp-content\/uploads\/2026\/09\/javier-milei-cadena-nacional.jpg\" alt=\"\" class=\"wp-image-446923\" srcset=\"https:\/\/notinor.com\/jujuy\/wp-content\/uploads\/2026\/09\/javier-milei-cadena-nacional.jpg 800w, https:\/\/notinor.com\/jujuy\/wp-content\/uploads\/2026\/09\/javier-milei-cadena-nacional-649x365.jpg 649w, https:\/\/notinor.com\/jujuy\/wp-content\/uploads\/2026\/09\/javier-milei-cadena-nacional-500x280.jpg 500w, https:\/\/notinor.com\/jujuy\/wp-content\/uploads\/2026\/09\/javier-milei-cadena-nacional-768x432.jpg 768w, https:\/\/notinor.com\/jujuy\/wp-content\/uploads\/2026\/09\/javier-milei-cadena-nacional-750x422.jpg 750w\" sizes=\"(max-width: 800px) 100vw, 800px\" \/><\/figure><\/div>\n\n\n<p><\/p>\n\n\n\n<p>Javier Milei anunci\u00f3 que enviar\u00e1 al Congreso un paquete de proyectos para resguardar la soberan\u00eda en las Islas Malvinas. Tambi\u00e9n, la construir una base naval en Tierra del Fuego y endurece las sanciones a empresas extranjeras que operan en el teritorio. \u201cLas Malvinas no pertenece a un gobierno ni a un partido pol\u00edtico. Es una causa nacional\u201d, asegur\u00f3.<\/p>\n\n\n\n<p>\u201cLas Malvinas son argentinas por historia y por derecho, no hay discusi\u00f3n al respecto\u201d, indic\u00f3 Javier Milei al iniciar su comunicado.<\/p>\n\n\n\n<p>\u201cPor eso, no alcanza con sostener nuestro reclamo: el Estado argentino tiene la obligaci\u00f3n de utilizar todas las herramientas diplom\u00e1ticas, econ\u00f3micas, judiciales y legales disponibles para defender nuestra soberan\u00eda y nuestros recursos\u201d, indic\u00f3 el Presidente.<\/p>\n\n\n\n<p>\u201cEso exige leyes adecuadas, organismos del Estado coordinados y herramientas efectivas para avanzar en un objetivo que trasciende a cualquier gobierno\u201d, agreg\u00f3.<\/p>\n\n\n\n<p>A continuaci\u00f3n, agreg\u00f3: \u201cEso exige leyes adecuadas, organismos del Estado coordinados y herramientas efectivas para avanzar en un objetivo que trasciende a cualquier gobierno\u201d.<\/p>\n\n\n\n<p>En su mensaje el jefe de Estado nacional advirti\u00f3 que desde hace 50 a\u00f1os, las Naciones Unidas solicitan a la Argentina y al Reino Unido no realizar acciones unilaterales sobre el territorio mientras se resuelve la controversia de soberan\u00eda, incluyendo la explotaci\u00f3n de sus recursos naturales. A pesar de ello, agreg\u00f3, \u201cel proyecto Sea Lion implica algo especialmente grave que no hab\u00eda sucedido nunca: la extracci\u00f3n de un recurso no renovable que pertenece a los argentinos\u201d. \u201cSi no actuamos, en pocos meses tendr\u00e1n la capacidad material de apropiarse de las reservas de petr\u00f3leo que yacen bajo nuestro mar\u201d, enfatiz\u00f3 Milei.<\/p>\n\n\n\n<p><\/p>\n\n\n\n<figure class=\"wp-block-embed aligncenter is-type-video is-provider-youtube wp-block-embed-youtube wp-embed-aspect-16-9 wp-has-aspect-ratio\"><div class=\"wp-block-embed__wrapper\">\n<div class=\"jeg_video_container jeg_video_content\"><iframe loading=\"lazy\" title=\"Las Malvinas son Argentinas | Cadena Nacional Presidente Javier Milei\" width=\"500\" height=\"281\" src=\"https:\/\/www.youtube.com\/embed\/jzTTOB0jNyQ?feature=oembed\" frameborder=\"0\" allow=\"accelerometer; autoplay; clipboard-write; encrypted-media; gyroscope; picture-in-picture; web-share\" referrerpolicy=\"strict-origin-when-cross-origin\" allowfullscreen><\/iframe><\/div>\n<\/div><\/figure>\n\n\n\n<p><\/p>\n\n\n\n<p>\u201cAdem\u00e1s, el avance de esta explotaci\u00f3n generar\u00e1 un incentivo para que el Reino Unido profundice la ocupaci\u00f3n de las Islas y contin\u00fae explotando nuestros recursos\u201d, insisti\u00f3 en su mensaje.<\/p>\n\n\n\n<p><\/p>\n\n\n\n<p class=\"has-medium-font-size\"><strong>Detalle del decreto reglamentario dictado hoy, seg\u00fan precis\u00f3 Milei:<\/strong><\/p>\n\n\n\n<p>1. Instruir a enviar la informaci\u00f3n de los distintos organismos del Estado que tomen conocimiento de los incumplimientos legales a Canciller\u00eda para que pueda impulsar las sanciones.<\/p>\n\n\n\n<p>2. Reglar el procedimiento para darle mayor coordinaci\u00f3n y celeridad.<\/p>\n\n\n\n<p>3. Incorporar DDJJs en tr\u00e1mites hidrocarbur\u00edferos y el RIGI para asegurar el cumplimiento de la ley y evitar que se permitan actividades a aquellos que est\u00e1n explotando en la Plataforma Continental Argentina sin reconocer nuestra soberan\u00eda.<\/p>\n\n\n\n<p>En otro de los puntos, se\u00f1al\u00f3: \u201cLa Ley N\u00b0 26.659 tiene gran relevancia para sancionar a quienes no reconocen nuestra soberan\u00eda y avanzan en la explotaci\u00f3n de nuestros recursos. Corresponde, sin embargo, modificarla para mejorar las herramientas que nos otorga actualmente para combatir este avance sobre el territorio argentino, endurecer sus sanciones y ampliar su alcance para extender ciertas consecuencias, tanto penales como administrativas, a las empresas que presten servicios a aquellos que realizan explotaciones hidrocarbur\u00edferas\".<\/p>\n\n\n\n<p>\u201cEl Proyecto de Ley de Defensa de la Soberan\u00eda Nacional, adem\u00e1s de modificar la Ley N\u00b0 26.659, crear\u00e1 un Consejo de Seguridad Nacional para definir la pol\u00edtica de seguridad nacional y que esta se aplique de forma transversal. Esto permitir\u00e1 una estrategia coordinada en la defensa de la soberan\u00eda y del territorio nacional, y en la recuperaci\u00f3n de las Islas Malvinas\", detall\u00f3.<\/p>\n\n\n\n<p>\u201cTambi\u00e9n establecer\u00e1 un r\u00e9gimen de protecci\u00f3n infraestructuras cr\u00edticas y un marco de protecci\u00f3n aeroespacial y mar\u00edtima -continu\u00f3-. De este modo, se profundiza en la protecci\u00f3n ante posibles ataques de todo tipo a la integridad territorial de nuestro pa\u00eds\u201d.<\/p>\n\n\n\n<p><\/p>\n\n\n\n<p class=\"has-medium-font-size\"><strong>La construcci\u00f3n de una base naval<\/strong><\/p>\n\n\n\n<p>En su discurso, el Presidente adelant\u00f3: \u201cEl Gobierno Nacional ampliar\u00e1 los recursos del Ministerio de Defensa para avanzar en la construcci\u00f3n de una Base Naval Integrada en Tierra del Fuego e incrementar nuestras capacidades en telecomunicaciones. La Base permitir\u00e1 convertir a la Argentina en un polo log\u00edstico central del Atl\u00e1ntico Sur y fortalecer nuestra proyecci\u00f3n geopol\u00edtica en una regi\u00f3n estrat\u00e9gica para el futuro del pa\u00eds\u201d. \u201cMalvinas no pertenece a un gobierno ni a un partido pol\u00edtico. Es una causa nacional\u201d, asegur\u00f3.<\/p>\n\n\n\n<p>\u201cPara eso, la Argentina necesita recuperar su capacidad de pensar estrat\u00e9gicamente, fortalecer a sus Fuerzas Armadas y construir una verdadera pol\u00edtica de seguridad nacional de largo plazo\u201d, dijo Milei en este pasaje de la cadena nacional.<\/p>\n\n\n\n<p>\u201cLa seguridad nacional no es solamente la defensa f\u00edsica de nuestro territorio. Tambi\u00e9n significa proteger nuestros recursos estrat\u00e9gicos, nuestra econom\u00eda, nuestra infraestructura cr\u00edtica y nuestra capacidad de decidir nuestro propio futuro\u201d, agreg\u00f3.<\/p>\n\n\n\n<p>En este sentido, complet\u00f3: \u201cPor eso, Defensa, Seguridad, Inteligencia, Canciller\u00eda y Econom\u00eda deben actuar de manera coordinada. Una Argentina pr\u00f3spera, pol\u00edticamente relevante y militarmente respetable est\u00e1 en mejores condiciones de defender su territorio, sus recursos y su soberan\u00eda\u201d.<\/p>\n\n\n\n<p><\/p>\n\n\n\n<p class=\"has-medium-font-size\"><strong>C\u00f3mo se dio el retorno a la agenda de la causa Malvinas<\/strong><\/p>\n\n\n\n<p>El tema Malvinas volvi\u00f3 a instalarse el 31 de agosto, cuando Donald Trump fue consultado en la Oficina Oval sobre una eventual revisi\u00f3n de la posici\u00f3n de neutralidad de Estados Unidos en la disputa de soberan\u00eda entre la Argentina y el Reino Unido. El presidente estadounidense respondi\u00f3 que revisa todas las posiciones y que esa era \u201csolo una de muchas\u201d, en un contexto de presiones de Washington a Londres para que incremente su inversi\u00f3n en defensa dentro de la Organizaci\u00f3n del Tratado del Atl\u00e1ntico Norte (OTAN).<\/p>\n\n\n\n<p>Sus dichos motivaron una respuesta del Reino Unido y de la administraci\u00f3n brit\u00e1nica de las islas, que ratificaron la soberan\u00eda brit\u00e1nica y el respaldo al derecho de autodeterminaci\u00f3n de los habitantes del archipi\u00e9lago. El debate coincidi\u00f3, adem\u00e1s, con la discusi\u00f3n en Londres sobre el acuerdo con Mauricio por el archipi\u00e9lago de Chagos, citado por la Argentina como antecedente de una controversia territorial resuelta por medios pac\u00edficos.<\/p>\n\n\n\n<p>La situaci\u00f3n se dio mientras avanzaba el proyecto petrolero Sea Lion, en la Cuenca Malvinas Norte. Navitas Petroleum y Rockhopper Exploration comunicaron en diciembre de 2025 la decisi\u00f3n final de inversi\u00f3n para la primera etapa del desarrollo. La Canciller\u00eda argentina rechaz\u00f3 esa iniciativa, a la que consider\u00f3 una explotaci\u00f3n unilateral de recursos en un \u00e1rea alcanzada por la disputa de soberan\u00eda. En ese escenario, Javier Milei anunci\u00f3 una cadena nacional para referirse a la cuesti\u00f3n Malvinas.<\/p>\n\n\n\n<p><\/p>\n\n\n\n<p class=\"has-medium-font-size\"><strong>La actividad de las petroleras que cuestiona el Gobierno argentino<\/strong><\/p>\n\n\n\n<p>La israel\u00ed Navitas Petroleum y la brit\u00e1nica Rockhopper Exploration avanzan en el desarrollo del yacimiento offshore Sea Lion, situado en la Cuenca Malvinas Norte, a unos 220 kil\u00f3metros al norte de las islas Malvinas y a aproximadamente 240 kil\u00f3metros de Puerto Argentino. El campo fue descubierto en 2010 por Rockhopper, que posee el 35% del proyecto, mientras que Navitas controla el 65 por ciento.<\/p>\n\n\n\n<p>En diciembre de 2025, las compa\u00f1\u00edas comunicaron la decisi\u00f3n final de inversi\u00f3n para la primera fase de Sea Lion. Navitas inform\u00f3 entonces una inversi\u00f3n de USD 1.170 millones para esa etapa. De acuerdo con informaci\u00f3n posterior sobre el proyecto, la Fase 1 contempla una inversi\u00f3n total de USD 1.800 millones, una producci\u00f3n estimada de 50.000 barriles diarios y el inicio de la extracci\u00f3n en 2028. Las estimaciones sobre el volumen recuperable mencionadas en las notas rondan los 819 millones de barriles.<\/p>\n\n\n\n<p>La Canciller\u00eda argentina rechaz\u00f3 el desarrollo del yacimiento y sostuvo que las empresas no cuentan con autorizaci\u00f3n de las autoridades competentes del pa\u00eds. Tambi\u00e9n calific\u00f3 la iniciativa como una explotaci\u00f3n unilateral de recursos naturales en un \u00e1rea sujeta a una disputa de soberan\u00eda con el Reino Unido. En ese sentido, cit\u00f3 las resoluciones 2065 y 31\/49 de la Asamblea General de las Naciones Unidas.<\/p>\n\n\n\n<p>El Gobierno record\u00f3 que Rockhopper Exploration fue declarada clandestina e inhabilitada para operar en la Argentina durante 20 a\u00f1os mediante la Resoluci\u00f3n 133\/2012 de la Secretar\u00eda de Energ\u00eda. Navitas Petroleum recibi\u00f3 una sanci\u00f3n equivalente a trav\u00e9s de la Resoluci\u00f3n 240\/2022, por operaciones hidrocarbur\u00edferas sin habilitaci\u00f3n argentina. La posici\u00f3n oficial tambi\u00e9n alcanza a las concesiones, las contrataciones de proveedores y otras acciones asociadas con el avance del proyecto hacia su etapa productiva.<\/p>\n\n\n\n<p>Seg\u00fan precisi\u00f3 hoy el medio brit\u00e1nico The Telegraph, las empresas Rockhopper y Navita planean comenzar a perforar el yacimiento offshore Sea Lion -al norte de las islas- en los pr\u00f3ximos meses. Seg\u00fan se\u00f1al\u00f3 el portal, existe la posibilidad de \u201cenviar petr\u00f3leo de regreso a Europa y al Reino Unido desde principios de 2028\u201d. \u201cEl yacimiento petrolero se encuentra a unas 137 millas al norte de las islas y se espera que produzca petr\u00f3leo durante m\u00e1s de 30 a\u00f1os\u201d, indic\u00f3 el medio europeo.<\/p>\n","protected":false},"excerpt":{"rendered":"<p>A trav\u00e9s de una cadena nacional y acompa\u00f1ado por todo el Gabinete, el Presidente dijo que enviar\u00e1 un paquete de proyectos al Congreso con el fin de resguardar la soberan\u00eda en las Islas. \u201cSon argentinas por historia y por derecho, no hay discusi\u00f3n al respecto\u201d, resalt\u00f3 el jefe de Estado al iniciar su comunicado. Javier [&hellip;]<\/p>\n","protected":false},"author":49,"featured_media":446923,"comment_status":"open","ping_status":"open","sticky":false,"template":"","format":"standard","meta":{"_stopmodifiedupdate":false,"_modified_date":"","inline_featured_image":false},"categories":[2,501],"tags":[],"jetpack_featured_media_url":"https:\/\/notinor.com\/jujuy\/wp-content\/uploads\/2026\/09\/javier-milei-cadena-nacional.jpg","_links":{"self":[{"href":"https:\/\/notinor.com\/jujuy\/wp-json\/wp\/v2\/posts\/446922"}],"collection":[{"href":"https:\/\/notinor.com\/jujuy\/wp-json\/wp\/v2\/posts"}],"about":[{"href":"https:\/\/notinor.com\/jujuy\/wp-json\/wp\/v2\/types\/post"}],"author":[{"embeddable":true,"href":"https:\/\/notinor.com\/jujuy\/wp-json\/wp\/v2\/users\/49"}],"replies":[{"embeddable":true,"href":"https:\/\/notinor.com\/jujuy\/wp-json\/wp\/v2\/comments?post=446922"}],"version-history":[{"count":1,"href":"https:\/\/notinor.com\/jujuy\/wp-json\/wp\/v2\/posts\/446922\/revisions"}],"predecessor-version":[{"id":446924,"href":"https:\/\/notinor.com\/jujuy\/wp-json\/wp\/v2\/posts\/446922\/revisions\/446924"}],"wp:featuredmedia":[{"embeddable":true,"href":"https:\/\/notinor.com\/jujuy\/wp-json\/wp\/v2\/media\/446923"}],"wp:attachment":[{"href":"https:\/\/notinor.com\/jujuy\/wp-json\/wp\/v2\/media?parent=446922"}],"wp:term":[{"taxonomy":"category","embeddable":true,"href":"https:\/\/notinor.com\/jujuy\/wp-json\/wp\/v2\/categories?post=446922"},{"taxonomy":"post_tag","embeddable":true,"href":"https:\/\/notinor.com\/jujuy\/wp-json\/wp\/v2\/tags?post=446922"}],"curies":[{"name":"wp","href":"https:\/\/api.w.org\/{rel}","templated":true}]}}