{"id":446916,"date":"2026-09-03T13:58:57","date_gmt":"2026-09-03T16:58:57","guid":{"rendered":"https:\/\/notinor.com\/jujuy\/?p=446916"},"modified":"2026-09-03T13:58:58","modified_gmt":"2026-09-03T16:58:58","slug":"la-onu-lanzo-una-alerta-por-la-intensidad-de-el-nino-sera-muy-fuerte-y-podria-durar-hasta-2027","status":"publish","type":"post","link":"https:\/\/notinor.com\/jujuy\/la-onu-lanzo-una-alerta-por-la-intensidad-de-el-nino-sera-muy-fuerte-y-podria-durar-hasta-2027\/","title":{"rendered":"La ONU lanz\u00f3 una alerta por la intensidad de El Ni\u00f1o: ser\u00e1 muy fuerte y podr\u00eda durar hasta 2027"},"content":{"rendered":"\n<p class=\"has-medium-font-size\"><strong><em>El Ni\u00f1o eleva la temperatura de la superficie en el Pac\u00edfico ecuatorial central y oriental, con efectos sobre vientos, presi\u00f3n atmosf\u00e9rica y lluvias en varias regiones del mundo<\/em><\/strong>.<\/p>\n\n\n<div class=\"wp-block-image\">\n<figure class=\"aligncenter\"><img decoding=\"async\" src=\"https:\/\/i1.cronica.com.ar\/files\/image\/1704\/1704259\/6a996b25a70f7_1011_568!.jpg?s=b3bc814183cbae080e4f55a78cd31fe7&amp;d=1788443621\" alt=\"El Fen\u00f3meno de El Ni\u00f1o podr\u00eda complicar la situaci\u00f3n clim\u00e1tica en el planeta (imagen ilustrativa).\"\/><figcaption class=\"wp-element-caption\">El Fen\u00f3meno de El Ni\u00f1o podr\u00eda complicar la situaci\u00f3n clim\u00e1tica en el planeta<\/figcaption><\/figure><\/div>\n\n\n<p>Diversas latitudes de nuestro planeta se encuentran afectadas por la presencia del <strong>fen\u00f3meno de El Ni\u00f1o<\/strong>, que seg\u00fan la\u00a0Organizaci\u00f3n Meteorol\u00f3gica Mundial (OMM)\u00a0<strong>se intensificar\u00e1 durante los pr\u00f3ximos meses y alcanzar\u00e1 una magnitud muy fuerte.<\/strong><\/p>\n\n\n\n<p>Este fen\u00f3meno clim\u00e1tico eleva la temperatura de la superficie en el Oc\u00e9ano Pac\u00edfico ecuatorial central y oriental, con efectos sobre los<strong>&nbsp;vientos, presi\u00f3n atmosf\u00e9rica y lluvias en distintas regiones del mundo<\/strong>.<\/p>\n\n\n\n<p>En tanto, el organismo meteorol\u00f3gico internacional se\u00f1al\u00f3 que existe una probabilidad \"extraordinariamente alta, cercana al 100%\" de que el actual episodio persista hasta febrero de 2027.<\/p>\n\n\n\n<p>\"El Ni\u00f1o est\u00e1 claramente establecido y se intensificar\u00e1 hasta convertirse en\u00a0<strong>un fen\u00f3meno muy fuerte en los pr\u00f3ximos meses, con grandes impactos en los patrones de precipitaci\u00f3n y temperatura,<\/strong>\u00a0y los riesgos asociados a inundaciones, sequ\u00edas y calor extremo\",\u00a0afirm\u00f3 la agencia de la Organizaci\u00f3n de Naciones Unidas (ONU).<\/p>\n\n\n\n<p><strong>\u00bfQue dijo la ONU?<\/strong><\/p>\n\n\n\n<p>Respecto a esto, el secretario general de\u00a0<strong>Naciones Unidas, Antonio Guterres<\/strong>, dijo que\u00a0<strong>\"El Ni\u00f1o se est\u00e1 volviendo gigantesco ante nuestros ojos\"<\/strong>,\u00a0y agreg\u00f3 que\u00a0\"la ciencia no deja lugar a dudas: el planeta se encuentra en aguas desconocidas, y esas aguas se est\u00e1n calentando.\u00a0<strong>Las temperaturas de la superficie del mar est\u00e1n aumentando, las temperaturas siguen subiendo y el mundo se encuentra en la zona de peligro del clima extremo\".<\/strong><\/p>\n\n\n\n<p>El asunto es que los efectos ya llevaron a&nbsp;<strong>Panam\u00e1<\/strong>&nbsp;y&nbsp;<strong>El Salvador<\/strong>&nbsp;a declarar emergencias, y en el primer pa\u00eds, el fen\u00f3meno oblig\u00f3 a<strong>&nbsp;reducir el tr\u00e1nsito de embarcaciones&nbsp;<\/strong>por la v\u00eda interoce\u00e1nica. En el segundo decret\u00f3 la&nbsp;<strong>alerta roja ante la intensificaci\u00f3n del evento.<\/strong><\/p>\n\n\n<div class=\"wp-block-image\">\n<figure class=\"aligncenter\"><img decoding=\"async\" src=\"https:\/\/www.cronica.com.ar\/files\/image\/1704\/1704265\/6a996d0a42970_700_395!.webp?s=079cc1c6c7186381509152676bc3f7c9&amp;d=1788439819&amp;oe=jpg\" alt=\"En tanto, el organismo meteorol\u00f3gico internacional se\u00f1al\u00f3 que existe una probabilidad &quot;extraordinariamente alta, cercana al 100%&quot; de que el actual episodio persista hasta febrero de 2027.&nbsp;googletag.cmd.push(function(){googletag.display('interparrafo02')});&quot;El Ni\u00f1o est\u00e1 claramente establecido y se intensificar\u00e1 hasta convertirse en un fen\u00f3meno muy fuerte en los pr\u00f3ximos meses, con grandes impactos en los patrones de precipitaci\u00f3n y temperatura, y los riesgos asociados a inundaciones, sequ\u00edas y calor extremo&quot;, afirm\u00f3 la agencia de la Organizaci\u00f3n de Naciones Unidas (ONU).\u00bfQu\u00e9 dijo la ONU?Respecto a esto, el secretario general de Naciones Unidas, Antonio Guterres, dijo que&nbsp;&quot;El Ni\u00f1o se est\u00e1 volviendo gigantesco ante nuestros ojos&quot;, y agreg\u00f3 que&nbsp;&quot;la ciencia no deja lugar a dudas: el planeta se encuentra en aguas desconocidas, y esas aguas se est\u00e1n calentando. Las temperaturas de la superficie del mar est\u00e1n aumentando, las temperaturas siguen subiendo y el mundo se encuentra en la zona de peligro del clima extremo&quot;.El asunto es que los efectos ya llevaron a Panam\u00e1 y El Salvador a declarar emergencias, y en el primer pa\u00eds, el fen\u00f3meno oblig\u00f3 a reducir el tr\u00e1nsito de embarcaciones por la v\u00eda interoce\u00e1nica. En el segundo decret\u00f3 la alerta roja ante la intensificaci\u00f3n del evento.Este es el mapa que refleja la actualidad del Pac\u00edfico (NASA).\"\/><figcaption class=\"wp-element-caption\">Este es el mapa que refleja la actualidad del Pac\u00edfico (NASA).<\/figcaption><\/figure><\/div>\n\n\n<p>Desde hace un tiempo, el \u00edndice de temperatura de la superficie del mar en el Pac\u00edfico ecuatorial centrooriental pas\u00f3 de un promedio de 1,5 \u00b0C por encima de lo normal entre mayo y julio a<strong>&nbsp;valores semanales de entre 2,2 \u00b0C y 2,6 \u00b0C&nbsp;<\/strong>sobre la media entre fines de julio y mediados de agosto.<\/p>\n\n\n\n<p>En algunas \u00e1reas, las temperaturas subsuperficiales del oc\u00e9ano\u00a0<strong>superaron en m\u00e1s de 8 \u00b0C\u00a0<\/strong>el promedio durante julio y los primeros d\u00edas de agosto, seg\u00fan el informe de la OMM.<\/p>\n\n\n\n<p><strong>Complicaciones en elclima<\/strong><\/p>\n\n\n\n<p>Por otra parte, el fen\u00f3meno&nbsp;<strong>no deriva del cambio clim\u00e1tico<\/strong>, aunque los cient\u00edficos prev\u00e9n que agrave el calentamiento global causado por la quema de combustibles f\u00f3siles y aumente la intensidad de episodios meteorol\u00f3gicos extremos.<\/p>\n\n\n\n<p>Guterres sostuvo que la respuesta depender\u00e1 de la velocidad de las medidas de prevenci\u00f3n.&nbsp;<em>\"La carrera ahora es entre los riesgos crecientes y nuestro compromiso de tomar medidas clim\u00e1ticas y proteger a las personas. Debemos ganar esa carrera\",&nbsp;<\/em>afirm\u00f3.<\/p>\n\n\n\n<p><strong>Preocupaci\u00f3n en diversos sectores<\/strong><\/p>\n\n\n\n<p>Por otra parte, la directora de la OMM,\u00a0<strong>Celeste Saulo<\/strong>, advirti\u00f3 que el episodio puede afectar a comunidades y econom\u00edas en regiones.\u00a0\"Este El Ni\u00f1o excepcional (...) tiene el potencial de asestar un golpe devastador a las comunidades y econom\u00edas de todo el mundo\",\u00a0indic\u00f3.<\/p>\n\n\n\n<p>\"Ya estamos viendo perturbaciones y devastaci\u00f3n causadas por sequ\u00edas e inundaciones, y esperamos que estos impactos aumenten a medida que El Ni\u00f1o se intensifique\",\u00a0agreg\u00f3 Saulo.<\/p>\n\n\n<div class=\"wp-block-image\">\n<figure class=\"aligncenter is-resized\"><img decoding=\"async\" loading=\"lazy\" src=\"https:\/\/www.cronica.com.ar\/files\/image\/1704\/1704267\/6a996db21d69c.webp?oe=jpg\" alt=\"Celeste Saulo sostuvo que podr\u00eda haber sectores muy afectados (Archivo).\" width=\"588\" height=\"392\"\/><figcaption class=\"wp-element-caption\">Celeste Saulo sostuvo que podr\u00eda haber sectores muy afectados <\/figcaption><\/figure><\/div>\n\n\n<p>El Ni\u00f1o suele alcanzar su&nbsp;<strong>m\u00e1xima intensidad hacia el final de cada a\u00f1o<\/strong>, pero el calor acumulado en los oc\u00e9anos tarda m\u00e1s tiempo en trasladarse a la atm\u00f3sfera. Por ese motivo, las temperaturas globales pueden mantenerse elevadas durante los 12 meses posteriores.<\/p>\n\n\n\n<p>El<strong> fen\u00f3men<\/strong>o aparece, por lo general, cada dos a siete a\u00f1os y dura entre nueve y 12 meses.\u00a0<strong>Alterna con La Ni\u00f1a, su fase opuesta, y con per\u00edodos de condiciones neutrales.<\/strong><\/p>\n\n\n\n<p>Finalmente, para el trimestre entre septiembre y noviembre, la OMM prev\u00e9 una mayor probabilidad de temperaturas superiores a los valores habituales en casi todas las regiones. Los episodios intensos suelen asociarse con&nbsp;<strong>sequ\u00edas en \u00e1reas de la Amazon\u00eda, Indonesia y Australia, alteraciones de los monzones en India&nbsp;<\/strong>y cambios en el r\u00e9gimen de lluvias de la franja tropical.<\/p>\n","protected":false},"excerpt":{"rendered":"<p>El Ni\u00f1o eleva la temperatura de la superficie en el Pac\u00edfico ecuatorial central y oriental, con efectos sobre vientos, presi\u00f3n atmosf\u00e9rica y lluvias en varias regiones del mundo. Diversas latitudes de nuestro planeta se encuentran afectadas por la presencia del fen\u00f3meno de El Ni\u00f1o, que seg\u00fan la\u00a0Organizaci\u00f3n Meteorol\u00f3gica Mundial (OMM)\u00a0se intensificar\u00e1 durante los pr\u00f3ximos meses [&hellip;]<\/p>\n","protected":false},"author":5,"featured_media":446917,"comment_status":"open","ping_status":"open","sticky":false,"template":"","format":"standard","meta":{"_stopmodifiedupdate":false,"_modified_date":"","inline_featured_image":false},"categories":[6],"tags":[],"jetpack_featured_media_url":"https:\/\/notinor.com\/jujuy\/wp-content\/uploads\/2026\/09\/CLIMA.jpg","_links":{"self":[{"href":"https:\/\/notinor.com\/jujuy\/wp-json\/wp\/v2\/posts\/446916"}],"collection":[{"href":"https:\/\/notinor.com\/jujuy\/wp-json\/wp\/v2\/posts"}],"about":[{"href":"https:\/\/notinor.com\/jujuy\/wp-json\/wp\/v2\/types\/post"}],"author":[{"embeddable":true,"href":"https:\/\/notinor.com\/jujuy\/wp-json\/wp\/v2\/users\/5"}],"replies":[{"embeddable":true,"href":"https:\/\/notinor.com\/jujuy\/wp-json\/wp\/v2\/comments?post=446916"}],"version-history":[{"count":1,"href":"https:\/\/notinor.com\/jujuy\/wp-json\/wp\/v2\/posts\/446916\/revisions"}],"predecessor-version":[{"id":446918,"href":"https:\/\/notinor.com\/jujuy\/wp-json\/wp\/v2\/posts\/446916\/revisions\/446918"}],"wp:featuredmedia":[{"embeddable":true,"href":"https:\/\/notinor.com\/jujuy\/wp-json\/wp\/v2\/media\/446917"}],"wp:attachment":[{"href":"https:\/\/notinor.com\/jujuy\/wp-json\/wp\/v2\/media?parent=446916"}],"wp:term":[{"taxonomy":"category","embeddable":true,"href":"https:\/\/notinor.com\/jujuy\/wp-json\/wp\/v2\/categories?post=446916"},{"taxonomy":"post_tag","embeddable":true,"href":"https:\/\/notinor.com\/jujuy\/wp-json\/wp\/v2\/tags?post=446916"}],"curies":[{"name":"wp","href":"https:\/\/api.w.org\/{rel}","templated":true}]}}