{"id":446913,"date":"2026-09-03T13:38:29","date_gmt":"2026-09-03T16:38:29","guid":{"rendered":"https:\/\/notinor.com\/jujuy\/?p=446913"},"modified":"2026-09-03T13:38:30","modified_gmt":"2026-09-03T16:38:30","slug":"javier-milei-participa-del-v-encuentro-regional-del-foro-madrid-en-santiago-de-chile-y-se-reunira-con-jose-antonio-kast","status":"publish","type":"post","link":"https:\/\/notinor.com\/jujuy\/javier-milei-participa-del-v-encuentro-regional-del-foro-madrid-en-santiago-de-chile-y-se-reunira-con-jose-antonio-kast\/","title":{"rendered":"Javier Milei participa del V Encuentro Regional del\u00a0Foro\u00a0Madrid en Santiago de\u00a0Chile y\u00a0se reunir\u00e1 con Jos\u00e9 Antonio Kast"},"content":{"rendered":"\n<p class=\"has-medium-font-size\"><strong><em>El Presidente realiza un viaje rel\u00e1mpago a Chile donde m\u00e1s tarde se reunir\u00e1 con Jos\u00e9 Antonio Kast y con una funcionaria del gobierno de Donald Trump.<\/em><\/strong><\/p>\n\n\n<div class=\"wp-block-image\">\n<figure class=\"aligncenter\"><img decoding=\"async\" src=\"https:\/\/i1.cronica.com.ar\/files\/image\/1704\/1704305\/6a998f70a91e4_1011_568!.jpg?s=1f995f79d06f672beb0c4cec58a18f7d&amp;d=1788404400\" alt=\"Milei disert\u00f3 en la nueva edici\u00f3n del Foro de Madrid que se lleva a cabo en Santiago de Chile.\"\/><figcaption class=\"wp-element-caption\">Milei disert\u00f3 en la nueva edici\u00f3n del Foro de Madrid que se lleva a cabo en Santiago de Chile<\/figcaption><\/figure><\/div>\n\n\n<p>El presidente <strong>Javier Milei<\/strong> particip\u00f3 este jueves de la nueva edici\u00f3n del\u00a0<strong>Foro Madrid<\/strong>, que se desarrolla en\u00a0<strong>Santiago<\/strong>\u00a0de <strong>Chile<\/strong>, y brind\u00f3 un discurso donde realiz\u00f3 una\u00a0<strong>f\u00e9rrea defensa de su gesti\u00f3n<\/strong>, arremeti\u00f3 contra la oposici\u00f3n y advirti\u00f3 sobre los riesgos que representa la izquierda. \"Quieren a nuestros pa\u00edses sometidos a un r\u00e9gimen internacional de esclavitud, aunque camuflen sus intenciones con un barniz de nacionalismo\", advirti\u00f3.<\/p>\n\n\n\n<p>El Foro Madrid es organizado por la\u00a0<strong>Fundaci\u00f3n Disenso<\/strong>, una organizaci\u00f3n vinculada al <strong>partido de ultraderecha espa\u00f1ol Vox.<\/strong> A continuaci\u00f3n, Milei tendr\u00e1 una reuni\u00f3n bilateral con su par trasandino,\u00a0<strong>Jos\u00e9 Antonio Kast<\/strong>.https:\/\/www.youtube.com\/embed\/QRYB1PGhzTk<\/p>\n\n\n\n<p>\"<strong>Chile y Am\u00e9rica Latina est\u00e1n despertando<\/strong>\", arranc\u00f3 Milei en su exposici\u00f3n al resaltar el triunfo de Kast y apuntar contra la izquierda. \"Estamos siendo testigos de un cambio que inici\u00f3 en Argentina y se fue extiendo por todo el continente que se est\u00e1 orientando hacia los valores que hicieron grande a Occidente\".<\/p>\n\n\n\n<p>Luego, en sus cuestionamientos a la izquierda, sostuvo que \"el\u00a0<strong>falso nacionalismo<\/strong>\u00a0del que a veces hacen gala solo oculta que son un movimiento sin patria, sin futuro y condenado a hacer fracasar a los pa\u00edses\".<\/p>\n\n\n\n<p>\"<strong>Durante d\u00e9cadas, la izquierda organizada someti\u00f3 a los pa\u00edses a su influencia, usaron sus ideas nefastas para empobrecernos<\/strong>. Nosotros amamos a nuestro pa\u00eds y la \u00fanica manera de defender la soberan\u00eda es teniendo un pa\u00eds rico, pujante, con inversi\u00f3n y los recursos necesarios para protegernos\", subray\u00f3.<\/p>\n\n\n\n<p><strong>\"Nuestro modelo funciona y vamos por el rumbo correcto\"<\/strong><\/p>\n\n\n\n<p>En la segunda parte de su discurso,\u00a0<strong>Milei<\/strong>\u00a0se dedic\u00f3 a defender su gesti\u00f3n y arremeter contra la oposici\u00f3n. \"<strong>En 2025 en Argentina intentaron un golpe de Estado<\/strong>\", denunci\u00f3 y se\u00f1al\u00f3 que \"utilizaron el Congreso para intentar aprobar decenas de leyes que apuntaban a romper el equilibrio econ\u00f3mico\".<\/p>\n\n\n\n<p>\"Tambi\u00e9n lo intentaron hacer desde las calles. Tuvimos que deportar a m\u00e1s de 10 mil personas en 2025 y, en lo que va del a\u00f1o, 14 mil. Afortunadamente\u00a0<strong>nuestro programa econ\u00f3mico est\u00e1 tan bien dise\u00f1ado que soport\u00f3 todos los embates<\/strong>\u00a0y todo lo que intentaron sali\u00f3 mal, pero le cost\u00f3 a la Argentina meses de desaceleraci\u00f3n del crecimiento y un repunte de la inflaci\u00f3n\", afirm\u00f3.<\/p>\n\n\n\n<p>En este marco, asever\u00f3: \"<strong>Hace 27 meses que estamos creciendo<\/strong>. Bajamos la pobreza en 25 puntos y la infantil en 30 puntos\".<\/p>\n\n\n<div class=\"wp-block-image\">\n<figure class=\"aligncenter\"><img decoding=\"async\" src=\"https:\/\/www.cronica.com.ar\/files\/image\/1704\/1704293\/6a9983ef5383a_700_417!.webp?s=daf6bbeb2ba6e93db16ab6136c682993&amp;d=1788448669&amp;oe=jpg\" alt=\"&quot;Chile y Am\u00e9rica Latina est\u00e1n despertando&quot;, arranc\u00f3 Milei en su exposici\u00f3n al resaltar el triunfo de Kast y apuntar contra la izquierda. &quot;Estamos siendo testigos de un cambio que inici\u00f3 en Argentina y se fue extiendo por todo el continente que se est\u00e1 orientando hacia los valores que hicieron grande a Occidente&quot;.Luego, en sus cuestionamientos a la izquierda, sostuvo que &quot;el falso nacionalismo del que a veces hacen gala solo oculta que son un movimiento sin patria, sin futuro y condenado a hacer fracasar a los pa\u00edses&quot;.googletag.cmd.push(function(){googletag.display('interparrafo02')});&quot;Durante d\u00e9cadas, la izquierda organizada someti\u00f3 a los pa\u00edses a su influencia, usaron sus ideas nefastas para empobrecernos. Nosotros amamos a nuestro pa\u00eds y la \u00fanica manera de defender la soberan\u00eda es teniendo un pa\u00eds rico, pujante, con inversi\u00f3n y los recursos necesarios para protegernos&quot;, subray\u00f3.&quot;Nuestro modelo funciona y vamos por el rumbo correcto&quot;En la segunda parte de su discurso, Milei se dedic\u00f3 a defender su gesti\u00f3n y arremeter contra la oposici\u00f3n. &quot;En 2025 en Argentina intentaron un golpe de Estado&quot;, denunci\u00f3 y se\u00f1al\u00f3 que &quot;utilizaron el Congreso para intentar aprobar decenas de leyes que apuntaban a romper el equilibrio econ\u00f3mico&quot;.&quot;Tambi\u00e9n lo intentaron hacer desde las calles. Tuvimos que deportar a m\u00e1s de 10 mil personas en 2025 y, en lo que va del a\u00f1o, 14 mil. Afortunadamente nuestro programa econ\u00f3mico est\u00e1 tan bien dise\u00f1ado que soport\u00f3 todos los embates y todo lo que intentaron sali\u00f3 mal, pero le cost\u00f3 a la Argentina meses de desaceleraci\u00f3n del crecimiento y un repunte de la inflaci\u00f3n&quot;, afirm\u00f3.En este marco, asever\u00f3: &quot;Hace 27 meses que estamos creciendo. Bajamos la pobreza en 25 puntos y la infantil en 30 puntos&quot;.Javier Milei defendi\u00f3 su gesti\u00f3n y apunt\u00f3 contra la izquierda al exponer ante el Foro Madrid.\"\/><figcaption class=\"wp-element-caption\">Javier Milei defendi\u00f3 su gesti\u00f3n y apunt\u00f3 contra la izquierda al exponer ante el Foro Madrid.<\/figcaption><\/figure><\/div>\n\n\n<p>En el cierre de su exposici\u00f3n, insisti\u00f3 en que a la izquierda \"<em>no le interesa solucionar nada<\/em>\", sino \"<em>expandir su ideolog\u00eda<\/em>\" y record\u00f3 la experiencia del gobierno de&nbsp;<strong>Mauricio Macri<\/strong>, en 2017, cuando, seg\u00fan Milei, \"<strong><em>ten\u00eda la econom\u00eda creciendo y la pobreza en su pico m\u00e1s bajo en d\u00e9cadas, y a\u00fan as\u00ed lograron instalar el caos en la calle hasta hacerle perder el rumbo<\/em><\/strong>\".<\/p>\n\n\n\n<p>\"Nosotros\u00a0<strong>aprendimos esa lecci\u00f3n<\/strong>,\u00a0<strong>no nos vamos a dejar descarrilar<\/strong>\u00a0por su relato, porque sabemos que por m\u00e1s ruido que hagan en el camino, siempre est\u00e1 la realidad. El rumbo es el correcto,\u00a0<strong>no vamos a ceder un \u00e1pice en ninguna de nuestras pol\u00edticas<\/strong>\", sentenci\u00f3.<\/p>\n\n\n\n<p><strong>Reuni\u00f3n con Kast<\/strong><\/p>\n\n\n\n<p>Tras su presencia en el Foro Madrid, el l\u00edder de La Libertad Avanza (LLA) se trasladar\u00e1 al Palacio de la Moneda donde a las\u00a0<strong>12<\/strong>\u00a0tendr\u00e1 el encuentro con <strong>Kast.<\/strong>Ser\u00e1 la\u00a0<strong>cuarta vez que el mandatario argentino se reunir\u00e1 con su par chileno<\/strong>. Kast visit\u00f3 la Casa Rosada apenas dos d\u00edas despu\u00e9s de ser electo, en diciembre pasado, mientras que Milei viaj\u00f3 a Valpara\u00edso el 11 de marzo para su asunci\u00f3n.<\/p>\n\n\n\n<p>Volvieron a verse en abril, cuando Kast eligi\u00f3 la Argentina como primer destino de su gesti\u00f3n.<\/p>\n\n\n<div class=\"wp-block-image\">\n<figure class=\"aligncenter\"><img decoding=\"async\" src=\"https:\/\/www.cronica.com.ar\/files\/image\/1630\/1630501\/69b15f851bc00_700_350!.webp?s=6379914c553174958a65cce17405581c&amp;d=1788441689&amp;oe=jpg\" alt=\"Javier Milei tendr\u00e1 una nueva reuni\u00f3n con su par chileno, Jos\u00e9 Antonio Kast.\"\/><figcaption class=\"wp-element-caption\">Javier Milei tendr\u00e1 una nueva reuni\u00f3n con su par chileno, Jos\u00e9 Antonio Kast.<\/figcaption><\/figure><\/div>\n\n\n<p>Durante su estad\u00eda en Chile, Milei adem\u00e1s tiene en agenda una reuni\u00f3n con una funcionaria del <strong>gobierno de Donald Trump.<\/strong> Se trata de\u00a0<strong>Sarah Rogers<\/strong>, subsecretaria de Estado para la Diplomacia P\u00fablica de los Estados Unidos.<\/p>\n","protected":false},"excerpt":{"rendered":"<p>El Presidente realiza un viaje rel\u00e1mpago a Chile donde m\u00e1s tarde se reunir\u00e1 con Jos\u00e9 Antonio Kast y con una funcionaria del gobierno de Donald Trump. El presidente Javier Milei particip\u00f3 este jueves de la nueva edici\u00f3n del\u00a0Foro Madrid, que se desarrolla en\u00a0Santiago\u00a0de Chile, y brind\u00f3 un discurso donde realiz\u00f3 una\u00a0f\u00e9rrea defensa de su gesti\u00f3n, [&hellip;]<\/p>\n","protected":false},"author":5,"featured_media":446914,"comment_status":"open","ping_status":"open","sticky":false,"template":"","format":"standard","meta":{"_stopmodifiedupdate":false,"_modified_date":"","inline_featured_image":false},"categories":[501],"tags":[],"jetpack_featured_media_url":"https:\/\/notinor.com\/jujuy\/wp-content\/uploads\/2026\/09\/milei-1.jpg","_links":{"self":[{"href":"https:\/\/notinor.com\/jujuy\/wp-json\/wp\/v2\/posts\/446913"}],"collection":[{"href":"https:\/\/notinor.com\/jujuy\/wp-json\/wp\/v2\/posts"}],"about":[{"href":"https:\/\/notinor.com\/jujuy\/wp-json\/wp\/v2\/types\/post"}],"author":[{"embeddable":true,"href":"https:\/\/notinor.com\/jujuy\/wp-json\/wp\/v2\/users\/5"}],"replies":[{"embeddable":true,"href":"https:\/\/notinor.com\/jujuy\/wp-json\/wp\/v2\/comments?post=446913"}],"version-history":[{"count":1,"href":"https:\/\/notinor.com\/jujuy\/wp-json\/wp\/v2\/posts\/446913\/revisions"}],"predecessor-version":[{"id":446915,"href":"https:\/\/notinor.com\/jujuy\/wp-json\/wp\/v2\/posts\/446913\/revisions\/446915"}],"wp:featuredmedia":[{"embeddable":true,"href":"https:\/\/notinor.com\/jujuy\/wp-json\/wp\/v2\/media\/446914"}],"wp:attachment":[{"href":"https:\/\/notinor.com\/jujuy\/wp-json\/wp\/v2\/media?parent=446913"}],"wp:term":[{"taxonomy":"category","embeddable":true,"href":"https:\/\/notinor.com\/jujuy\/wp-json\/wp\/v2\/categories?post=446913"},{"taxonomy":"post_tag","embeddable":true,"href":"https:\/\/notinor.com\/jujuy\/wp-json\/wp\/v2\/tags?post=446913"}],"curies":[{"name":"wp","href":"https:\/\/api.w.org\/{rel}","templated":true}]}}