{"id":446910,"date":"2026-09-03T13:17:15","date_gmt":"2026-09-03T16:17:15","guid":{"rendered":"https:\/\/notinor.com\/jujuy\/?p=446910"},"modified":"2026-09-03T13:17:16","modified_gmt":"2026-09-03T16:17:16","slug":"malvinas-la-reaccion-del-gobierno-por-las-declaraciones-de-donald-trump","status":"publish","type":"post","link":"https:\/\/notinor.com\/jujuy\/malvinas-la-reaccion-del-gobierno-por-las-declaraciones-de-donald-trump\/","title":{"rendered":"Malvinas: la reacci\u00f3n del Gobierno por las declaraciones de Donald Trump"},"content":{"rendered":"\n<p class=\"has-medium-font-size\"><strong><em>El canciller se refiri\u00f3 a la posibilidad planteada por el presidente estadounidense de revisar su postura sobre la soberan\u00eda de las islas y sostuvo que Argentina debe fortalecer sus herramientas diplom\u00e1tica<\/em><\/strong>s.<\/p>\n\n\n<div class=\"wp-block-image\">\n<figure class=\"aligncenter\"><img decoding=\"async\" src=\"https:\/\/i0.wp.com\/www.elsol.com.ar\/wp-content\/uploads\/2026\/07\/tierra-del-fuego-malvinas.jpg?fit=780%2C439&amp;ssl=1\" alt=\"\"\/><\/figure><\/div>\n\n\n<p><\/p>\n\n\n\n<p>El canciller<strong>&nbsp;Pablo Quirno<\/strong>&nbsp;se refiri\u00f3 a las declaraciones del presidente de Estados Unidos, quien asegur\u00f3 que podr\u00eda revisar su postura sobre la&nbsp;<strong>soberan\u00eda de las Islas Malvinas<\/strong>. El funcionario sostuvo que&nbsp;<strong>Argentina&nbsp;<\/strong>debe mantener el reclamo y reforzar sus herramientas diplom\u00e1ticas para defender sus intereses.<\/p>\n\n\n\n<p>El ministro de Relaciones Exteriores y Culto,\u00a0<strong>Pablo Quirno<\/strong>, asegur\u00f3 que la Argentina debe mantener firme su reclamo por la soberan\u00eda de las Islas Malvinas, luego de que el presidente de Estados Unidos,\u00a0<strong>Donald Trump<\/strong>, afirmara que podr\u00eda revisar su postura sobre la cuesti\u00f3n. El canciller se refiri\u00f3 al tema durante una edici\u00f3n especial del programa\u00a0Econom\u00eda de Quincho, emitido por Infobae en Vivo.<\/p>\n\n\n\n<p>\u201cEl tema Malvinas es muy claro. Las Malvinas est\u00e1n en el centro del coraz\u00f3n de cada argentino. Es una obligaci\u00f3n y una responsabilidad para nosotros mantener vivo el reclamo sobre la soberan\u00eda\u201d, sostuvo Quirno. Sus declaraciones se produjeron despu\u00e9s de que <strong>Trump<\/strong> se\u00f1alara que est\u00e1 dispuesto a revisar sus posiciones, en el marco de la disputa territorial que Argentina mantiene con el Reino Unido.<\/p>\n\n\n\n<p>El canciller evit\u00f3 anticipar movimientos sobre una eventual modificaci\u00f3n de la postura estadounidense y remarc\u00f3 que la estrategia argentina debe concentrarse en aquello que el pa\u00eds puede controlar. \u201cSobre lo que no tenemos control, no operamos. Nosotros operamos sobre lo que nosotros operamos\u201d, afirm\u00f3. En ese sentido, sostuvo que la soluci\u00f3n debe ser diplom\u00e1tica y que Argentina debe fortalecer su posici\u00f3n en los distintos foros internacionales y sumar el respaldo de otros pa\u00edses.<\/p>\n\n\n\n<p>El funcionario tambi\u00e9n plante\u00f3 la necesidad de contar con \u201cacciones de la diplomacia m\u00e1s concreta y mejores instrumentos\u201d para responder a lo que defini\u00f3 como\u00a0<strong>acciones unilaterales del Reino Unido vinculadas con la explotaci\u00f3n de recursos en el Atl\u00e1ntico Sur<\/strong>. \u201cSon nuestros\u201d, afirm\u00f3 el canciller.<\/p>\n\n\n\n<p>Quirno remarc\u00f3 que Argentina no puede depender de decisiones externas para sostener su reclamo. \u201cDe la misma manera que cuando hicimos el plan de gobierno no pod\u00edamos depender de nadie, en este caso es lo mismo: tenemos que hacer los deberes para aumentar nuestras chances de que el reclamo leg\u00edtimo que tiene Argentina sobre la soberan\u00eda sea escuchado\u201d, se\u00f1al\u00f3.<\/p>\n\n\n\n<p>En relaci\u00f3n con las se\u00f1ales contradictorias provenientes de Estados Unidos, el canciller record\u00f3 un episodio ocurrido meses atr\u00e1s, cuando trascendi\u00f3 un supuesto correo electr\u00f3nico filtrado del Pent\u00e1gono que hab\u00eda generado una discusi\u00f3n sobre la posici\u00f3n de Washington. Por eso, opt\u00f3 por la cautela y evit\u00f3 interpretar las declaraciones de Trump como un cambio concreto en la pol\u00edtica estadounidense respecto de Malvinas.<\/p>\n","protected":false},"excerpt":{"rendered":"<p>El canciller se refiri\u00f3 a la posibilidad planteada por el presidente estadounidense de revisar su postura sobre la soberan\u00eda de las islas y sostuvo que Argentina debe fortalecer sus herramientas diplom\u00e1ticas. El canciller&nbsp;Pablo Quirno&nbsp;se refiri\u00f3 a las declaraciones del presidente de Estados Unidos, quien asegur\u00f3 que podr\u00eda revisar su postura sobre la&nbsp;soberan\u00eda de las Islas [&hellip;]<\/p>\n","protected":false},"author":5,"featured_media":446911,"comment_status":"open","ping_status":"open","sticky":false,"template":"","format":"standard","meta":{"_stopmodifiedupdate":false,"_modified_date":"","inline_featured_image":false},"categories":[501],"tags":[],"jetpack_featured_media_url":"https:\/\/notinor.com\/jujuy\/wp-content\/uploads\/2026\/09\/MALVINAS.jpg","_links":{"self":[{"href":"https:\/\/notinor.com\/jujuy\/wp-json\/wp\/v2\/posts\/446910"}],"collection":[{"href":"https:\/\/notinor.com\/jujuy\/wp-json\/wp\/v2\/posts"}],"about":[{"href":"https:\/\/notinor.com\/jujuy\/wp-json\/wp\/v2\/types\/post"}],"author":[{"embeddable":true,"href":"https:\/\/notinor.com\/jujuy\/wp-json\/wp\/v2\/users\/5"}],"replies":[{"embeddable":true,"href":"https:\/\/notinor.com\/jujuy\/wp-json\/wp\/v2\/comments?post=446910"}],"version-history":[{"count":1,"href":"https:\/\/notinor.com\/jujuy\/wp-json\/wp\/v2\/posts\/446910\/revisions"}],"predecessor-version":[{"id":446912,"href":"https:\/\/notinor.com\/jujuy\/wp-json\/wp\/v2\/posts\/446910\/revisions\/446912"}],"wp:featuredmedia":[{"embeddable":true,"href":"https:\/\/notinor.com\/jujuy\/wp-json\/wp\/v2\/media\/446911"}],"wp:attachment":[{"href":"https:\/\/notinor.com\/jujuy\/wp-json\/wp\/v2\/media?parent=446910"}],"wp:term":[{"taxonomy":"category","embeddable":true,"href":"https:\/\/notinor.com\/jujuy\/wp-json\/wp\/v2\/categories?post=446910"},{"taxonomy":"post_tag","embeddable":true,"href":"https:\/\/notinor.com\/jujuy\/wp-json\/wp\/v2\/tags?post=446910"}],"curies":[{"name":"wp","href":"https:\/\/api.w.org\/{rel}","templated":true}]}}