{"id":446907,"date":"2026-09-03T13:09:56","date_gmt":"2026-09-03T16:09:56","guid":{"rendered":"https:\/\/notinor.com\/jujuy\/?p=446907"},"modified":"2026-09-03T13:09:58","modified_gmt":"2026-09-03T16:09:58","slug":"trump-hablo-de-malvinas-recordo-la-guerra-de-1982-y-le-paso-factura-al-reino-unido","status":"publish","type":"post","link":"https:\/\/notinor.com\/jujuy\/trump-hablo-de-malvinas-recordo-la-guerra-de-1982-y-le-paso-factura-al-reino-unido\/","title":{"rendered":"Trump habl\u00f3 de Malvinas, record\u00f3 la guerra de 1982 y le pas\u00f3 factura al Reino Unido"},"content":{"rendered":"\n<p class=\"has-medium-font-size\"><strong><em>El presidente de Estados Unidos fue consultado sobre un eventual apoyo a Londres ante un nuevo reclamo argentino por las islas.<\/em><\/strong><\/p>\n\n\n<div class=\"wp-block-image\">\n<figure class=\"aligncenter\"><img decoding=\"async\" src=\"https:\/\/i0.wp.com\/www.elsol.com.ar\/wp-content\/uploads\/2026\/09\/OWVGMCECZVDIFKA56OPR4JNC4E.jpg?fit=780%2C520&amp;ssl=1\" alt=\"\"\/><figcaption class=\"wp-element-caption\">Donald Trump<\/figcaption><\/figure><\/div>\n\n\n<p>El presidente de Estados Unidos,&nbsp;<strong>Donald Trump<\/strong>, volvi\u00f3 a referirse a la&nbsp;<strong>Guerra de Malvinas<\/strong>&nbsp;y evit\u00f3 pronunciarse de manera contundente sobre si Washington respaldar\u00eda al&nbsp;<strong>Reino Unido<\/strong>&nbsp;ante un eventual reclamo argentino por la soberan\u00eda del archipi\u00e9lago.<\/p>\n\n\n\n<p>Las declaraciones se produjeron durante una entrevista con la cadena brit\u00e1nica&nbsp;<em>GB News<\/em>, en la que el mandatario estadounidense tambi\u00e9n lanz\u00f3 fuertes cr\u00edticas contra Londres por su falta de apoyo durante las recientes operaciones militares en&nbsp;<strong>Ir\u00e1n<\/strong>.<\/p>\n\n\n\n<p>El presidente Javier Milei volvi\u00f3 a defender con firmeza el rumbo econ\u00f3mico de su Gobierno y asegur\u00f3 que no modificar\u00e1 sus pol\u00edticas frente a las cr\u00edticas de la oposici\u00f3n. Durante su participaci\u00f3n en un foro regional de dirigentes de derecha realizado\u2026<\/p>\n\n\n\n<p>La entrevista tuvo lugar pocas horas antes del mensaje que el presidente argentino,&nbsp;<strong>Javier Milei<\/strong>, tiene previsto brindar este jueves por la noche en cadena nacional para referirse a las&nbsp;<strong>Islas Malvinas<\/strong>.<\/p>\n\n\n\n<p><strong>Qu\u00e9 dijo Trump sobre las Malvinas<\/strong><\/p>\n\n\n\n<p>Consultado por la periodista Bev Turner sobre cu\u00e1l ser\u00eda la posici\u00f3n de Estados Unidos frente a un eventual intento argentino de avanzar sobre la soberan\u00eda de las islas, Trump record\u00f3 el conflicto ocurrido en 1982.<\/p>\n\n\n\n<p>\u201cEstuve all\u00ed cuando fue la primera guerra. Fue hace mucho tiempo y lo observ\u00e9 muy de cerca\u201d, se\u00f1al\u00f3 el mandatario.<\/p>\n\n\n\n<p>Trump destac\u00f3 adem\u00e1s la actuaci\u00f3n brit\u00e1nica durante aquella guerra y sostuvo que el Reino Unido\u00a0\u201cse condujo muy bien\u201d\u00a0y recuper\u00f3 las islas\u00a0\u201ccon bastante firmeza\u201d.<\/p>\n\n\n\n<p>Sin embargo, no respondi\u00f3 de manera directa si Estados Unidos volver\u00eda a respaldar militarmente a Londres en un escenario similar.<\/p>\n\n\n\n<p>En cambio, remarc\u00f3 la distancia temporal desde aquel conflicto y se\u00f1al\u00f3 que\u00a0\u201ceso qued\u00f3 muy lejos\u201d, al referirse a la guerra que enfrent\u00f3 a Argentina y el Reino Unido durante 74 d\u00edas en 1982.<\/p>\n\n\n\n<h3 id=\"h-trump-cuestiono-al-reino-unido-por-su-postura-en-iran\"><\/h3>\n\n\n\n<p><strong>Trump cuestion\u00f3 al Reino Unido por su postura en Ir\u00e1n<\/strong><\/p>\n\n\n\n<p>Durante la misma entrevista, el presidente estadounidense expres\u00f3 su malestar con el gobierno brit\u00e1nico por la falta de apoyo militar durante las operaciones en Ir\u00e1n.<\/p>\n\n\n\n<p>Trump sostuvo que el Reino Unido tiene una fuerte dependencia del&nbsp;<strong>estrecho de Ormuz<\/strong>&nbsp;para garantizar parte de su abastecimiento de petr\u00f3leo y consider\u00f3 llamativa la ausencia brit\u00e1nica en ese escenario.<\/p>\n\n\n\n<p>\u201cTu pa\u00eds no est\u00e1 yendo bien. No olvides que obtiene un gran porcentaje de su petr\u00f3leo del estrecho de Ormuz, y no estuvieron all\u00ed para ayudarme\u201d, afirm\u00f3 durante la entrevista.<\/p>\n\n\n\n<p>Seg\u00fan su relato, hab\u00eda solicitado colaboraci\u00f3n a la&nbsp;<strong>OTAN<\/strong>&nbsp;y tambi\u00e9n hab\u00eda planteado al entonces primer ministro brit\u00e1nico,&nbsp;<strong>Keir Starmer<\/strong>, la posibilidad de enviar embarcaciones.<\/p>\n\n\n\n<p>\u201c\u00bfPor qu\u00e9 no enviaste un par de barcos?\u201d, cont\u00f3 Trump que le pregunt\u00f3. De acuerdo con su versi\u00f3n, la respuesta fue que el Reino Unido no contaba con embarcaciones disponibles.<\/p>\n\n\n\n<p>El presidente estadounidense calific\u00f3 la situaci\u00f3n como \u201cbastante triste\u201d, aunque posteriormente aclar\u00f3 que no se sent\u00eda herido por la falta de respaldo brit\u00e1nico.<\/p>\n\n\n\n<p>\u201cNo me sent\u00ed herido. Lo llamo un proceso de aprendizaje\u201d, sostuvo.<\/p>\n\n\n\n<p><strong>El Reino Unido ratific\u00f3 su posici\u00f3n sobre las islas<\/strong><\/p>\n\n\n\n<p>Las declaraciones de Trump generaron repercusiones en Londres. La ministra laborista&nbsp;<strong>Anna Turley<\/strong>&nbsp;reafirm\u00f3 la postura hist\u00f3rica del Reino Unido respecto de la soberan\u00eda del archipi\u00e9lago.<\/p>\n\n\n\n<p>\u201cLas Malvinas son brit\u00e1nicas y seguir\u00e1n siendo brit\u00e1nicas\u201d, sostuvo la funcionaria en declaraciones a\u00a0GB News.<\/p>\n\n\n\n<p>De esta manera, las palabras de Trump volvieron a instalar el tema de las&nbsp;<strong>Islas Malvinas<\/strong>&nbsp;en medio de una jornada de particular expectativa en Argentina.<\/p>\n\n\n\n<p><strong>Milei hablar\u00e1 sobre Malvinas<\/strong><\/p>\n\n\n\n<p>El presidente&nbsp;<strong>Javier Milei<\/strong>&nbsp;tiene previsto dirigirse al pa\u00eds este jueves a las&nbsp;<strong>21<\/strong>, en un mensaje por cadena nacional en el que abordar\u00e1 el tema Malvinas.<\/p>\n\n\n\n<p>El Gobierno argentino mantuvo hasta el momento un fuerte hermetismo sobre el contenido del discurso. La informaci\u00f3n fue trabajada junto con funcionarios de la&nbsp;<strong>Canciller\u00eda<\/strong>, encabezada por Pablo Quirno, y de la&nbsp;<strong>Secretar\u00eda de Inteligencia del Estado (SIDE)<\/strong>, a cargo de Cristian Auguadra.<\/p>\n\n\n\n<p>En los \u00faltimos d\u00edas, ambos funcionarios habr\u00edan mantenido reuniones con Milei para definir los detalles del mensaje.<\/p>\n\n\n\n<p>La expectativa tambi\u00e9n aument\u00f3 despu\u00e9s del ingreso a la Casa Rosada de un empresario brit\u00e1nico, quien mantuvo un encuentro bajo estricta reserva.<\/p>\n","protected":false},"excerpt":{"rendered":"<p>El presidente de Estados Unidos fue consultado sobre un eventual apoyo a Londres ante un nuevo reclamo argentino por las islas. El presidente de Estados Unidos,&nbsp;Donald Trump, volvi\u00f3 a referirse a la&nbsp;Guerra de Malvinas&nbsp;y evit\u00f3 pronunciarse de manera contundente sobre si Washington respaldar\u00eda al&nbsp;Reino Unido&nbsp;ante un eventual reclamo argentino por la soberan\u00eda del archipi\u00e9lago. Las [&hellip;]<\/p>\n","protected":false},"author":5,"featured_media":446908,"comment_status":"open","ping_status":"open","sticky":false,"template":"","format":"standard","meta":{"_stopmodifiedupdate":false,"_modified_date":"","inline_featured_image":false},"categories":[6],"tags":[],"jetpack_featured_media_url":"https:\/\/notinor.com\/jujuy\/wp-content\/uploads\/2026\/09\/DONALD.jpg","_links":{"self":[{"href":"https:\/\/notinor.com\/jujuy\/wp-json\/wp\/v2\/posts\/446907"}],"collection":[{"href":"https:\/\/notinor.com\/jujuy\/wp-json\/wp\/v2\/posts"}],"about":[{"href":"https:\/\/notinor.com\/jujuy\/wp-json\/wp\/v2\/types\/post"}],"author":[{"embeddable":true,"href":"https:\/\/notinor.com\/jujuy\/wp-json\/wp\/v2\/users\/5"}],"replies":[{"embeddable":true,"href":"https:\/\/notinor.com\/jujuy\/wp-json\/wp\/v2\/comments?post=446907"}],"version-history":[{"count":1,"href":"https:\/\/notinor.com\/jujuy\/wp-json\/wp\/v2\/posts\/446907\/revisions"}],"predecessor-version":[{"id":446909,"href":"https:\/\/notinor.com\/jujuy\/wp-json\/wp\/v2\/posts\/446907\/revisions\/446909"}],"wp:featuredmedia":[{"embeddable":true,"href":"https:\/\/notinor.com\/jujuy\/wp-json\/wp\/v2\/media\/446908"}],"wp:attachment":[{"href":"https:\/\/notinor.com\/jujuy\/wp-json\/wp\/v2\/media?parent=446907"}],"wp:term":[{"taxonomy":"category","embeddable":true,"href":"https:\/\/notinor.com\/jujuy\/wp-json\/wp\/v2\/categories?post=446907"},{"taxonomy":"post_tag","embeddable":true,"href":"https:\/\/notinor.com\/jujuy\/wp-json\/wp\/v2\/tags?post=446907"}],"curies":[{"name":"wp","href":"https:\/\/api.w.org\/{rel}","templated":true}]}}