{"id":446899,"date":"2026-09-03T13:01:03","date_gmt":"2026-09-03T16:01:03","guid":{"rendered":"https:\/\/notinor.com\/jujuy\/?p=446899"},"modified":"2026-09-03T13:01:05","modified_gmt":"2026-09-03T16:01:05","slug":"el-concejo-deliberante-de-san-salvador-de-jujuy-concreto-su-12a-sesion-ordinaria","status":"publish","type":"post","link":"https:\/\/notinor.com\/jujuy\/el-concejo-deliberante-de-san-salvador-de-jujuy-concreto-su-12a-sesion-ordinaria\/","title":{"rendered":"El Concejo Deliberante de San Salvador de Jujuy concret\u00f3 su 12\u00aa Sesi\u00f3n Ordinaria"},"content":{"rendered":"\n<p class=\"has-medium-font-size\"><strong><em>En el recinto de sesiones del Concejo Deliberante de San Salvador de Jujuy, se llev\u00f3 a cabo la duod\u00e9cima Sesi\u00f3n Ordinaria del presente per\u00edodo legislativo, oportunidad en la cual los ediles de los diferentes bloques pol\u00edticos dieron tratamiento a diversos dispositivos legales.<\/em><\/strong><\/p>\n\n\n<div class=\"wp-block-image\">\n<figure class=\"aligncenter size-large\"><img decoding=\"async\" loading=\"lazy\" width=\"754\" height=\"480\" src=\"https:\/\/notinor.com\/jujuy\/wp-content\/uploads\/2026\/09\/SESION1-754x480.jpg\" alt=\"\" class=\"wp-image-446901\" srcset=\"https:\/\/notinor.com\/jujuy\/wp-content\/uploads\/2026\/09\/SESION1-754x480.jpg 754w, https:\/\/notinor.com\/jujuy\/wp-content\/uploads\/2026\/09\/SESION1-573x365.jpg 573w, https:\/\/notinor.com\/jujuy\/wp-content\/uploads\/2026\/09\/SESION1-768x489.jpg 768w, https:\/\/notinor.com\/jujuy\/wp-content\/uploads\/2026\/09\/SESION1-1536x978.jpg 1536w, https:\/\/notinor.com\/jujuy\/wp-content\/uploads\/2026\/09\/SESION1-2048x1304.jpg 2048w, https:\/\/notinor.com\/jujuy\/wp-content\/uploads\/2026\/09\/SESION1-750x478.jpg 750w, https:\/\/notinor.com\/jujuy\/wp-content\/uploads\/2026\/09\/SESION1-1140x726.jpg 1140w\" sizes=\"(max-width: 754px) 100vw, 754px\" \/><\/figure><\/div>\n\n\n<p><\/p>\n\n\n\n<p>Entre ellos, se dio curso favorable al decreto acuerdo enviado por el Ejecutivo, por el cual <strong>se prorroga la Emergencia al Servicio P\u00fablico de Transporte Urbano de Pasajeros<\/strong>, por el t\u00e9rmino de 2 a\u00f1os, conforme a lo establecido en el art\u00edculo 2 de la ordenanza 7978 del a\u00f1o 2023.<\/p>\n\n\n<div class=\"wp-block-image\">\n<figure class=\"aligncenter size-large\"><img decoding=\"async\" loading=\"lazy\" width=\"720\" height=\"480\" src=\"https:\/\/notinor.com\/jujuy\/wp-content\/uploads\/2026\/09\/SESION1-1-720x480.jpg\" alt=\"\" class=\"wp-image-446902\" srcset=\"https:\/\/notinor.com\/jujuy\/wp-content\/uploads\/2026\/09\/SESION1-1-720x480.jpg 720w, https:\/\/notinor.com\/jujuy\/wp-content\/uploads\/2026\/09\/SESION1-1-548x365.jpg 548w, https:\/\/notinor.com\/jujuy\/wp-content\/uploads\/2026\/09\/SESION1-1-768x512.jpg 768w, https:\/\/notinor.com\/jujuy\/wp-content\/uploads\/2026\/09\/SESION1-1-1536x1024.jpg 1536w, https:\/\/notinor.com\/jujuy\/wp-content\/uploads\/2026\/09\/SESION1-1-2048x1365.jpg 2048w, https:\/\/notinor.com\/jujuy\/wp-content\/uploads\/2026\/09\/SESION1-1-750x500.jpg 750w, https:\/\/notinor.com\/jujuy\/wp-content\/uploads\/2026\/09\/SESION1-1-1140x760.jpg 1140w\" sizes=\"(max-width: 720px) 100vw, 720px\" \/><\/figure><\/div>\n\n\n<p><\/p>\n\n\n\n<p>La sesi\u00f3n fue presidida por la Vicepresidenta 1\u00b0 del cuerpo, concejal <strong>Graciela Carrasco,<\/strong> quien tras culminar las deliberaciones, aludi\u00f3 al tema antes mencionado destacando: \"Tuvimos la presencia del Secretario de Servicios P\u00fablicos de la Municipalidad Guillermo Marenco, que fue invitado para explicarnos los argumentos de la pr\u00f3rroga a la emergencia del transporte p\u00fablico de pasajeros; sabemos la situaci\u00f3n econ\u00f3mica de la provincia, del municipio y que Naci\u00f3n no est\u00e1 transfiriendo los fondos que corresponde del tema del combustible\".<\/p>\n\n\n<div class=\"wp-block-image\">\n<figure class=\"aligncenter size-large\"><img decoding=\"async\" loading=\"lazy\" width=\"720\" height=\"480\" src=\"https:\/\/notinor.com\/jujuy\/wp-content\/uploads\/2026\/09\/SESION1-2-720x480.jpg\" alt=\"\" class=\"wp-image-446903\" srcset=\"https:\/\/notinor.com\/jujuy\/wp-content\/uploads\/2026\/09\/SESION1-2-720x480.jpg 720w, https:\/\/notinor.com\/jujuy\/wp-content\/uploads\/2026\/09\/SESION1-2-548x365.jpg 548w, https:\/\/notinor.com\/jujuy\/wp-content\/uploads\/2026\/09\/SESION1-2-768x512.jpg 768w, https:\/\/notinor.com\/jujuy\/wp-content\/uploads\/2026\/09\/SESION1-2-1536x1024.jpg 1536w, https:\/\/notinor.com\/jujuy\/wp-content\/uploads\/2026\/09\/SESION1-2-2048x1365.jpg 2048w, https:\/\/notinor.com\/jujuy\/wp-content\/uploads\/2026\/09\/SESION1-2-750x500.jpg 750w, https:\/\/notinor.com\/jujuy\/wp-content\/uploads\/2026\/09\/SESION1-2-1140x760.jpg 1140w\" sizes=\"(max-width: 720px) 100vw, 720px\" \/><\/figure><\/div>\n\n\n<p><\/p>\n\n\n\n<p>Asimismo, Graciela Carrasco resalt\u00f3: \"Nos explic\u00f3 que hay tres meses de atraso de partidas que se le deb\u00eda transferir a la provincia en ese concepto, al no ocurrir esto, tampoco se le puede trasladar esos fondos al municipio; esto provoca que las empresas est\u00e9n al l\u00edmite. Ya se logr\u00f3 que se les pague un mes, quedando el resto adeudado, tenemos que ser conscientes que estamos en una situaci\u00f3n complicada\".<\/p>\n\n\n<div class=\"wp-block-image\">\n<figure class=\"aligncenter size-large\"><img decoding=\"async\" loading=\"lazy\" width=\"761\" height=\"480\" src=\"https:\/\/notinor.com\/jujuy\/wp-content\/uploads\/2026\/09\/SESION1-3-761x480.jpg\" alt=\"\" class=\"wp-image-446904\" srcset=\"https:\/\/notinor.com\/jujuy\/wp-content\/uploads\/2026\/09\/SESION1-3-761x480.jpg 761w, https:\/\/notinor.com\/jujuy\/wp-content\/uploads\/2026\/09\/SESION1-3-579x365.jpg 579w, https:\/\/notinor.com\/jujuy\/wp-content\/uploads\/2026\/09\/SESION1-3-768x484.jpg 768w, https:\/\/notinor.com\/jujuy\/wp-content\/uploads\/2026\/09\/SESION1-3-1536x969.jpg 1536w, https:\/\/notinor.com\/jujuy\/wp-content\/uploads\/2026\/09\/SESION1-3-2048x1292.jpg 2048w, https:\/\/notinor.com\/jujuy\/wp-content\/uploads\/2026\/09\/SESION1-3-750x473.jpg 750w, https:\/\/notinor.com\/jujuy\/wp-content\/uploads\/2026\/09\/SESION1-3-1140x719.jpg 1140w\" sizes=\"(max-width: 761px) 100vw, 761px\" \/><\/figure><\/div>\n\n\n<p>Otros temas<\/p>\n\n\n\n<p>Por iniciativa de los concejales <strong>Blanca Ontiveros<\/strong> y <strong>Gast\u00f3n Mill\u00f3n<\/strong>, que presentaron el proyecto respectivo, se aprob\u00f3 la minuta N\u00ba 67, que declara de Inter\u00e9s Municipal la 20\u00aa Serenata a Santa Rosa, evento cultural que se realiza anualmente en el barrio que lleva el mismo nombre y que se realiza en el marco de su 56\u00b0 aniversario y en homenaje a su patrona.<\/p>\n\n\n<div class=\"wp-block-image\">\n<figure class=\"aligncenter size-large\"><img decoding=\"async\" loading=\"lazy\" width=\"735\" height=\"480\" src=\"https:\/\/notinor.com\/jujuy\/wp-content\/uploads\/2026\/09\/SESION1-4-735x480.jpg\" alt=\"\" class=\"wp-image-446905\" srcset=\"https:\/\/notinor.com\/jujuy\/wp-content\/uploads\/2026\/09\/SESION1-4-735x480.jpg 735w, https:\/\/notinor.com\/jujuy\/wp-content\/uploads\/2026\/09\/SESION1-4-559x365.jpg 559w, https:\/\/notinor.com\/jujuy\/wp-content\/uploads\/2026\/09\/SESION1-4-768x501.jpg 768w, https:\/\/notinor.com\/jujuy\/wp-content\/uploads\/2026\/09\/SESION1-4-1536x1003.jpg 1536w, https:\/\/notinor.com\/jujuy\/wp-content\/uploads\/2026\/09\/SESION1-4-2048x1337.jpg 2048w, https:\/\/notinor.com\/jujuy\/wp-content\/uploads\/2026\/09\/SESION1-4-750x490.jpg 750w, https:\/\/notinor.com\/jujuy\/wp-content\/uploads\/2026\/09\/SESION1-4-1140x744.jpg 1140w\" sizes=\"(max-width: 735px) 100vw, 735px\" \/><\/figure><\/div>\n\n\n<p>Tambi\u00e9n se aprob\u00f3 la Ordenanza N\u00ba 8327, de autor\u00eda de la concejal <strong>Liliana Gim\u00e9nez<\/strong>, referente a la creaci\u00f3n de d\u00e1rsenas exclusivas para ambulancias y espacios de ascenso y descenso de pacientes en cl\u00ednicas, sanatorios y hospitales de la ciudad de San Salvador de Jujuy.<\/p>\n\n\n\n<p>Del mismo modo, la Ordenanza N\u00ba 8320, por iniciativa de la concejal <strong>Brenda Carabajal<\/strong>, mediante la cual se crea el \"Sello Municipal Instituci\u00f3n Segura\", para todas aquellas instituciones p\u00fablicas o privadas radicadas o que desarrollen actividades en el ejido de la ciudad, que acrediten el cumplimiento de acciones de capacitaci\u00f3n, formaci\u00f3n y adecuaci\u00f3n institucional orientadas a la seguridad, la prevenci\u00f3n, la atenci\u00f3n inicial ante emergencias y la inclusi\u00f3n de personas con capacidad\".<\/p>\n\n\n\n<p>Por \u00faltimo, tambi\u00e9n se dio curso favorable a la Minuta N\u00ba 68, por la cual se declara de Inter\u00e9s Deportivo, Comunitario y Social, la presencia en la provincia de Jujuy del boxeador profesional <strong>Fabi\u00e1n Andr\u00e9s<\/strong> <strong>\"TNT\" Maidana<\/strong> , hermano del bicampe\u00f3n del\u00a0 mundo <strong>Marcos \"El Chino\" Maidana<\/strong>, en m\u00e9rito a su destacada trayectoria a nivel nacional e internacional y a su invaluable aporte como referente para el desarrollo pugil\u00edstico y el deporte juvenil argentino. Tambi\u00e9n por el despliegue territorial, jornadas comunitarias y cl\u00ednicas deportivas que el boxeador desarrollar\u00e1 en el norte de nuestra provincia.<\/p>\n\n\n\n<p>Nota Audiovisual:&nbsp;<a href=\"https:\/\/youtu.be\/IYqvR3HkRds\" target=\"_blank\" rel=\"noreferrer noopener\">https:\/\/youtu.be\/IYqvR3HkRds<\/a><\/p>\n","protected":false},"excerpt":{"rendered":"<p>En el recinto de sesiones del Concejo Deliberante de San Salvador de Jujuy, se llev\u00f3 a cabo la duod\u00e9cima Sesi\u00f3n Ordinaria del presente per\u00edodo legislativo, oportunidad en la cual los ediles de los diferentes bloques pol\u00edticos dieron tratamiento a diversos dispositivos legales. Entre ellos, se dio curso favorable al decreto acuerdo enviado por el Ejecutivo, [&hellip;]<\/p>\n","protected":false},"author":5,"featured_media":446900,"comment_status":"open","ping_status":"open","sticky":false,"template":"","format":"standard","meta":{"_stopmodifiedupdate":false,"_modified_date":"","inline_featured_image":false},"categories":[514],"tags":[],"jetpack_featured_media_url":"https:\/\/notinor.com\/jujuy\/wp-content\/uploads\/2026\/09\/SESION-scaled.jpg","_links":{"self":[{"href":"https:\/\/notinor.com\/jujuy\/wp-json\/wp\/v2\/posts\/446899"}],"collection":[{"href":"https:\/\/notinor.com\/jujuy\/wp-json\/wp\/v2\/posts"}],"about":[{"href":"https:\/\/notinor.com\/jujuy\/wp-json\/wp\/v2\/types\/post"}],"author":[{"embeddable":true,"href":"https:\/\/notinor.com\/jujuy\/wp-json\/wp\/v2\/users\/5"}],"replies":[{"embeddable":true,"href":"https:\/\/notinor.com\/jujuy\/wp-json\/wp\/v2\/comments?post=446899"}],"version-history":[{"count":1,"href":"https:\/\/notinor.com\/jujuy\/wp-json\/wp\/v2\/posts\/446899\/revisions"}],"predecessor-version":[{"id":446906,"href":"https:\/\/notinor.com\/jujuy\/wp-json\/wp\/v2\/posts\/446899\/revisions\/446906"}],"wp:featuredmedia":[{"embeddable":true,"href":"https:\/\/notinor.com\/jujuy\/wp-json\/wp\/v2\/media\/446900"}],"wp:attachment":[{"href":"https:\/\/notinor.com\/jujuy\/wp-json\/wp\/v2\/media?parent=446899"}],"wp:term":[{"taxonomy":"category","embeddable":true,"href":"https:\/\/notinor.com\/jujuy\/wp-json\/wp\/v2\/categories?post=446899"},{"taxonomy":"post_tag","embeddable":true,"href":"https:\/\/notinor.com\/jujuy\/wp-json\/wp\/v2\/tags?post=446899"}],"curies":[{"name":"wp","href":"https:\/\/api.w.org\/{rel}","templated":true}]}}