{"id":446896,"date":"2026-09-03T12:33:25","date_gmt":"2026-09-03T15:33:25","guid":{"rendered":"https:\/\/notinor.com\/jujuy\/?p=446896"},"modified":"2026-09-03T12:33:26","modified_gmt":"2026-09-03T15:33:26","slug":"en-septiembre-seguira-vigente-el-plan-de-alivio-financiero-para-estatales-en-jujuy","status":"publish","type":"post","link":"https:\/\/notinor.com\/jujuy\/en-septiembre-seguira-vigente-el-plan-de-alivio-financiero-para-estatales-en-jujuy\/","title":{"rendered":"En septiembre seguir\u00e1 vigente el plan de alivio financiero para estatales en Jujuy"},"content":{"rendered":"\n<p class=\"has-medium-font-size\"><strong><em>El programa de refinanciaci\u00f3n, implementado originalmente en julio pasado, acumula ya dos extensiones consecutivas debido a su alto impacto operativo.<\/em><\/strong><\/p>\n\n\n<div class=\"wp-block-image\">\n<figure class=\"aligncenter size-full\"><img decoding=\"async\" loading=\"lazy\" width=\"726\" height=\"430\" src=\"https:\/\/notinor.com\/jujuy\/wp-content\/uploads\/2026\/09\/GOBIERNO.jpg\" alt=\"\" class=\"wp-image-446897\" srcset=\"https:\/\/notinor.com\/jujuy\/wp-content\/uploads\/2026\/09\/GOBIERNO.jpg 726w, https:\/\/notinor.com\/jujuy\/wp-content\/uploads\/2026\/09\/GOBIERNO-616x365.jpg 616w\" sizes=\"(max-width: 726px) 100vw, 726px\" \/><\/figure><\/div>\n\n\n<p><\/p>\n\n\n\n<p id=\"p-1788357154354-63820\">El\u00a0<strong>Gobierno de Juju<\/strong>y <strong>anunci\u00f3 la pr\u00f3rroga por el t\u00e9rmino de un mes del plan de reestructuraci\u00f3n de deudas<\/strong>, una herramienta de contenci\u00f3n dise\u00f1ada espec\u00edficamente para los\u00a0<strong>empleados p\u00fablicos provinciales y municipales<\/strong>\u00a0que perciben sus haberes a trav\u00e9s del Banco Macro.<\/p>\n\n\n\n<p id=\"p-1788357154354-35191\">La medida, que contin\u00faa plenamente vigente durante septiembre, busca sostener el poder adquisitivo de los trabajadores en un complejo contexto macroecon\u00f3mico nacional y, al mismo tiempo, mitigar el peso de los compromisos financieros sobre los salarios.<\/p>\n\n\n\n<p id=\"p-1788357154354-31193\"><strong>Impulsada por el gobernador Carlos Sadir<\/strong>, la iniciativa est\u00e1 enfocada en los estatales con acceso al Plan Sueldo P\u00fablico de dicha entidad financiera y contempla una significativa mejora en las condiciones crediticias. El esquema prev\u00e9 una reducci\u00f3n de entre el 6% y el 7% en las tasas vigentes, un porcentaje que var\u00eda de acuerdo con el plazo de financiaci\u00f3n y la situaci\u00f3n crediticia particular de cada cliente, facilitando as\u00ed la regularizaci\u00f3n de sus obligaciones.<\/p>\n\n\n\n<p><strong>Consolidar resultados y brindar previsibilidad<\/strong><\/p>\n\n\n\n<p id=\"p-1788357154354-69485\">Este programa de refinanciaci\u00f3n, implementado originalmente en julio pasado, acumula ya dos extensiones consecutivas debido a su alto impacto operativo. Con esta nueva pr\u00f3rroga hasta septiembre inclusive, la administraci\u00f3n provincial busca consolidar los resultados obtenidos en las etapas previas, evitando que los indicadores de morosidad sigan escalando y brindando previsibilidad a las familias juje\u00f1as.&nbsp;<\/p>\n\n\n\n<p id=\"p-1788357154354-69077\">De esta manera, Jujuy se posiciona como una de las doce jurisdicciones del pa\u00eds que adoptaron medidas concretas para propiciar condiciones m\u00e1s favorables para sus trabajadores estatales frente a la crisis. Mediante la limitaci\u00f3n del impacto de las cuotas sobre los ingresos mensuales, la provincia reafirma una estrategia orientada a cuidar el bolsillo de los agentes p\u00fablicos.&nbsp;<\/p>\n","protected":false},"excerpt":{"rendered":"<p>El programa de refinanciaci\u00f3n, implementado originalmente en julio pasado, acumula ya dos extensiones consecutivas debido a su alto impacto operativo. El\u00a0Gobierno de Jujuy anunci\u00f3 la pr\u00f3rroga por el t\u00e9rmino de un mes del plan de reestructuraci\u00f3n de deudas, una herramienta de contenci\u00f3n dise\u00f1ada espec\u00edficamente para los\u00a0empleados p\u00fablicos provinciales y municipales\u00a0que perciben sus haberes a trav\u00e9s [&hellip;]<\/p>\n","protected":false},"author":5,"featured_media":446897,"comment_status":"open","ping_status":"open","sticky":false,"template":"","format":"standard","meta":{"_stopmodifiedupdate":false,"_modified_date":"","inline_featured_image":false},"categories":[2],"tags":[],"jetpack_featured_media_url":"https:\/\/notinor.com\/jujuy\/wp-content\/uploads\/2026\/09\/GOBIERNO.jpg","_links":{"self":[{"href":"https:\/\/notinor.com\/jujuy\/wp-json\/wp\/v2\/posts\/446896"}],"collection":[{"href":"https:\/\/notinor.com\/jujuy\/wp-json\/wp\/v2\/posts"}],"about":[{"href":"https:\/\/notinor.com\/jujuy\/wp-json\/wp\/v2\/types\/post"}],"author":[{"embeddable":true,"href":"https:\/\/notinor.com\/jujuy\/wp-json\/wp\/v2\/users\/5"}],"replies":[{"embeddable":true,"href":"https:\/\/notinor.com\/jujuy\/wp-json\/wp\/v2\/comments?post=446896"}],"version-history":[{"count":1,"href":"https:\/\/notinor.com\/jujuy\/wp-json\/wp\/v2\/posts\/446896\/revisions"}],"predecessor-version":[{"id":446898,"href":"https:\/\/notinor.com\/jujuy\/wp-json\/wp\/v2\/posts\/446896\/revisions\/446898"}],"wp:featuredmedia":[{"embeddable":true,"href":"https:\/\/notinor.com\/jujuy\/wp-json\/wp\/v2\/media\/446897"}],"wp:attachment":[{"href":"https:\/\/notinor.com\/jujuy\/wp-json\/wp\/v2\/media?parent=446896"}],"wp:term":[{"taxonomy":"category","embeddable":true,"href":"https:\/\/notinor.com\/jujuy\/wp-json\/wp\/v2\/categories?post=446896"},{"taxonomy":"post_tag","embeddable":true,"href":"https:\/\/notinor.com\/jujuy\/wp-json\/wp\/v2\/tags?post=446896"}],"curies":[{"name":"wp","href":"https:\/\/api.w.org\/{rel}","templated":true}]}}