{"id":446893,"date":"2026-09-03T12:18:26","date_gmt":"2026-09-03T15:18:26","guid":{"rendered":"https:\/\/notinor.com\/jujuy\/?p=446893"},"modified":"2026-09-03T12:18:28","modified_gmt":"2026-09-03T15:18:28","slug":"ejesa-informa-mediante-comunicado-que-algunos-usuarios-tendran-dos-vencimientos-en-septiembre","status":"publish","type":"post","link":"https:\/\/notinor.com\/jujuy\/ejesa-informa-mediante-comunicado-que-algunos-usuarios-tendran-dos-vencimientos-en-septiembre\/","title":{"rendered":"EJESA informa mediante comunicado que algunos usuarios tendr\u00e1n dos vencimientos en septiembre"},"content":{"rendered":"\n<p class=\"has-medium-font-size\"><strong><em>EJESA comunic\u00f3 que, de manera excepcional, algunos usuarios recibir\u00e1n dos vencimientos de factura durante el mes de septiembre debido a una reprogramaci\u00f3n excepcional de los per\u00edodos de facturaci\u00f3n. El segundo pago podr\u00e1 realizarse hasta el 10 de octubre sin intereses ni recargos adicionales.<\/em><\/strong><\/p>\n\n\n<div class=\"wp-block-image\">\n<figure class=\"aligncenter size-full\"><img decoding=\"async\" loading=\"lazy\" width=\"796\" height=\"385\" src=\"https:\/\/notinor.com\/jujuy\/wp-content\/uploads\/2026\/09\/ejesa5.jpg\" alt=\"\" class=\"wp-image-446894\" srcset=\"https:\/\/notinor.com\/jujuy\/wp-content\/uploads\/2026\/09\/ejesa5.jpg 796w, https:\/\/notinor.com\/jujuy\/wp-content\/uploads\/2026\/09\/ejesa5-660x319.jpg 660w, https:\/\/notinor.com\/jujuy\/wp-content\/uploads\/2026\/09\/ejesa5-768x371.jpg 768w, https:\/\/notinor.com\/jujuy\/wp-content\/uploads\/2026\/09\/ejesa5-750x363.jpg 750w\" sizes=\"(max-width: 796px) 100vw, 796px\" \/><figcaption class=\"wp-element-caption\">EJESA<\/figcaption><\/figure><\/div>\n\n\n<p><\/p>\n\n\n\n<p>La empresa aclar\u00f3 que esta situaci\u00f3n ser\u00e1 por \u00fanica vez y que <strong>no implicar\u00e1 un perjuicio econ\u00f3mico <\/strong>para los usuarios alcanzados. En particular, el segundo vencimiento podr\u00e1 ser abonado hasta el 10 de octubre de 2026 sin intereses, recargos ni cargos adicionales.<\/p>\n\n\n\n<p>Desde la compa\u00f1\u00eda se\u00f1alaron que <strong>la medida responde exclusivamente a una reorganizaci\u00f3n de los ciclos de facturaci\u00f3n <\/strong>y recomendaron a los usuarios revisar sus facturas para conocer las fechas correspondientes<\/p>\n\n\n\n<p>La empresa record\u00f3 que sus canales de atenci\u00f3n permanecer\u00e1n disponibles para responder consultas de los usuarios que necesiten mayor informaci\u00f3n sobre sus facturas o los vencimie<\/p>\n\n\n<div class=\"wp-block-image\">\n<figure class=\"aligncenter\"><img decoding=\"async\" src=\"https:\/\/statics.somosjujuy.com.ar\/2026\/09\/crop\/6a99609a7c703__912x912.webp\" alt=\"Comunicado ejesa\"\/><\/figure><\/div>","protected":false},"excerpt":{"rendered":"<p>EJESA comunic\u00f3 que, de manera excepcional, algunos usuarios recibir\u00e1n dos vencimientos de factura durante el mes de septiembre debido a una reprogramaci\u00f3n excepcional de los per\u00edodos de facturaci\u00f3n. El segundo pago podr\u00e1 realizarse hasta el 10 de octubre sin intereses ni recargos adicionales. La empresa aclar\u00f3 que esta situaci\u00f3n ser\u00e1 por \u00fanica vez y que [&hellip;]<\/p>\n","protected":false},"author":5,"featured_media":446894,"comment_status":"open","ping_status":"open","sticky":false,"template":"","format":"standard","meta":{"_stopmodifiedupdate":false,"_modified_date":"","inline_featured_image":false},"categories":[514],"tags":[],"jetpack_featured_media_url":"https:\/\/notinor.com\/jujuy\/wp-content\/uploads\/2026\/09\/ejesa5.jpg","_links":{"self":[{"href":"https:\/\/notinor.com\/jujuy\/wp-json\/wp\/v2\/posts\/446893"}],"collection":[{"href":"https:\/\/notinor.com\/jujuy\/wp-json\/wp\/v2\/posts"}],"about":[{"href":"https:\/\/notinor.com\/jujuy\/wp-json\/wp\/v2\/types\/post"}],"author":[{"embeddable":true,"href":"https:\/\/notinor.com\/jujuy\/wp-json\/wp\/v2\/users\/5"}],"replies":[{"embeddable":true,"href":"https:\/\/notinor.com\/jujuy\/wp-json\/wp\/v2\/comments?post=446893"}],"version-history":[{"count":1,"href":"https:\/\/notinor.com\/jujuy\/wp-json\/wp\/v2\/posts\/446893\/revisions"}],"predecessor-version":[{"id":446895,"href":"https:\/\/notinor.com\/jujuy\/wp-json\/wp\/v2\/posts\/446893\/revisions\/446895"}],"wp:featuredmedia":[{"embeddable":true,"href":"https:\/\/notinor.com\/jujuy\/wp-json\/wp\/v2\/media\/446894"}],"wp:attachment":[{"href":"https:\/\/notinor.com\/jujuy\/wp-json\/wp\/v2\/media?parent=446893"}],"wp:term":[{"taxonomy":"category","embeddable":true,"href":"https:\/\/notinor.com\/jujuy\/wp-json\/wp\/v2\/categories?post=446893"},{"taxonomy":"post_tag","embeddable":true,"href":"https:\/\/notinor.com\/jujuy\/wp-json\/wp\/v2\/tags?post=446893"}],"curies":[{"name":"wp","href":"https:\/\/api.w.org\/{rel}","templated":true}]}}