{"id":446890,"date":"2026-09-02T23:36:00","date_gmt":"2026-09-03T02:36:00","guid":{"rendered":"https:\/\/notinor.com\/jujuy\/?p=446890"},"modified":"2026-09-02T11:36:55","modified_gmt":"2026-09-02T11:36:55","slug":"el-sabado-se-realizara-el-encuentro-provincial-de-boxeo-en-el-multiespacio-general-arias","status":"publish","type":"post","link":"https:\/\/notinor.com\/jujuy\/el-sabado-se-realizara-el-encuentro-provincial-de-boxeo-en-el-multiespacio-general-arias\/","title":{"rendered":"El s\u00e1bado se realizar\u00e1 el Encuentro Provincial de Boxeo en el Multiespacio General Arias"},"content":{"rendered":"\n<p class=\"has-medium-font-size\"><strong><em>Este s\u00e1bado 5 de septiembre, desde las 17 horas, se llevar\u00e1 a cabo el Encuentro Provincial de Boxeo, una iniciativa que reunir\u00e1 a escuelas de diferentes puntos de Jujuy en una jornada destinada al intercambio, la integraci\u00f3n y el fortalecimiento de la actividad pugil\u00edstica.<\/em><\/strong><\/p>\n\n\n<div class=\"wp-block-image\">\n<figure class=\"aligncenter\"><img decoding=\"async\" src=\"https:\/\/www.sansalvadordejujuy.gob.ar\/wp-content\/uploads\/2026\/09\/boxeo-818x1024.jpeg\" alt=\"\" class=\"wp-image-110218\"\/><\/figure><\/div>\n\n\n<p><\/p>\n\n\n\n<p>La propuesta, organizada por la Escuela de Box \u201cPumita Carabajal\u201d, hab\u00eda sido programada inicialmente para el 8 de agosto y debi\u00f3 ser suspendida. Finalmente, se concretar\u00e1 este s\u00e1bado en el Multiespacio General Arias, con la participaci\u00f3n de deportistas y representantes de distintas escuelas.<\/p>\n\n\n\n<p>Al respecto, el director de la Escuela de Box \u201cPumita Carabajal\u201d, <strong>Federico Dotti<\/strong>, explic\u00f3, \u201cla actividad que se va a desarrollar es un encuentro de escuelas de boxeo que se hab\u00eda suspendido el 8 de agosto. Se realizar\u00e1 este s\u00e1bado 5 de septiembre a las 17 hs, en el Multiespacio General Arias\u201d.<\/p>\n\n\n\n<p>En este sentido, destac\u00f3 que la convocatoria est\u00e1 dirigida a las escuelas de toda la provincia y que durante la jornada se desarrollar\u00e1n distintas actividades vinculadas a la pr\u00e1ctica del boxeo, \u201cestamos invitando a todas las escuelas de la provincia, vamos a hacer un encuentro de guanteos, defensa, escuelita de combate, y vamos a compartir entre todas las escuelas de boxeo que en la capital y en la provincia\u201d, se\u00f1al\u00f3.<\/p>\n\n\n<div class=\"wp-block-image\">\n<figure class=\"aligncenter\"><img decoding=\"async\" src=\"https:\/\/www.sansalvadordejujuy.gob.ar\/wp-content\/uploads\/2026\/09\/encuentro-provincial-de-escuelas-de-box1-1024x709.jpg\" alt=\"\" class=\"wp-image-110243\"\/><\/figure><\/div>\n\n\n<p>Dotti remarc\u00f3 que uno de los principales objetivos es generar un espacio de encuentro entre los distintos grupos, \u201cla finalidad es unir, integrar a todas las escuelas, conocer los distintos grupos de deportistas que en la zona y a los que est\u00e1n apuntando a la competencia en toda la provincia y en la capital tambi\u00e9n\u201d, sostuvo.<\/p>\n\n\n\n<p>Asimismo, indic\u00f3 que cada instituci\u00f3n participar\u00e1 junto a sus alumnos, quienes deber\u00e1n concurrir con los elementos necesarios para la pr\u00e1ctica deportiva, \u201cse ha hecho la invitaci\u00f3n a cada escuela para que vengan con sus alumnos, y para ellos la recomendaci\u00f3n es traer sus elementos de boxeo, vendas, guantes, cabezales, bucales, y lo esencial, botella de agua para hidratarse y despu\u00e9s del entrenamiento quedar bien frescos, toalla\u201d, detall\u00f3.<\/p>\n\n\n\n<p>La concejal<strong> Brenda Carabajal<\/strong> explic\u00f3 que contar\u00e1n con la presencia del presidente de la Federaci\u00f3n Argentina de Boxeo,<strong> Luis Doffi,<\/strong> y ser\u00e1 una oportunidad para presentar la Comisi\u00f3n Municipal de Boxeo, recientemente creada a partir una ordenanza aprobada por el Concejo Deliberante, quienes ser\u00e1n los encargados de fiscalizar todos los eventos de boxeo en la capital.<\/p>\n\n\n\n<p>Finalmente, destac\u00f3 la importancia de esta nueva herramienta para continuar promoviendo la actividad y generar nuevas oportunidades para las escuelas de la ciudad, esto va a servir para que podamos seguir haciendo eventos, tanto como la Escuela de Boxeo Municipal, as\u00ed como en las dem\u00e1s escuelas de la capital\u201d, concluy\u00f3.<\/p>\n\n\n\n<p><strong>Nota audiovisual:<\/strong>&nbsp;<a href=\"https:\/\/youtu.be\/OIRtBFCS6n0\">https:\/\/youtu.be\/OIRtBFCS6n0<\/a><\/p>\n","protected":false},"excerpt":{"rendered":"<p>Este s\u00e1bado 5 de septiembre, desde las 17 horas, se llevar\u00e1 a cabo el Encuentro Provincial de Boxeo, una iniciativa que reunir\u00e1 a escuelas de diferentes puntos de Jujuy en una jornada destinada al intercambio, la integraci\u00f3n y el fortalecimiento de la actividad pugil\u00edstica. La propuesta, organizada por la Escuela de Box \u201cPumita Carabajal\u201d, hab\u00eda [&hellip;]<\/p>\n","protected":false},"author":5,"featured_media":446891,"comment_status":"open","ping_status":"open","sticky":false,"template":"","format":"standard","meta":{"_stopmodifiedupdate":false,"_modified_date":"","inline_featured_image":false},"categories":[7],"tags":[],"jetpack_featured_media_url":"https:\/\/notinor.com\/jujuy\/wp-content\/uploads\/2026\/09\/BOX.jpg","_links":{"self":[{"href":"https:\/\/notinor.com\/jujuy\/wp-json\/wp\/v2\/posts\/446890"}],"collection":[{"href":"https:\/\/notinor.com\/jujuy\/wp-json\/wp\/v2\/posts"}],"about":[{"href":"https:\/\/notinor.com\/jujuy\/wp-json\/wp\/v2\/types\/post"}],"author":[{"embeddable":true,"href":"https:\/\/notinor.com\/jujuy\/wp-json\/wp\/v2\/users\/5"}],"replies":[{"embeddable":true,"href":"https:\/\/notinor.com\/jujuy\/wp-json\/wp\/v2\/comments?post=446890"}],"version-history":[{"count":1,"href":"https:\/\/notinor.com\/jujuy\/wp-json\/wp\/v2\/posts\/446890\/revisions"}],"predecessor-version":[{"id":446892,"href":"https:\/\/notinor.com\/jujuy\/wp-json\/wp\/v2\/posts\/446890\/revisions\/446892"}],"wp:featuredmedia":[{"embeddable":true,"href":"https:\/\/notinor.com\/jujuy\/wp-json\/wp\/v2\/media\/446891"}],"wp:attachment":[{"href":"https:\/\/notinor.com\/jujuy\/wp-json\/wp\/v2\/media?parent=446890"}],"wp:term":[{"taxonomy":"category","embeddable":true,"href":"https:\/\/notinor.com\/jujuy\/wp-json\/wp\/v2\/categories?post=446890"},{"taxonomy":"post_tag","embeddable":true,"href":"https:\/\/notinor.com\/jujuy\/wp-json\/wp\/v2\/tags?post=446890"}],"curies":[{"name":"wp","href":"https:\/\/api.w.org\/{rel}","templated":true}]}}