{"id":446884,"date":"2026-09-02T23:18:00","date_gmt":"2026-09-03T02:18:00","guid":{"rendered":"https:\/\/notinor.com\/jujuy\/?p=446884"},"modified":"2026-09-02T11:18:20","modified_gmt":"2026-09-02T11:18:20","slug":"el-intendente-jorge-acompano-a-las-candidatas-en-el-tradicional-sorteo-de-orden-para-la-eleccion-representante-capital-2026","status":"publish","type":"post","link":"https:\/\/notinor.com\/jujuy\/el-intendente-jorge-acompano-a-las-candidatas-en-el-tradicional-sorteo-de-orden-para-la-eleccion-representante-capital-2026\/","title":{"rendered":"El intendente Jorge acompa\u00f1\u00f3 a las candidatas en el tradicional sorteo de orden para la Elecci\u00f3n Representante Capital 2026"},"content":{"rendered":"\n<p class=\"has-medium-font-size\"><strong><em>Las 59 candidatas ya tienen definido el orden en el que realizar\u00e1n su pasada durante la Elecci\u00f3n de Representantes Capital de la Fiesta Nacional de los Estudiantes. El tradicional evento se realizar\u00e1 el domingo 13 de septiembre, desde las 21 horas, en Ciudad Cultural, con una puesta en escena especial por los 75 a\u00f1os de la FNE.<\/em><\/strong><\/p>\n\n\n<div class=\"wp-block-image\">\n<figure class=\"aligncenter\"><img decoding=\"async\" src=\"https:\/\/www.sansalvadordejujuy.gob.ar\/wp-content\/uploads\/2026\/09\/candidata-reina-capital3-1024x433.jpg\" alt=\"\" class=\"wp-image-110213\"\/><\/figure><\/div>\n\n\n<p><\/p>\n\n\n\n<p>El intendente de San Salvador de Jujuy, <strong>Ra\u00fal \u201cChuli\u201d Jorge<\/strong>, acompa\u00f1\u00f3 el tradicional sorteo del orden de las candidatas que participar\u00e1n de la Elecci\u00f3n Representante Capital de la Fiesta Nacional de los Estudiantes (FNE) 2026, un encuentro que marca el inicio de la cuenta regresiva para una de las noches m\u00e1s esperadas por la comunidad educativa y estudiantil de la ciudad.<\/p>\n\n\n\n<p>Durante la jornada, el intendente destac\u00f3 el esp\u00edritu que caracteriza a esta instancia de la FNE y puso en valor los v\u00ednculos que se generan entre las estudiantes, \u201cviviendo fundamentalmente con una gran convicci\u00f3n de que est\u00e1n pasando un momento en los cuales, esa competencia se torna fundamentalmente en grandes valores, en compa\u00f1erismo, en compartir momentos hermosos, en divertirse, en formar parte de un gran show, porque ellas, no solo que compiten representando a los colegios, sino que tambi\u00e9n forman parte de un colectivo, y esto creo que es lo m\u00e1s importante de lo que puede pasar en la elecci\u00f3n de representantes de todos los colegios de San Salvador\u201d, expres\u00f3 Jorge.<\/p>\n\n\n<div class=\"wp-block-image\">\n<figure class=\"aligncenter\"><img decoding=\"async\" src=\"https:\/\/www.sansalvadordejujuy.gob.ar\/wp-content\/uploads\/2026\/09\/candidata-reina-capital2-1024x584.jpg\" alt=\"\" class=\"wp-image-110211\"\/><\/figure><\/div>\n\n\n<p><\/p>\n\n\n\n<p>En este sentido, remarc\u00f3 la trascendencia que tiene esta elecci\u00f3n dentro del calendario de la Fiesta Nacional de los Estudiantes, \u201ccreo que no hay comienzo de la Fiestas Nacional de los Estudiantes sin esta Elecci\u00f3n Representante Capital, que concentra tanta atenci\u00f3n y que despliega tambi\u00e9n un gran preparativo de mucho tiempo. As\u00ed que agradecerles a todas las chicas que son extraordinariamente compa\u00f1eras entre ellas y que la est\u00e1n pasando muy bien con su familia, que tambi\u00e9n acompa\u00f1an en estos momentos\u201d.<\/p>\n\n\n<div class=\"wp-block-image\">\n<figure class=\"aligncenter\"><img decoding=\"async\" src=\"https:\/\/www.sansalvadordejujuy.gob.ar\/wp-content\/uploads\/2026\/09\/candidata-reina-capital-1024x589.jpg\" alt=\"\" class=\"wp-image-110212\"\/><\/figure><\/div>\n\n\n<p><\/p>\n\n\n\n<p>Por su parte, la coordinadora de Eventos y Espect\u00e1culos, <strong>Cristina \u201cKitty\u201d Conde, <\/strong>explic\u00f3 que el trabajo con las candidatas comenz\u00f3 varios meses atr\u00e1s y que actualmente las 59 representantes ya se encuentran integradas, \u201clos preparativos vienen de abril, desde el momento en que las chicas son elegidas, las vamos convocando, confraternizamos, las vamos acompa\u00f1ando. Tenemos un grupo en el que venimos trabajando hace tiempo y el viernes lleg\u00f3 la \u00faltima candidata, que fue de Ingrid del Secundario 42, as\u00ed que ya est\u00e1n todas juntas las 59\u201d, detall\u00f3.<\/p>\n\n\n<div class=\"wp-block-image\">\n<figure class=\"aligncenter\"><img decoding=\"async\" src=\"https:\/\/www.sansalvadordejujuy.gob.ar\/wp-content\/uploads\/2026\/09\/candidata-reina-capital1-1024x653.jpg\" alt=\"\" class=\"wp-image-110210\"\/><\/figure><\/div>\n\n\n<p><\/p>\n\n\n\n<p>Respecto al sorteo realizado, Conde explic\u00f3 que se trata de una instancia tradicional que permite establecer el orden de pasada de cada candidata durante la noche de elecci\u00f3n. Asimismo, repas\u00f3 la intensa agenda prevista para los pr\u00f3ximos d\u00edas, \u201cestamos en el tradicional sorteo por el orden del que les toca el d\u00eda de la elecci\u00f3n, y tenemos ahora la agenda oficial, en la que comenzamos con el ensayo este mi\u00e9rcoles 2, el viernes 4, el almuerzo con el intendente, con sorteos, con entregas de medallitas, con premios, y despu\u00e9s vamos intercalando agasajos, invitaciones de gente que desinteresadamente siempre les hacen break, regalos a las chicas; ensayo, agasajos, ensayos, y prepar\u00e1ndonos para lo que va a ser la gran noche\u201d, se\u00f1al\u00f3.<\/p>\n\n\n\n<p>La edici\u00f3n 2026 tendr\u00e1 adem\u00e1s una propuesta esc\u00e9nica especial, vinculada a la celebraci\u00f3n de los <strong>75 a\u00f1os de la Fiesta Nacional de los Estudiantes<\/strong>. En este marco, Conde anticip\u00f3 que ser\u00e1 una noche marcada por la emoci\u00f3n y los recuerdos, \u201ceste a\u00f1o tenemos una puesta en escena en la que vamos a trabajar sobre los 75 a\u00f1os de la FNE, vamos a ir por el lado emotivo, vamos a recordar a personas que ya no est\u00e1n, va a ser una muy linda elecci\u00f3n como estamos acostumbrados desde la Municipalidad gracias a nuestro intendente Jorge, que es el art\u00edfice de todo esto, y que nos impulsa a nosotros a seguir trabajando de esta manera y a poder crecer con este evento a\u00f1o a a\u00f1o\u201d, sostuvo.<\/p>\n\n\n\n<p>La organizaci\u00f3n tambi\u00e9n confirm\u00f3 importantes novedades en la infraestructura del escenario, \u201cel escenario va a ser m\u00e1s grande, 24 metros de ancho, un metro, 20 de altura y m\u00e1s de 100 metros de pantalla\u201d, explic\u00f3 Conde.<\/p>\n\n\n\n<p>La apertura de puertas est\u00e1 prevista para las 20 horas, mientras que la elecci\u00f3n comenzar\u00e1 puntualmente a las 21 horas, con la intenci\u00f3n de finalizar cerca de la medianoche.<\/p>\n\n\n\n<p>Como parte de la propuesta art\u00edstica, el intervalo contar\u00e1 con la presentaci\u00f3n de La Kostumbre, grupo juje\u00f1o que atraviesa un destacado momento de proyecci\u00f3n nacional y que fue elegido por las propias candidatas mediante una encuesta.<\/p>\n\n\n\n<p><strong>Fotos de las candidatas&nbsp;<\/strong><a href=\"https:\/\/drive.google.com\/drive\/folders\/1LNF8zj6MJYNMdw0scdWrBwJy2HXpUYmM?usp=sharing&amp;utm_source=chatgpt.com\">Drive con las fotos de las candidatas<\/a><\/p>\n\n\n\n<h3>Orden de pasada de las candidatas<\/h3>\n\n\n\n<ol>\n<li>BARRERA, ITATI \u2013 ESC. PROVINCIAL DE COMERCIO N\u00ba 3<\/li>\n\n\n\n<li>CAZON, TAINA \u2013 SECUNDARIO N\u00ba 1<\/li>\n\n\n\n<li>DAZA, ABIGAIL \u2013 CANONIGO GORRITI<\/li>\n\n\n\n<li>PANTOJA, VICTORIA \u2013 ESCUELA PROVINCIAL DE ARTES<\/li>\n\n\n\n<li>LEZCANO ACU\u00d1A, ISABEL \u2013 COLEGIO DIVINO REDENTOR<\/li>\n\n\n\n<li>CARRIZO, ABRIL \u2013 ESC. PROVINCIAL DE COMERCIO N\u00ba 1<\/li>\n\n\n\n<li>TEJERINA, MELANI \u2013 COLEGIO N\u00ba 2<\/li>\n\n\n\n<li>JUAREZ SALGUERRO, SELENE \u2013 ESCUELA MARINA VILTE<\/li>\n\n\n\n<li>GONZALEZ, LUJAN ROCIO \u2013 COMERCIAL N\u00ba 1<\/li>\n\n\n\n<li>JARAMILLO, MORENA \u2013 COLEGIO PABLO PIZZURNO<\/li>\n\n\n\n<li>MAYANS, CANDELARIA \u2013 JOSE HERNANDEZ<\/li>\n\n\n\n<li>ETCHECOPAR FASSOLA, LOLA \u2013 COLEGIO DEL SALVADOR<\/li>\n\n\n\n<li>VERNANCHET, ANA LUJAN \u2013 COLEGIO N\u00ba 3 EXODO JUJE\u00d1O<\/li>\n\n\n\n<li>CUEVAS, BIANCA \u2013 COLEGIO N\u00ba 54<\/li>\n\n\n\n<li>QUINTANA, KIARA \u2013 COLEGIO CRISTO REY<\/li>\n\n\n\n<li>RICCI, URSULA \u2013 COLEGIO CHE IL<\/li>\n\n\n\n<li>SANCHEZ, SOFIA \u2013 COLEGIO MAYOR JUJUY<\/li>\n\n\n\n<li>RODRIGUEZ, JAZMIN \u2013 BACHILLERATO N\u00ba 21<\/li>\n\n\n\n<li>ROMERO, JULIANA \u2013 BACHILLERATO N\u00ba 24 LOZANO<\/li>\n\n\n\n<li>HANSEN, RENATA \u2013 COLEGIO NUEVA GENERACION<\/li>\n\n\n\n<li>GOMEZ, TATIANA \u2013 SANTA TERESITA DE JESUS<\/li>\n\n\n\n<li>RAMIREZ, ERIKA \u2013 COLEGIO N\u00ba 1 T.S. DE BUSTAMANTE<\/li>\n\n\n\n<li>REYNOSO, MAXIMA \u2013 COLEGIO SEC. N\u00ba 39<\/li>\n\n\n\n<li>ROJAS, PILAR \u2013 COLEGIO JEAN PIAGET<\/li>\n\n\n\n<li>ARMELLA, BELINDA \u2013 COL. SECUNDARIO N\u00ba 32<\/li>\n\n\n\n<li>RAMIREZ, SAMIRA \u2013 COLEGIO N\u00ba 23 OCLOYAS<\/li>\n\n\n\n<li>MIRANDA, PIA \u2013 COLEGIO POLIMODAL N\u00ba 3<\/li>\n\n\n\n<li>CABRERA, LUISANA \u2013 ESCUELA DE MINAS<\/li>\n\n\n\n<li>ORTIZ, BRISA \u2013 BACHILLERATO N\u00ba 15<\/li>\n\n\n\n<li>PITA, MIA \u2013 CENTRO POLIVALENTE DE ARTE<\/li>\n\n\n\n<li>CARI, VALENTINA \u2013 COLEGIO N\u00b0 34<\/li>\n\n\n\n<li>PERINI, MORENA \u2013 BLAISE PASCAL<\/li>\n\n\n\n<li>MATORRAS, SOFIA VALENTINA \u2013 REMEDIOS DE ESCALADA<\/li>\n\n\n\n<li>ALTEA, SOFIA \u2013 COLEGIO DEL HUERTO<\/li>\n\n\n\n<li>VALIENTE, VICTORIA \u2013 ESCUELA NORMAL SUPERIOR<\/li>\n\n\n\n<li>AGUIRRE, LEILA \u2013 COLEGIO NVO. HORIZONTE<\/li>\n\n\n\n<li>RAMOS, PRISCILA \u2013 E.E.T. N\u00ba 1<\/li>\n\n\n\n<li>MORALES, VICTORIA \u2013 COLEGIO NUEVA SIEMBRA<\/li>\n\n\n\n<li>GIMENEZ, PAULINA \u2013 COL. SECUNDARIO N\u00ba 33 REYES<\/li>\n\n\n\n<li>BALMACEDA, TERESITA \u2013 BACHILLERATO N\u00ba 2<\/li>\n\n\n\n<li>ZAMAR VERITIER, CLARA \u2013 COLEGIO SANTA BARBARA<\/li>\n\n\n\n<li>CASTILLO, TIARA PILAR \u2013 BACHILLERATO N\u00ba 6<\/li>\n\n\n\n<li>TOBAR JECKELN, PILAR \u2013 COL. SECUNDARIO N\u00ba 43<\/li>\n\n\n\n<li>ANUN, ANTONELA \u2013 COMERCIAL N\u00ba 2<\/li>\n\n\n\n<li>DEPARDO, SUYAY \u2013 SECUNDARIO N\u00ba 62 LA SALLE<\/li>\n\n\n\n<li>MARTINEZ, ARIADNA \u2013 COLEGIO SEC. N\u00ba 2<\/li>\n\n\n\n<li>CHAMORRO, LUISINA \u2013 SECUNDARIO N\u00ba 59 OLGA AREDES<\/li>\n\n\n\n<li>GUTIERREZ, ABIGAIL \u2013 BACHILLERATO N\u00ba 19 YALA<\/li>\n\n\n\n<li>PEREYRA MALLAGRAY, LUNA \u2013 LOS LAPACHOS<\/li>\n\n\n\n<li>SACHERO ETZE, MEL \u2013 MARTIN PESCADOR<\/li>\n\n\n\n<li>PAZ, MORENA \u2013 COL. SECUNDARIO N\u00ba 6<\/li>\n\n\n\n<li>RODRIGUEZ, JAZMIN \u2013 COLEGIO IPSEL<\/li>\n\n\n\n<li>JEREZ, ANALIA \u2013 ESC. EDUC. TECNICA N\u00ba 2<\/li>\n\n\n\n<li>ACHU, JAZMIN \u2013 BACHILLERATO N\u00ba 16<\/li>\n\n\n\n<li>VARGAS IRIARTE, FLORENCIA \u2013 EMDEI<\/li>\n\n\n\n<li>SANTILLAN, GUADALUPE \u2013 COLEGIO SEC. DE ARTES N\u00ba 42<\/li>\n\n\n\n<li>LOPEZ, TIZIANA \u2013 SECUNDARIO N\u00ba 48<\/li>\n\n\n\n<li>MURO, ANA \u2013 COLEGIO GIANELLI<\/li>\n\n\n\n<li>UVIEDO, DAIANA \u2013 E.T.P. N\u00ba 1<\/li>\n<\/ol>\n\n\n\n<p><strong>Nota audiovisual:<\/strong>&nbsp;<a href=\"https:\/\/youtu.be\/3-iEzRs0O5E\">https:\/\/youtu.be\/3-iEzRs0O5E<\/a><\/p>\n","protected":false},"excerpt":{"rendered":"<p>Las 59 candidatas ya tienen definido el orden en el que realizar\u00e1n su pasada durante la Elecci\u00f3n de Representantes Capital de la Fiesta Nacional de los Estudiantes. El tradicional evento se realizar\u00e1 el domingo 13 de septiembre, desde las 21 horas, en Ciudad Cultural, con una puesta en escena especial por los 75 a\u00f1os de [&hellip;]<\/p>\n","protected":false},"author":5,"featured_media":446885,"comment_status":"open","ping_status":"open","sticky":false,"template":"","format":"standard","meta":{"_stopmodifiedupdate":false,"_modified_date":"","inline_featured_image":false},"categories":[594,13],"tags":[],"jetpack_featured_media_url":"https:\/\/notinor.com\/jujuy\/wp-content\/uploads\/2026\/09\/FNE-1.jpg","_links":{"self":[{"href":"https:\/\/notinor.com\/jujuy\/wp-json\/wp\/v2\/posts\/446884"}],"collection":[{"href":"https:\/\/notinor.com\/jujuy\/wp-json\/wp\/v2\/posts"}],"about":[{"href":"https:\/\/notinor.com\/jujuy\/wp-json\/wp\/v2\/types\/post"}],"author":[{"embeddable":true,"href":"https:\/\/notinor.com\/jujuy\/wp-json\/wp\/v2\/users\/5"}],"replies":[{"embeddable":true,"href":"https:\/\/notinor.com\/jujuy\/wp-json\/wp\/v2\/comments?post=446884"}],"version-history":[{"count":1,"href":"https:\/\/notinor.com\/jujuy\/wp-json\/wp\/v2\/posts\/446884\/revisions"}],"predecessor-version":[{"id":446886,"href":"https:\/\/notinor.com\/jujuy\/wp-json\/wp\/v2\/posts\/446884\/revisions\/446886"}],"wp:featuredmedia":[{"embeddable":true,"href":"https:\/\/notinor.com\/jujuy\/wp-json\/wp\/v2\/media\/446885"}],"wp:attachment":[{"href":"https:\/\/notinor.com\/jujuy\/wp-json\/wp\/v2\/media?parent=446884"}],"wp:term":[{"taxonomy":"category","embeddable":true,"href":"https:\/\/notinor.com\/jujuy\/wp-json\/wp\/v2\/categories?post=446884"},{"taxonomy":"post_tag","embeddable":true,"href":"https:\/\/notinor.com\/jujuy\/wp-json\/wp\/v2\/tags?post=446884"}],"curies":[{"name":"wp","href":"https:\/\/api.w.org\/{rel}","templated":true}]}}