{"id":446881,"date":"2026-09-02T23:03:00","date_gmt":"2026-09-03T02:03:00","guid":{"rendered":"https:\/\/notinor.com\/jujuy\/?p=446881"},"modified":"2026-09-02T11:03:26","modified_gmt":"2026-09-02T11:03:26","slug":"raul-chuli-jorge-participo-del-primer-congreso-federal-de-ciudades-inteligentes-y-expuso-la-experiencia-de-san-salvador-de-jujuy","status":"publish","type":"post","link":"https:\/\/notinor.com\/jujuy\/raul-chuli-jorge-participo-del-primer-congreso-federal-de-ciudades-inteligentes-y-expuso-la-experiencia-de-san-salvador-de-jujuy\/","title":{"rendered":"Ra\u00fal \u201cChuli\u201d Jorge particip\u00f3 del Primer Congreso Federal de Ciudades Inteligentes y expuso la experiencia de San Salvador de Jujuy"},"content":{"rendered":"\n<p class=\"has-medium-font-size\"><strong><em>El intendente de San Salvador de Jujuy, Ra\u00fal \u201cChuli\u201d Jorge, particip\u00f3 del Urban Cities Buenos Aires 2026, donde comparti\u00f3 las pol\u00edticas que impulsa la ciudad en materia de modernizaci\u00f3n, accesibilidad, infraestructura urbana, integraci\u00f3n de los barrios y bienestar de los vecinos.<\/em><\/strong><\/p>\n\n\n<div class=\"wp-block-image\">\n<figure class=\"aligncenter\"><img decoding=\"async\" src=\"https:\/\/www.sansalvadordejujuy.gob.ar\/wp-content\/uploads\/2026\/09\/WhatsApp-Image-2026-09-02-at-3.52.36-PM-1024x768.jpeg\" alt=\"\" class=\"wp-image-110284\"\/><\/figure><\/div>\n\n\n<p><\/p>\n\n\n\n<p>El jefe comunal fue uno de los expositores del Primer Congreso Federal de Ciudades Inteligentes, realizado en la Usina del Arte de la Ciudad de Buenos Aires, en el marco de un encuentro que convoc\u00f3 a referentes de gobiernos locales, empresas y el \u00e1mbito acad\u00e9mico para debatir sobre el futuro de las ciudades.<\/p>\n\n\n\n<p>Jorge integr\u00f3 el panel \u201c<strong>Federalismo desde los Gobiernos locales, desaf\u00edos comunes y soluciones concretas<\/strong>\u201d, junto al titular de la Unidad de Relaciones Federales y Vinculaci\u00f3n Interjurisdiccional, <strong>C\u00e9sar Torres<\/strong>; la intendenta de Vicente L\u00f3pez, <strong>Soledad Mart\u00ednez;<\/strong> el intendente de C\u00f3rdoba,<strong> Daniel Passerini<\/strong>; y la intendenta de San Juan, <strong>Susana Laciar.<\/strong><\/p>\n\n\n\n<p>Durante su intervenci\u00f3n, el intendente juje\u00f1o destac\u00f3 la importancia de que los gobiernos locales puedan compartir experiencias y encontrar respuestas concretas frente a los desaf\u00edos que atraviesan las ciudades.<\/p>\n\n\n\n<p>En ese sentido, sostuvo que los municipios tienen una responsabilidad directa frente a las necesidades cotidianas de la comunidad. \u201cLos intendentes nos sentimos despose\u00eddos, no configurados en el mapa de prioridades del pa\u00eds\u201d, expres\u00f3, y remarc\u00f3 que son los gobiernos locales quienes \u201cle ponen la cara\u201d a las problem\u00e1ticas de los vecinos, especialmente en los momentos m\u00e1s dif\u00edciles.<\/p>\n\n\n<div class=\"wp-block-image\">\n<figure class=\"aligncenter\"><img decoding=\"async\" src=\"https:\/\/www.sansalvadordejujuy.gob.ar\/wp-content\/uploads\/2026\/09\/Urban-Cities-Buenos-Aires-2026-Chuli-Jorge-3-1024x768.jpeg\" alt=\"\" class=\"wp-image-110279\"\/><\/figure><\/div>\n\n\n<p><\/p>\n\n\n\n<p>Jorge ubic\u00f3 a la modernizaci\u00f3n de la gesti\u00f3n entre las prioridades de su gobierno y destac\u00f3 la decisi\u00f3n de incorporar experiencias exitosas desarrolladas en otras ciudades y pa\u00edses, al tiempo que se generan soluciones propias desde San Salvador de Jujuy. \u201cTenemos que tomar experiencias exitosas de otras localidades\u201d, se\u00f1al\u00f3, al explicar que la innovaci\u00f3n permite desarrollar herramientas y productos destinados a facilitar la vida cotidiana de los vecinos y agilizar su relaci\u00f3n con el Municipio.<\/p>\n\n\n<div class=\"wp-block-image\">\n<figure class=\"aligncenter\"><img decoding=\"async\" src=\"https:\/\/www.sansalvadordejujuy.gob.ar\/wp-content\/uploads\/2026\/09\/Urban-Cities-Buenos-Aires-2026-Chuli-Jorge-2.jpg\" alt=\"\" class=\"wp-image-110280\"\/><\/figure><\/div>\n\n\n<p><\/p>\n\n\n\n<p>Para el intendente, el concepto de ciudad inteligente no se limita a la incorporaci\u00f3n de tecnolog\u00eda, sino que implica utilizar la innovaci\u00f3n para brindar mejores servicios, generar nuevas oportunidades y resolver problemas concretos de la comunidad.<\/p>\n\n\n\n<p>Uno de los ejemplos destacados durante su exposici\u00f3n fue el desarrollo de los ascensores urbanos, una pol\u00edtica que permiti\u00f3 encontrar una soluci\u00f3n innovadora a una caracter\u00edstica particular de San Salvador de Jujuy: su geograf\u00eda con importantes desniveles. Jorge record\u00f3 que la ciudad fue pionera en el pa\u00eds en la implementaci\u00f3n de este sistema de movilidad y anunci\u00f3 que se encuentra pr\u00f3xima a comenzar la construcci\u00f3n del cuarto ascensor urbano. Estas obras permiten conectar sectores ubicados a varios metros de diferencia con el \u00e1rea central y facilitar el desplazamiento cotidiano de los vecinos.<\/p>\n\n\n<div class=\"wp-block-image\">\n<figure class=\"aligncenter\"><img decoding=\"async\" src=\"https:\/\/www.sansalvadordejujuy.gob.ar\/wp-content\/uploads\/2026\/09\/Urban-Cities-Buenos-Aires-2026-Chuli-Jorge-1-1024x904.jpg\" alt=\"\" class=\"wp-image-110282\"\/><\/figure><\/div>\n\n\n<p><\/p>\n\n\n\n<p>El intendente destac\u00f3 adem\u00e1s el impacto del primer ascensor urbano, que actualmente permite movilizar a una importante cantidad de personas y generar una conexi\u00f3n directa entre distintos sectores de la ciudad.<\/p>\n\n\n\n<p>Otro de los ejes planteados fue la pol\u00edtica de creaci\u00f3n de Multiespacios, concebidos como equipamientos sociales destinados a acercar actividades y servicios a los barrios. Jorge se\u00f1al\u00f3 que San Salvador de Jujuy ya cuenta con siete Multiespacios y que la planificaci\u00f3n municipal contempla llegar a diez antes de fin de a\u00f1o.<\/p>\n\n\n\n<p>\u201cEstamos con una expresi\u00f3n de equipamientos sociales en los barrios\u201d, explic\u00f3, al remarcar que estos espacios permiten llevar infraestructura a sectores perif\u00e9ricos que durante mucho tiempo no contaron con equipamiento suficiente. La iniciativa apunta a generar lugares de encuentro donde los vecinos puedan acceder a propuestas deportivas, culturales, educativas y sociales, fortaleciendo la integraci\u00f3n comunitaria.<\/p>\n\n\n\n<p>Durante el panel, Jorge tambi\u00e9n plante\u00f3 la necesidad de ampliar la mirada sobre las responsabilidades de los gobiernos municipales y abordar problem\u00e1ticas sociales que afectan directamente la calidad de vida. En particular, puso el foco en la salud mental, la soledad, la falta de empat\u00eda, el consumo excesivo de pantallas entre ni\u00f1os y j\u00f3venes y la necesidad de mayor contenci\u00f3n. \u201cNo somos solamente el alumbrado, o la limpieza; tenemos que preocuparnos por estos dramas que est\u00e1n pasando millones de argentinos\u201d, afirm\u00f3.<\/p>\n\n\n\n<p>En este marco, destac\u00f3 el trabajo que lleva adelante la Municipalidad mediante programas espec\u00edficos y acciones destinadas a acompa\u00f1ar a distintos sectores de la comunidad. Jorge hizo especial hincapi\u00e9 en la situaci\u00f3n de los adultos mayores y en la necesidad de generar espacios de participaci\u00f3n y encuentro que permitan combatir la soledad y fortalecer los v\u00ednculos sociales.<\/p>\n\n\n\n<p>En otro tramo de su exposici\u00f3n, el intendente se refiri\u00f3 al Corredor Bioce\u00e1nico y al papel estrat\u00e9gico que puede asumir Jujuy dentro de los procesos de integraci\u00f3n regional. Jorge destac\u00f3 la transformaci\u00f3n que atraviesa la regi\u00f3n y las nuevas posibilidades de conexi\u00f3n entre Brasil, Paraguay, Argentina y Chile, a partir de corredores que permitir\u00e1n fortalecer el intercambio productivo y comercial.<\/p>\n\n\n\n<p>En este sentido, se\u00f1al\u00f3 que estas conexiones pueden facilitar la llegada de producciones de Brasil y Paraguay hacia los puertos del Pac\u00edfico, pero tambi\u00e9n generar nuevas oportunidades para las ciudades ubicadas a lo largo del corredor.<\/p>\n\n\n\n<p>Para el intendente, el desaf\u00edo no pasa solamente por conectar pa\u00edses, sino tambi\u00e9n por vincular ciudades y potenciar su desarrollo tur\u00edstico, productivo y log\u00edstico, favoreciendo el intercambio de producciones locales y generando nuevas oportunidades econ\u00f3micas. La ubicaci\u00f3n estrat\u00e9gica de Jujuy dentro de este esquema representa, seg\u00fan Jorge, una oportunidad para pensar el desarrollo de la ciudad m\u00e1s all\u00e1 de sus l\u00edmites y prepararla para un escenario de mayor integraci\u00f3n regional.<\/p>\n\n\n\n<p>Como parte de su participaci\u00f3n en el encuentro, Ra\u00fal \u201cChuli\u201d Jorge suscribi\u00f3 adem\u00e1s el \u201cCompromiso Federal Urban Cities 2026: Ciudades Inteligentes para una Argentina Federal\u201d, junto a autoridades y representantes de los sectores p\u00fablico y privado, acad\u00e9mico y cient\u00edfico, de la sociedad civil y de la cooperaci\u00f3n internacional.<\/p>\n\n\n\n<p>El documento plantea la construcci\u00f3n de una agenda federal sobre ciudades inteligentes y proyecta a Urban Cities como una plataforma abierta de vinculaci\u00f3n, intercambio y cooperaci\u00f3n entre ciudades, con el objetivo de compartir conocimientos, experiencias y soluciones frente a los desaf\u00edos urbanos.<\/p>\n\n\n\n<p>El compromiso establece como principios la centralidad de las personas, el respeto por las autonom\u00edas y competencias de cada jurisdicci\u00f3n, la innovaci\u00f3n con prop\u00f3sito p\u00fablico, el desarrollo sostenible y resiliente, la inclusi\u00f3n y accesibilidad, la transparencia, la participaci\u00f3n ciudadana y el conocimiento compartido.<\/p>\n\n\n\n<p>La propuesta busca que las experiencias y soluciones desarrolladas en una ciudad puedan ser conocidas, adaptadas y aprovechadas por otras, respetando las particularidades de cada territorio y fortaleciendo una agenda com\u00fan para el futuro de las ciudades argentinas.<\/p>\n\n\n\n<p>El Urban Cities Buenos Aires 2026 reuni\u00f3 a referentes de distintas localidades para compartir experiencias y debatir sobre ciudadan\u00eda, inclusi\u00f3n digital, participaci\u00f3n, talento, educaci\u00f3n, accesibilidad y bienestar. Con la participaci\u00f3n de m\u00e1s de 300 ciudades convocadas, el encuentro puso en com\u00fan distintas estrategias para afrontar los desaf\u00edos urbanos y construir soluciones desde los gobiernos locales.<\/p>\n\n\n\n<p>La presencia de San Salvador de Jujuy permiti\u00f3 mostrar ante este \u00e1mbito federal una gesti\u00f3n que combina innovaci\u00f3n, accesibilidad, infraestructura social y pol\u00edticas de bienestar, con una mirada puesta en mejorar la calidad de vida de los vecinos y en aprovechar las nuevas oportunidades de integraci\u00f3n y desarrollo que presenta la regi\u00f3n.<\/p>\n","protected":false},"excerpt":{"rendered":"<p>El intendente de San Salvador de Jujuy, Ra\u00fal \u201cChuli\u201d Jorge, particip\u00f3 del Urban Cities Buenos Aires 2026, donde comparti\u00f3 las pol\u00edticas que impulsa la ciudad en materia de modernizaci\u00f3n, accesibilidad, infraestructura urbana, integraci\u00f3n de los barrios y bienestar de los vecinos. El jefe comunal fue uno de los expositores del Primer Congreso Federal de Ciudades [&hellip;]<\/p>\n","protected":false},"author":5,"featured_media":446882,"comment_status":"open","ping_status":"open","sticky":false,"template":"","format":"standard","meta":{"_stopmodifiedupdate":false,"_modified_date":"","inline_featured_image":false},"categories":[514],"tags":[],"jetpack_featured_media_url":"https:\/\/notinor.com\/jujuy\/wp-content\/uploads\/2026\/09\/PARTICIPACION.jpg","_links":{"self":[{"href":"https:\/\/notinor.com\/jujuy\/wp-json\/wp\/v2\/posts\/446881"}],"collection":[{"href":"https:\/\/notinor.com\/jujuy\/wp-json\/wp\/v2\/posts"}],"about":[{"href":"https:\/\/notinor.com\/jujuy\/wp-json\/wp\/v2\/types\/post"}],"author":[{"embeddable":true,"href":"https:\/\/notinor.com\/jujuy\/wp-json\/wp\/v2\/users\/5"}],"replies":[{"embeddable":true,"href":"https:\/\/notinor.com\/jujuy\/wp-json\/wp\/v2\/comments?post=446881"}],"version-history":[{"count":1,"href":"https:\/\/notinor.com\/jujuy\/wp-json\/wp\/v2\/posts\/446881\/revisions"}],"predecessor-version":[{"id":446883,"href":"https:\/\/notinor.com\/jujuy\/wp-json\/wp\/v2\/posts\/446881\/revisions\/446883"}],"wp:featuredmedia":[{"embeddable":true,"href":"https:\/\/notinor.com\/jujuy\/wp-json\/wp\/v2\/media\/446882"}],"wp:attachment":[{"href":"https:\/\/notinor.com\/jujuy\/wp-json\/wp\/v2\/media?parent=446881"}],"wp:term":[{"taxonomy":"category","embeddable":true,"href":"https:\/\/notinor.com\/jujuy\/wp-json\/wp\/v2\/categories?post=446881"},{"taxonomy":"post_tag","embeddable":true,"href":"https:\/\/notinor.com\/jujuy\/wp-json\/wp\/v2\/tags?post=446881"}],"curies":[{"name":"wp","href":"https:\/\/api.w.org\/{rel}","templated":true}]}}