{"id":446869,"date":"2026-09-02T22:36:00","date_gmt":"2026-09-03T01:36:00","guid":{"rendered":"https:\/\/notinor.com\/jujuy\/?p=446869"},"modified":"2026-09-02T10:36:31","modified_gmt":"2026-09-02T10:36:31","slug":"alumnos-de-la-escuela-bernardo-monteagudo-visitaron-la-legislatura","status":"publish","type":"post","link":"https:\/\/notinor.com\/jujuy\/alumnos-de-la-escuela-bernardo-monteagudo-visitaron-la-legislatura\/","title":{"rendered":"Alumnos de la Escuela Bernardo Monteagudo visitaron la Legislatura"},"content":{"rendered":"\n<p class=\"has-medium-font-size\"><em><strong>Alumnos de 4\u00ba grado, divisiones A y B, de la Escuela Primaria N.\u00ba 12 \"Bernardo Monteagudo\" de San Salvador de Jujuy visitaron la Legislatura de Jujuy, donde fueron recibidos por los\u00a0\u00a0diputados provinciales Adriano Morone y Mario Lobo.<\/strong><\/em><\/p>\n\n\n<div class=\"wp-block-image\">\n<figure class=\"aligncenter size-large\"><img decoding=\"async\" loading=\"lazy\" width=\"720\" height=\"480\" src=\"https:\/\/notinor.com\/jujuy\/wp-content\/uploads\/2026\/09\/ALUMNOS1-5-720x480.jpeg\" alt=\"\" class=\"wp-image-446871\" srcset=\"https:\/\/notinor.com\/jujuy\/wp-content\/uploads\/2026\/09\/ALUMNOS1-5-720x480.jpeg 720w, https:\/\/notinor.com\/jujuy\/wp-content\/uploads\/2026\/09\/ALUMNOS1-5-548x365.jpeg 548w, https:\/\/notinor.com\/jujuy\/wp-content\/uploads\/2026\/09\/ALUMNOS1-5-768x512.jpeg 768w, https:\/\/notinor.com\/jujuy\/wp-content\/uploads\/2026\/09\/ALUMNOS1-5-1536x1023.jpeg 1536w, https:\/\/notinor.com\/jujuy\/wp-content\/uploads\/2026\/09\/ALUMNOS1-5-750x500.jpeg 750w, https:\/\/notinor.com\/jujuy\/wp-content\/uploads\/2026\/09\/ALUMNOS1-5-1140x760.jpeg 1140w, https:\/\/notinor.com\/jujuy\/wp-content\/uploads\/2026\/09\/ALUMNOS1-5.jpeg 1600w\" sizes=\"(max-width: 720px) 100vw, 720px\" \/><\/figure><\/div>\n\n\n<p><\/p>\n\n\n\n<p>La delegaci\u00f3n estuvo integrada por 61 estudiantes, quienes conocieron el funcionamiento de la Legislatura y realizaron preguntas vinculadas con la instituci\u00f3n y la historia de Jujuy.<\/p>\n\n\n\n<p>Morone destac\u00f3 el inter\u00e9s demostrado por los alumnos durante la visita y valor\u00f3 la decisi\u00f3n de la Legislatura de abrir sus puertas a los establecimientos educativos de la provincia, con el acompa\u00f1amiento del vicegobernador y presidente de la C\u00e1mara, Alberto Bernis.<\/p>\n\n\n<div class=\"wp-block-image\">\n<figure class=\"aligncenter size-large\"><img decoding=\"async\" loading=\"lazy\" width=\"720\" height=\"480\" src=\"https:\/\/notinor.com\/jujuy\/wp-content\/uploads\/2026\/09\/ALUMNOS1-6-720x480.jpeg\" alt=\"\" class=\"wp-image-446872\" srcset=\"https:\/\/notinor.com\/jujuy\/wp-content\/uploads\/2026\/09\/ALUMNOS1-6-720x480.jpeg 720w, https:\/\/notinor.com\/jujuy\/wp-content\/uploads\/2026\/09\/ALUMNOS1-6-548x365.jpeg 548w, https:\/\/notinor.com\/jujuy\/wp-content\/uploads\/2026\/09\/ALUMNOS1-6-768x512.jpeg 768w, https:\/\/notinor.com\/jujuy\/wp-content\/uploads\/2026\/09\/ALUMNOS1-6-1536x1023.jpeg 1536w, https:\/\/notinor.com\/jujuy\/wp-content\/uploads\/2026\/09\/ALUMNOS1-6-750x500.jpeg 750w, https:\/\/notinor.com\/jujuy\/wp-content\/uploads\/2026\/09\/ALUMNOS1-6-1140x760.jpeg 1140w, https:\/\/notinor.com\/jujuy\/wp-content\/uploads\/2026\/09\/ALUMNOS1-6.jpeg 1600w\" sizes=\"(max-width: 720px) 100vw, 720px\" \/><\/figure><\/div>\n\n\n<p><\/p>\n\n\n\n<p>El diputado explic\u00f3 que los contenidos de 4\u00ba grado incluyen el conocimiento de la provincia, el funcionamiento de los poderes del Estado y la delimitaci\u00f3n de los departamentos de Jujuy. En este sentido, destac\u00f3 que los estudiantes contaban con conocimientos previos sobre estos temas, lo que permiti\u00f3 un intercambio durante la visita.<\/p>\n\n\n<div class=\"wp-block-image\">\n<figure class=\"aligncenter size-large\"><img decoding=\"async\" loading=\"lazy\" width=\"720\" height=\"480\" src=\"https:\/\/notinor.com\/jujuy\/wp-content\/uploads\/2026\/09\/ALUMNOS1-7-720x480.jpeg\" alt=\"\" class=\"wp-image-446873\" srcset=\"https:\/\/notinor.com\/jujuy\/wp-content\/uploads\/2026\/09\/ALUMNOS1-7-720x480.jpeg 720w, https:\/\/notinor.com\/jujuy\/wp-content\/uploads\/2026\/09\/ALUMNOS1-7-548x365.jpeg 548w, https:\/\/notinor.com\/jujuy\/wp-content\/uploads\/2026\/09\/ALUMNOS1-7-768x512.jpeg 768w, https:\/\/notinor.com\/jujuy\/wp-content\/uploads\/2026\/09\/ALUMNOS1-7-1536x1023.jpeg 1536w, https:\/\/notinor.com\/jujuy\/wp-content\/uploads\/2026\/09\/ALUMNOS1-7-750x500.jpeg 750w, https:\/\/notinor.com\/jujuy\/wp-content\/uploads\/2026\/09\/ALUMNOS1-7-1140x760.jpeg 1140w, https:\/\/notinor.com\/jujuy\/wp-content\/uploads\/2026\/09\/ALUMNOS1-7.jpeg 1600w\" sizes=\"(max-width: 720px) 100vw, 720px\" \/><\/figure><\/div>\n\n\n<p><\/p>\n\n\n\n<p>Por su parte, la docente <strong>Mar\u00eda Isabel Godoy<\/strong> explic\u00f3 que la actividad permiti\u00f3 dar continuidad a los contenidos trabajados en el aula y a lo abordado a partir de la Promesa de Lealtad a la Bandera. Se\u00f1al\u00f3 que el objetivo fue que los estudiantes pudieran asumir un compromiso como ciudadanos, conocer, participar y compartir posteriormente estas experiencias con sus familias.<\/p>\n\n\n<div class=\"wp-block-image\">\n<figure class=\"aligncenter size-large\"><img decoding=\"async\" loading=\"lazy\" width=\"720\" height=\"480\" src=\"https:\/\/notinor.com\/jujuy\/wp-content\/uploads\/2026\/09\/ALUMNOS1-8-720x480.jpeg\" alt=\"\" class=\"wp-image-446874\" srcset=\"https:\/\/notinor.com\/jujuy\/wp-content\/uploads\/2026\/09\/ALUMNOS1-8-720x480.jpeg 720w, https:\/\/notinor.com\/jujuy\/wp-content\/uploads\/2026\/09\/ALUMNOS1-8-548x365.jpeg 548w, https:\/\/notinor.com\/jujuy\/wp-content\/uploads\/2026\/09\/ALUMNOS1-8-768x512.jpeg 768w, https:\/\/notinor.com\/jujuy\/wp-content\/uploads\/2026\/09\/ALUMNOS1-8-1536x1023.jpeg 1536w, https:\/\/notinor.com\/jujuy\/wp-content\/uploads\/2026\/09\/ALUMNOS1-8-750x500.jpeg 750w, https:\/\/notinor.com\/jujuy\/wp-content\/uploads\/2026\/09\/ALUMNOS1-8-1140x760.jpeg 1140w, https:\/\/notinor.com\/jujuy\/wp-content\/uploads\/2026\/09\/ALUMNOS1-8.jpeg 1600w\" sizes=\"(max-width: 720px) 100vw, 720px\" \/><\/figure><\/div>\n\n\n<p><\/p>\n\n\n\n<p>Godoy destac\u00f3 adem\u00e1s la importancia de que los contenidos puedan trasladarse del aula a una experiencia concreta, al considerar que este tipo de actividades resulta significativo para los estudiantes. Tambi\u00e9n valor\u00f3 el acompa\u00f1amiento de las familias, los docentes y el personal de servicio de la escuela para concretar la visita.<\/p>\n\n\n\n<p>En tanto, la docente <strong>Erlinda Ruiz<\/strong>, del \u00e1rea de Lengua y Ciencias Sociales, explic\u00f3 que los estudiantes hab\u00edan trabajado sobre la importancia de conocer las instituciones de la ciudad y que la Legislatura fue incorporada dentro de esos contenidos.<\/p>\n\n\n\n<p>Ruiz se\u00f1al\u00f3 que los alumnos mostraron inter\u00e9s por conocer personalmente a los legisladores y que, antes de la visita, hab\u00edan trabajado y debatido en el aula sobre las preguntas que realizar\u00edan y la manera en que se desarrollar\u00edan durante la actividad.<\/p>\n\n\n\n<p>Finalmente, la docente indic\u00f3 que la experiencia ser\u00e1 retomada en el aula como parte del trabajo que los estudiantes realizan sobre las instituciones y su funcionamiento.<\/p>\n","protected":false},"excerpt":{"rendered":"<p>Alumnos de 4\u00ba grado, divisiones A y B, de la Escuela Primaria N.\u00ba 12 \"Bernardo Monteagudo\" de San Salvador de Jujuy visitaron la Legislatura de Jujuy, donde fueron recibidos por los\u00a0\u00a0diputados provinciales Adriano Morone y Mario Lobo. La delegaci\u00f3n estuvo integrada por 61 estudiantes, quienes conocieron el funcionamiento de la Legislatura y realizaron preguntas vinculadas [&hellip;]<\/p>\n","protected":false},"author":5,"featured_media":446870,"comment_status":"open","ping_status":"open","sticky":false,"template":"","format":"standard","meta":{"_stopmodifiedupdate":false,"_modified_date":"","inline_featured_image":false},"categories":[13],"tags":[],"jetpack_featured_media_url":"https:\/\/notinor.com\/jujuy\/wp-content\/uploads\/2026\/09\/ALUMNOS-1.jpeg","_links":{"self":[{"href":"https:\/\/notinor.com\/jujuy\/wp-json\/wp\/v2\/posts\/446869"}],"collection":[{"href":"https:\/\/notinor.com\/jujuy\/wp-json\/wp\/v2\/posts"}],"about":[{"href":"https:\/\/notinor.com\/jujuy\/wp-json\/wp\/v2\/types\/post"}],"author":[{"embeddable":true,"href":"https:\/\/notinor.com\/jujuy\/wp-json\/wp\/v2\/users\/5"}],"replies":[{"embeddable":true,"href":"https:\/\/notinor.com\/jujuy\/wp-json\/wp\/v2\/comments?post=446869"}],"version-history":[{"count":1,"href":"https:\/\/notinor.com\/jujuy\/wp-json\/wp\/v2\/posts\/446869\/revisions"}],"predecessor-version":[{"id":446875,"href":"https:\/\/notinor.com\/jujuy\/wp-json\/wp\/v2\/posts\/446869\/revisions\/446875"}],"wp:featuredmedia":[{"embeddable":true,"href":"https:\/\/notinor.com\/jujuy\/wp-json\/wp\/v2\/media\/446870"}],"wp:attachment":[{"href":"https:\/\/notinor.com\/jujuy\/wp-json\/wp\/v2\/media?parent=446869"}],"wp:term":[{"taxonomy":"category","embeddable":true,"href":"https:\/\/notinor.com\/jujuy\/wp-json\/wp\/v2\/categories?post=446869"},{"taxonomy":"post_tag","embeddable":true,"href":"https:\/\/notinor.com\/jujuy\/wp-json\/wp\/v2\/tags?post=446869"}],"curies":[{"name":"wp","href":"https:\/\/api.w.org\/{rel}","templated":true}]}}