{"id":446862,"date":"2026-09-02T21:15:00","date_gmt":"2026-09-03T00:15:00","guid":{"rendered":"https:\/\/notinor.com\/jujuy\/?p=446862"},"modified":"2026-09-02T09:15:42","modified_gmt":"2026-09-02T09:15:42","slug":"buscan-unificar-criterios-para-la-calificacion-docente-en-toda-la-provincia","status":"publish","type":"post","link":"https:\/\/notinor.com\/jujuy\/buscan-unificar-criterios-para-la-calificacion-docente-en-toda-la-provincia\/","title":{"rendered":"Buscan unificar criterios para la calificaci\u00f3n docente en toda la Provincia"},"content":{"rendered":"\n<p class=\"has-medium-font-size\"><strong><em>La Legislatura de Jujuy trabaja en la reglamentaci\u00f3n de la Ley N\u00ba 6494, con la participaci\u00f3n de representantes del Ministerio de Educaci\u00f3n, las Juntas de Calificaci\u00f3n Docente y los gremios. El objetivo es garantizar una aplicaci\u00f3n clara e igualitaria de la grilla de valoraci\u00f3n docente.<\/em><\/strong><\/p>\n\n\n<div class=\"wp-block-image\">\n<figure class=\"aligncenter size-large\"><img decoding=\"async\" loading=\"lazy\" width=\"720\" height=\"480\" src=\"https:\/\/notinor.com\/jujuy\/wp-content\/uploads\/2026\/09\/PLENARIO1-720x480.jpeg\" alt=\"\" class=\"wp-image-446864\" srcset=\"https:\/\/notinor.com\/jujuy\/wp-content\/uploads\/2026\/09\/PLENARIO1-720x480.jpeg 720w, https:\/\/notinor.com\/jujuy\/wp-content\/uploads\/2026\/09\/PLENARIO1-547x365.jpeg 547w, https:\/\/notinor.com\/jujuy\/wp-content\/uploads\/2026\/09\/PLENARIO1-768x512.jpeg 768w, https:\/\/notinor.com\/jujuy\/wp-content\/uploads\/2026\/09\/PLENARIO1-1536x1024.jpeg 1536w, https:\/\/notinor.com\/jujuy\/wp-content\/uploads\/2026\/09\/PLENARIO1-750x500.jpeg 750w, https:\/\/notinor.com\/jujuy\/wp-content\/uploads\/2026\/09\/PLENARIO1-1140x760.jpeg 1140w, https:\/\/notinor.com\/jujuy\/wp-content\/uploads\/2026\/09\/PLENARIO1.jpeg 1600w\" sizes=\"(max-width: 720px) 100vw, 720px\" \/><\/figure><\/div>\n\n\n<p><\/p>\n\n\n\n<p>En el Sal\u00f3n Marcos Paz de la Legislatura se realiz\u00f3 un plenario de trabajo para definir las disposiciones generales de la reglamentaci\u00f3n, que permitir\u00e1n establecer c\u00f3mo debe aplicarse cada uno de los \u00edtems de la grilla de calificaci\u00f3n docente aprobada en diciembre.<\/p>\n\n\n<div class=\"wp-block-image\">\n<figure class=\"aligncenter size-large\"><img decoding=\"async\" loading=\"lazy\" width=\"720\" height=\"480\" src=\"https:\/\/notinor.com\/jujuy\/wp-content\/uploads\/2026\/09\/PLENARIO1-1-720x480.jpeg\" alt=\"\" class=\"wp-image-446865\" srcset=\"https:\/\/notinor.com\/jujuy\/wp-content\/uploads\/2026\/09\/PLENARIO1-1-720x480.jpeg 720w, https:\/\/notinor.com\/jujuy\/wp-content\/uploads\/2026\/09\/PLENARIO1-1-547x365.jpeg 547w, https:\/\/notinor.com\/jujuy\/wp-content\/uploads\/2026\/09\/PLENARIO1-1-768x512.jpeg 768w, https:\/\/notinor.com\/jujuy\/wp-content\/uploads\/2026\/09\/PLENARIO1-1-1536x1024.jpeg 1536w, https:\/\/notinor.com\/jujuy\/wp-content\/uploads\/2026\/09\/PLENARIO1-1-750x500.jpeg 750w, https:\/\/notinor.com\/jujuy\/wp-content\/uploads\/2026\/09\/PLENARIO1-1-1140x760.jpeg 1140w, https:\/\/notinor.com\/jujuy\/wp-content\/uploads\/2026\/09\/PLENARIO1-1.jpeg 1600w\" sizes=\"(max-width: 720px) 100vw, 720px\" \/><\/figure><\/div>\n\n\n<p><\/p>\n\n\n\n<p>El encuentro fue encabezado por la diputada<strong> Mar\u00eda Teresa Ferr\u00edn <\/strong>y cont\u00f3 con la participaci\u00f3n del diputado <strong>Diego Cruz<\/strong>, integrantes de la Comisi\u00f3n de Educaci\u00f3n de la C\u00e1mara de Diputados; la secretaria de Gesti\u00f3n Educativa, <strong>Carolina Riquelme<\/strong>; el jefe de Despacho, <strong>Fernando Aparicio;<\/strong> la titular de la Direcci\u00f3n de T\u00edtulos; vocales de las Juntas de Calificaci\u00f3n Docente de los niveles Inicial, Primario y Secundario; representantes del \u00e1rea Nexos y de la Comisi\u00f3n de T\u00edtulos.<\/p>\n\n\n<div class=\"wp-block-image\">\n<figure class=\"aligncenter size-full\"><img decoding=\"async\" loading=\"lazy\" width=\"798\" height=\"262\" src=\"https:\/\/notinor.com\/jujuy\/wp-content\/uploads\/2026\/09\/PLENARIO-1.jpg\" alt=\"\" class=\"wp-image-446866\" srcset=\"https:\/\/notinor.com\/jujuy\/wp-content\/uploads\/2026\/09\/PLENARIO-1.jpg 798w, https:\/\/notinor.com\/jujuy\/wp-content\/uploads\/2026\/09\/PLENARIO-1-660x217.jpg 660w, https:\/\/notinor.com\/jujuy\/wp-content\/uploads\/2026\/09\/PLENARIO-1-768x252.jpg 768w, https:\/\/notinor.com\/jujuy\/wp-content\/uploads\/2026\/09\/PLENARIO-1-750x246.jpg 750w\" sizes=\"(max-width: 798px) 100vw, 798px\" \/><\/figure><\/div>\n\n\n<p><\/p>\n\n\n\n<p>Tambi\u00e9n participaron los secretarios generales de CEDEMS, <strong>Mercedes Sosa;<\/strong> ASDEA, <strong>Mercedes Chaile;<\/strong> AMET, <strong>Daniel Mart\u00ednez<\/strong> y de la Uni\u00f3n Docentes Argentinos (UDA), seccional Jujuy, <strong>Mar\u00eda de los \u00c1ngeles Romero<\/strong>.<\/p>\n\n\n<div class=\"wp-block-image\">\n<figure class=\"aligncenter size-full\"><img decoding=\"async\" loading=\"lazy\" width=\"789\" height=\"259\" src=\"https:\/\/notinor.com\/jujuy\/wp-content\/uploads\/2026\/09\/PLENARIO1.jpg\" alt=\"\" class=\"wp-image-446867\" srcset=\"https:\/\/notinor.com\/jujuy\/wp-content\/uploads\/2026\/09\/PLENARIO1.jpg 789w, https:\/\/notinor.com\/jujuy\/wp-content\/uploads\/2026\/09\/PLENARIO1-660x217.jpg 660w, https:\/\/notinor.com\/jujuy\/wp-content\/uploads\/2026\/09\/PLENARIO1-768x252.jpg 768w, https:\/\/notinor.com\/jujuy\/wp-content\/uploads\/2026\/09\/PLENARIO1-750x246.jpg 750w\" sizes=\"(max-width: 789px) 100vw, 789px\" \/><\/figure><\/div>\n\n\n<p><\/p>\n\n\n\n<p>Ferr\u00edn explic\u00f3 que las disposiciones generales ser\u00e1n una herramienta fundamental para los vocales y calificadores de las Juntas, ya que permitir\u00e1n evitar interpretaciones diferentes o subjetivas al momento de asignar los puntajes.<\/p>\n\n\n\n<p>\"Es el instrumento que necesitan los vocales de Junta y los calificadores para que no haya disparidad o subjetividad en la interpretaci\u00f3n y los puntajes se coloquen en forma igualitaria en todas las salas\", sostuvo.<\/p>\n\n\n\n<p>La legisladora destac\u00f3 que la elaboraci\u00f3n de la normativa es la continuidad de un proceso de trabajo de un a\u00f1o y medio, en el que participaron representantes del Ministerio de Educaci\u00f3n, los gremios docentes, las Juntas de Calificaci\u00f3n y legisladores.<\/p>\n\n\n\n<p>\"Queremos que, venga quien venga, haya participado o no en la elaboraci\u00f3n de la grilla, tenga claro c\u00f3mo calificar\", afirm\u00f3 Ferr\u00edn, al remarcar la importancia de que los criterios queden establecidos en un documento que trascienda los cambios de autoridades y representantes.<\/p>\n\n\n\n<p>En este sentido, se\u00f1al\u00f3 que la aplicaci\u00f3n uniforme de la normativa tendr\u00e1 incidencia directa en la elaboraci\u00f3n del Listado de Orden de M\u00e9rito, que determinar\u00e1 el orden de los docentes para el pr\u00f3ximo a\u00f1o.<\/p>\n\n\n\n<p>&nbsp;En referencia a la posibilidad de llegar a un acuerdo, Ferr\u00edn se mostr\u00f3 optimista respecto de la probabilidad de alcanzar acuerdos entre los distintos sectores y destac\u00f3 que el trabajo conjunto permiti\u00f3 consensuar la Ley 6494.<\/p>\n\n\n\n<p>\"Siempre creo que se pueden alcanzar consensos a pesar de los disensos\", expres\u00f3, y remarc\u00f3 que las diferencias pueden resolverse tomando como referencia las leyes nacionales y provinciales, las resoluciones del Consejo Federal de Educaci\u00f3n y las disposiciones ministeriales vigentes.<\/p>\n\n\n\n<p>Una vez finalizado el trabajo t\u00e9cnico, las disposiciones deber\u00e1n iniciar el correspondiente tr\u00e1mite legislativo: tomar estado parlamentario, regresar a comisi\u00f3n para la elaboraci\u00f3n del despacho y posteriormente ser tratadas en una sesi\u00f3n ordinaria.<\/p>\n\n\n\n<p>De esta manera, la Legislatura contin\u00faa generando espacios de di\u00e1logo entre los distintos actores del sistema educativo para avanzar hacia una aplicaci\u00f3n de la grilla de calificaci\u00f3n docente con criterios claros, objetivos y comunes para todas las Juntas de Calificaci\u00f3n de la Provincia.<\/p>\n","protected":false},"excerpt":{"rendered":"<p>La Legislatura de Jujuy trabaja en la reglamentaci\u00f3n de la Ley N\u00ba 6494, con la participaci\u00f3n de representantes del Ministerio de Educaci\u00f3n, las Juntas de Calificaci\u00f3n Docente y los gremios. El objetivo es garantizar una aplicaci\u00f3n clara e igualitaria de la grilla de valoraci\u00f3n docente. En el Sal\u00f3n Marcos Paz de la Legislatura se realiz\u00f3 [&hellip;]<\/p>\n","protected":false},"author":5,"featured_media":446863,"comment_status":"open","ping_status":"open","sticky":false,"template":"","format":"standard","meta":{"_stopmodifiedupdate":false,"_modified_date":"","inline_featured_image":false},"categories":[514],"tags":[],"jetpack_featured_media_url":"https:\/\/notinor.com\/jujuy\/wp-content\/uploads\/2026\/09\/PLENARIO.jpeg","_links":{"self":[{"href":"https:\/\/notinor.com\/jujuy\/wp-json\/wp\/v2\/posts\/446862"}],"collection":[{"href":"https:\/\/notinor.com\/jujuy\/wp-json\/wp\/v2\/posts"}],"about":[{"href":"https:\/\/notinor.com\/jujuy\/wp-json\/wp\/v2\/types\/post"}],"author":[{"embeddable":true,"href":"https:\/\/notinor.com\/jujuy\/wp-json\/wp\/v2\/users\/5"}],"replies":[{"embeddable":true,"href":"https:\/\/notinor.com\/jujuy\/wp-json\/wp\/v2\/comments?post=446862"}],"version-history":[{"count":1,"href":"https:\/\/notinor.com\/jujuy\/wp-json\/wp\/v2\/posts\/446862\/revisions"}],"predecessor-version":[{"id":446868,"href":"https:\/\/notinor.com\/jujuy\/wp-json\/wp\/v2\/posts\/446862\/revisions\/446868"}],"wp:featuredmedia":[{"embeddable":true,"href":"https:\/\/notinor.com\/jujuy\/wp-json\/wp\/v2\/media\/446863"}],"wp:attachment":[{"href":"https:\/\/notinor.com\/jujuy\/wp-json\/wp\/v2\/media?parent=446862"}],"wp:term":[{"taxonomy":"category","embeddable":true,"href":"https:\/\/notinor.com\/jujuy\/wp-json\/wp\/v2\/categories?post=446862"},{"taxonomy":"post_tag","embeddable":true,"href":"https:\/\/notinor.com\/jujuy\/wp-json\/wp\/v2\/tags?post=446862"}],"curies":[{"name":"wp","href":"https:\/\/api.w.org\/{rel}","templated":true}]}}