{"id":446849,"date":"2026-09-02T14:18:39","date_gmt":"2026-09-02T17:18:39","guid":{"rendered":"https:\/\/notinor.com\/jujuy\/?p=446849"},"modified":"2026-09-02T14:18:40","modified_gmt":"2026-09-02T17:18:40","slug":"la-delegacion-del-vaticano-recorrio-el-cottolengo-don-orione-y-ahora-visitara-lujan-para-preparar-la-llegada-del-papa","status":"publish","type":"post","link":"https:\/\/notinor.com\/jujuy\/la-delegacion-del-vaticano-recorrio-el-cottolengo-don-orione-y-ahora-visitara-lujan-para-preparar-la-llegada-del-papa\/","title":{"rendered":"La delegaci\u00f3n del Vaticano recorri\u00f3 el Cottolengo Don Orione y ahora visitar\u00e1 Luj\u00e1n para preparar la llegada del Papa"},"content":{"rendered":"\n<p class=\"has-medium-font-size\"><strong><em>Luego de un encuentro entre las autoridades del Episcopado con el gobernador bonaerense, Axel Kicillof, los enviados de la Santa Sede<\/em> caminaron por el primero de los dos puntos de la provincia de Buenos Aires que visitar\u00e1 el sumo pont\u00edfice.<\/strong><\/p>\n\n\n<div class=\"wp-block-image\">\n<figure class=\"aligncenter\"><img decoding=\"async\" src=\"https:\/\/tn.com.ar\/resizer\/v2\/el-papa-leon-xiv-preside-una-misa-de-navidad-en-la-basilica-de-san-pedro-en-el-vaticano-el-25-de-diciembre-de-2025-ap-fotogregorio-borgia-3STIZWHOENBPLCXEQXW6YE4UOQ.jpg?auth=3e0fb49f439591056b0f38fdc898921f72c7be559fc15a093e656294128e1169&amp;width=767\" alt=\"El papa Le\u00f3n XIV preside una misa de Navidad en la bas\u00edlica de San Pedro en el Vaticano, el 25 de diciembre de 2025. (AP Foto\/Gregorio Borgia)\"\/><figcaption class=\"wp-element-caption\">El papa Le\u00f3n XIV durante la misa de Navidad en la bas\u00edlica de San Pedro en el Vaticano, el 25 de diciembre de 2025<\/figcaption><\/figure><\/div>\n\n\n<p>Tras sus recorridas por la Ciudad de Buenos Aires y C\u00f3rdoba, los&nbsp;<strong>enviados del Vaticano<\/strong>&nbsp;estuvo en el&nbsp;<strong>Cottolengo Don Orione de Claypole<\/strong>&nbsp;y ahora&nbsp;<strong>visitar\u00e1n la bas\u00edlica de Luj\u00e1n<\/strong>, los dos puntos de la provincia de Buenos Aires donde estar\u00e1 el papa&nbsp;<strong>Le\u00f3n XIV&nbsp;<\/strong>cuando venga a la Argentina entre el 8 y el 11 de noviembre.<\/p>\n\n\n\n<p>En la previa de la llegada de la delegaci\u00f3n papal, el presidente del Episcopado,&nbsp;<strong>Marcelo Colombo<\/strong>, mantuvo un encuentro en La Plata con el gobernador bonaerense,&nbsp;<strong>Axel Kicillof<\/strong>, para definir los detalles de la visita del sumo pont\u00edfice.<\/p>\n\n\n\n<p><strong>\u201cCoordinamos detalles de las actividades previstas en Luj\u00e1n y tambi\u00e9n del operativo de seguridad para la misa programada para el 11 de noviembre en esa ciudad\u201d<\/strong>, se\u00f1al\u00f3 Kicillof en sus redes tras la reuni\u00f3n. Y agreg\u00f3: \u201cTodas las \u00e1reas del Gobierno de la Provincia estar\u00e1n a disposici\u00f3n para que esta visita tan esperada por los bonaerenses se desarrolle en paz y de la mejor manera\u201d.<\/p>\n\n\n\n<p>La Bas\u00edlica de Luj\u00e1n fue confirmada como sede de una de las&nbsp;<strong>tres grandes misas<\/strong>&nbsp;que el papa Le\u00f3n XIV celebrar\u00e1 en su paso por el pa\u00eds, junto con las de Buenos Aires y C\u00f3rdoba, seg\u00fan hab\u00eda adelantado Colombo d\u00edas atr\u00e1s.<\/p>\n\n\n<div class=\"wp-block-image\">\n<figure class=\"aligncenter\"><img decoding=\"async\" src=\"https:\/\/tn.com.ar\/resizer\/v2\/axel-kicillof-y-el-titular-de-la-cea-marcelo-colombo-foto-x-kicillofok-FETBC6IYYNFHTN2WRFTIPUSBOE.jfif?auth=36cc5bace3160429a3ebb204df82fcf0bfa95746e3803daff9b288772b6f1f6f&amp;width=767\" alt=\"Axel Kicillof y el titular de la CEA, Marcelo Colombo. (Foto: X @Kicillofok)\"\/><figcaption class=\"wp-element-caption\">Axel Kicillof y el titular de la CEA, Marcelo Colombo<\/figcaption><\/figure><\/div>\n\n\n<p>El Cottolengo Don Orione, en tanto, es el lugar que la Iglesia se\u00f1al\u00f3 con \u201cuna posibilidad muy fuerte\u201d para una de las&nbsp;<strong>dos actividades vinculadas a situaciones de vulnerabilidad<\/strong>&nbsp;que tendr\u00e1 la agenda papal. Se trata de un complejo de&nbsp;<strong>49 manzanas<\/strong>&nbsp;en Claypole que est\u00e1 destinado al cuidado de personas con discapacidad.<\/p>\n\n\n\n<p>Desde el Episcopado remarcaron que estas recorridas todav\u00eda tienen car\u00e1cter exploratorio. \u201cSon reuniones m\u00e1s informativas, est\u00e1n mirando lugares, no est\u00e1n definiendo nada. Eso despu\u00e9s se enviar\u00e1 a secretar\u00eda de Estado y se decide\u201d, hab\u00edan se\u00f1alado desde la Episcopal a este medio esta semana.<\/p>\n\n\n\n<p>Con la visita a Luj\u00e1n y Claypole, los enviados vaticanos cierran una semana de relevamientos que arranc\u00f3 el lunes en la Ciudad de Buenos Aires, con paradas en el Monumento de los Espa\u00f1oles, el Palacio Libertad y el Palacio San Mart\u00edn -donde mantuvieron una reuni\u00f3n de trabajo con la Secretar\u00eda General de la Presidencia, la Nunciatura Apost\u00f3lica, la Conferencia Episcopal Argentina y la Canciller\u00eda\u2014 y continu\u00f3 el martes en C\u00f3rdoba, para relevar los sitios del encuentro que el papa tendr\u00e1 all\u00ed con obispos y seminaristas.<\/p>\n\n\n\n<p>La delegaci\u00f3n de la Santa Sede partir\u00e1 del pa\u00eds este jueves por la ma\u00f1ana, una vez completado el recorrido por los tres distritos que integrar\u00e1n la visita papal de noviembre.<\/p>\n","protected":false},"excerpt":{"rendered":"<p>Luego de un encuentro entre las autoridades del Episcopado con el gobernador bonaerense, Axel Kicillof, los enviados de la Santa Sede caminaron por el primero de los dos puntos de la provincia de Buenos Aires que visitar\u00e1 el sumo pont\u00edfice. Tras sus recorridas por la Ciudad de Buenos Aires y C\u00f3rdoba, los&nbsp;enviados del Vaticano&nbsp;estuvo en [&hellip;]<\/p>\n","protected":false},"author":5,"featured_media":446850,"comment_status":"open","ping_status":"open","sticky":false,"template":"","format":"standard","meta":{"_stopmodifiedupdate":false,"_modified_date":"","inline_featured_image":false},"categories":[5],"tags":[],"jetpack_featured_media_url":"https:\/\/notinor.com\/jujuy\/wp-content\/uploads\/2026\/09\/LEON-1.jpg","_links":{"self":[{"href":"https:\/\/notinor.com\/jujuy\/wp-json\/wp\/v2\/posts\/446849"}],"collection":[{"href":"https:\/\/notinor.com\/jujuy\/wp-json\/wp\/v2\/posts"}],"about":[{"href":"https:\/\/notinor.com\/jujuy\/wp-json\/wp\/v2\/types\/post"}],"author":[{"embeddable":true,"href":"https:\/\/notinor.com\/jujuy\/wp-json\/wp\/v2\/users\/5"}],"replies":[{"embeddable":true,"href":"https:\/\/notinor.com\/jujuy\/wp-json\/wp\/v2\/comments?post=446849"}],"version-history":[{"count":1,"href":"https:\/\/notinor.com\/jujuy\/wp-json\/wp\/v2\/posts\/446849\/revisions"}],"predecessor-version":[{"id":446851,"href":"https:\/\/notinor.com\/jujuy\/wp-json\/wp\/v2\/posts\/446849\/revisions\/446851"}],"wp:featuredmedia":[{"embeddable":true,"href":"https:\/\/notinor.com\/jujuy\/wp-json\/wp\/v2\/media\/446850"}],"wp:attachment":[{"href":"https:\/\/notinor.com\/jujuy\/wp-json\/wp\/v2\/media?parent=446849"}],"wp:term":[{"taxonomy":"category","embeddable":true,"href":"https:\/\/notinor.com\/jujuy\/wp-json\/wp\/v2\/categories?post=446849"},{"taxonomy":"post_tag","embeddable":true,"href":"https:\/\/notinor.com\/jujuy\/wp-json\/wp\/v2\/tags?post=446849"}],"curies":[{"name":"wp","href":"https:\/\/api.w.org\/{rel}","templated":true}]}}