{"id":446846,"date":"2026-09-02T14:09:06","date_gmt":"2026-09-02T17:09:06","guid":{"rendered":"https:\/\/notinor.com\/jujuy\/?p=446846"},"modified":"2026-09-02T14:09:08","modified_gmt":"2026-09-02T17:09:08","slug":"un-coche-bomba-exploto-frente-a-una-comisaria-en-colombia-y-causo-estragos-video","status":"publish","type":"post","link":"https:\/\/notinor.com\/jujuy\/un-coche-bomba-exploto-frente-a-una-comisaria-en-colombia-y-causo-estragos-video\/","title":{"rendered":"Un coche bomba explot\u00f3 frente a una comisar\u00eda en Colombia y caus\u00f3 estragos (video)"},"content":{"rendered":"\n<p class=\"has-medium-font-size\"><strong><em>El ataque ocurri\u00f3 frente a una estaci\u00f3n de Polic\u00eda de Los Patios, en Norte de Santander, cerca de la frontera con Venezuela. La explosi\u00f3n provoc\u00f3 graves da\u00f1os en el edificio, incendios y destrozos en viviendas y comercios de la zona.<\/em><\/strong><\/p>\n\n\n<div class=\"wp-block-image\">\n<figure class=\"aligncenter\"><a href=\"https:\/\/www.elsol.com.ar\/el-mundo\/video-un-coche-bomba-exploto-frente-a-una-comisaria-en-colombia-y-causo-estragos\/\"><img decoding=\"async\" src=\"https:\/\/i0.wp.com\/www.elsol.com.ar\/wp-content\/uploads\/2026\/09\/ssstwitter.com_17883455534471-ezgif.com-video-to-gif-converter.gif?resize=600%2C450&amp;ssl=1\" alt=\"Video: un coche bomba explot\u00f3 frente a una comisar\u00eda en Colombia y caus\u00f3 estragos\"\/><\/a><\/figure><\/div>\n\n\n<p><\/p>\n\n\n\n<p>Un&nbsp;<strong>coche bomba explot\u00f3 frente a una estaci\u00f3n de Polic\u00eda en Colombia<\/strong>&nbsp;y dej\u00f3 un muerto y al menos once heridos. El atentado ocurri\u00f3 en el municipio de&nbsp;<strong>Los Patios<\/strong>, en el departamento de Norte de Santander, una zona ubicada cerca de la frontera con Venezuela y marcada por la presencia de distintos grupos armados.<\/p>\n\n\n\n<p>La explosi\u00f3n tuvo como blanco las instalaciones policiales del municipio, perteneciente al \u00e1rea metropolitana de C\u00facuta. Entre las personas heridas hay&nbsp;<strong>dos polic\u00edas y nueve civiles<\/strong>, seg\u00fan informaron las autoridades locales.<\/p>\n\n\n\n<p>Un coche bomba explot\u00f3 frente a una estaci\u00f3n de Polic\u00eda en Colombia y dej\u00f3 un muerto y al menos once heridos. El atentado ocurri\u00f3 en el municipio de Los Patios, en el departamento de Norte de Santander, una zona ubicada cerca\u2026<\/p>\n\n\n\n<p>El veh\u00edculo estaba cargado con explosivos y deton\u00f3 frente a la dependencia policial. La fuerte explosi\u00f3n provoc\u00f3 importantes da\u00f1os en parte del edificio y gener\u00f3 un incendio que tambi\u00e9n alcanz\u00f3 varias motocicletas pertenecientes a los uniformados.<\/p>\n\n\n\n<p>La magnitud de la detonaci\u00f3n gener\u00f3 p\u00e1nico entre los vecinos de Los Patios. La onda expansiva afect\u00f3 a distintos locales comerciales y viviendas ubicadas sobre la avenida principal.<\/p>\n\n\n\n<p><video height=\"1280\" width=\"720\" controls=\"\" src=\"https:\/\/www.elsol.com.ar\/wp-content\/uploads\/2026\/09\/ssstwitter.com_1788345553447-1.mp4\"><\/p>\n\n\n\n<p>Adem\u00e1s, el sector qued\u00f3 temporalmente sin suministro el\u00e9ctrico como consecuencia del ataque.<\/p>\n\n\n\n<p>Los heridos fueron trasladados a distintos centros asistenciales para recibir atenci\u00f3n m\u00e9dica. Las autoridades contin\u00faan trabajando para determinar las caracter\u00edsticas del atentado y establecer qui\u00e9nes estuvieron detr\u00e1s de la colocaci\u00f3n del coche bomba.<\/p>\n\n\n\n<p>La Polic\u00eda Nacional y la Fiscal\u00eda General de la Naci\u00f3n iniciaron una investigaci\u00f3n para reconstruir lo ocurrido e identificar a los responsables.<\/p>\n\n\n\n<p><strong>Otro coche bomba<\/strong><\/p>\n\n\n\n<p>El atentado de Los Patios ocurre pocas semanas despu\u00e9s de otro ataque con caracter\u00edsticas similares en la regi\u00f3n.<\/p>\n\n\n\n<p>El&nbsp;<strong>31 de julio<\/strong>, un veh\u00edculo cargado con explosivos deton\u00f3 cerca del comando de la Polic\u00eda de Norte de Santander, en C\u00facuta. En aquella oportunidad, al menos&nbsp;<strong>ocho polic\u00edas y tres civiles resultaron heridos<\/strong>.<\/p>\n\n\n\n<p>La reiteraci\u00f3n de este tipo de ataques volvi\u00f3 a poner bajo la lupa la situaci\u00f3n de seguridad en Norte de Santander, particularmente en las zonas cercanas a C\u00facuta y el Catatumbo.<\/p>\n\n\n\n<p><strong>La violencia de los grupos armados<\/strong><\/p>\n\n\n\n<p>En el departamento operan diferentes organizaciones armadas ilegales, entre ellas el&nbsp;<strong>Ej\u00e9rcito de Liberaci\u00f3n Nacional (ELN)<\/strong>&nbsp;y el&nbsp;<strong>frente 33 de las disidencias de las FARC<\/strong>.<\/p>\n\n\n\n<p>La regi\u00f3n del Catatumbo es uno de los principales focos de violencia del pa\u00eds debido a los enfrentamientos entre grupos armados y las disputas por el control territorial y de actividades ilegales.<\/p>\n\n\n\n<p>El atentado en Los Patios ocurri\u00f3 adem\u00e1s el mismo d\u00eda en que el Gobierno colombiano inform\u00f3 sobre un operativo militar en el departamento del Guaviare, donde murieron al menos\u00a0<strong>20 integrantes de una disidencia de las FARC<\/strong>\u00a0durante un bombardeo.                                                       <\/p>\n","protected":false},"excerpt":{"rendered":"<p>El ataque ocurri\u00f3 frente a una estaci\u00f3n de Polic\u00eda de Los Patios, en Norte de Santander, cerca de la frontera con Venezuela. La explosi\u00f3n provoc\u00f3 graves da\u00f1os en el edificio, incendios y destrozos en viviendas y comercios de la zona. Un&nbsp;coche bomba explot\u00f3 frente a una estaci\u00f3n de Polic\u00eda en Colombia&nbsp;y dej\u00f3 un muerto y [&hellip;]<\/p>\n","protected":false},"author":5,"featured_media":446847,"comment_status":"open","ping_status":"open","sticky":false,"template":"","format":"standard","meta":{"_stopmodifiedupdate":false,"_modified_date":"","inline_featured_image":false},"categories":[6],"tags":[],"jetpack_featured_media_url":"https:\/\/notinor.com\/jujuy\/wp-content\/uploads\/2026\/09\/BOMBA.jpg","_links":{"self":[{"href":"https:\/\/notinor.com\/jujuy\/wp-json\/wp\/v2\/posts\/446846"}],"collection":[{"href":"https:\/\/notinor.com\/jujuy\/wp-json\/wp\/v2\/posts"}],"about":[{"href":"https:\/\/notinor.com\/jujuy\/wp-json\/wp\/v2\/types\/post"}],"author":[{"embeddable":true,"href":"https:\/\/notinor.com\/jujuy\/wp-json\/wp\/v2\/users\/5"}],"replies":[{"embeddable":true,"href":"https:\/\/notinor.com\/jujuy\/wp-json\/wp\/v2\/comments?post=446846"}],"version-history":[{"count":1,"href":"https:\/\/notinor.com\/jujuy\/wp-json\/wp\/v2\/posts\/446846\/revisions"}],"predecessor-version":[{"id":446848,"href":"https:\/\/notinor.com\/jujuy\/wp-json\/wp\/v2\/posts\/446846\/revisions\/446848"}],"wp:featuredmedia":[{"embeddable":true,"href":"https:\/\/notinor.com\/jujuy\/wp-json\/wp\/v2\/media\/446847"}],"wp:attachment":[{"href":"https:\/\/notinor.com\/jujuy\/wp-json\/wp\/v2\/media?parent=446846"}],"wp:term":[{"taxonomy":"category","embeddable":true,"href":"https:\/\/notinor.com\/jujuy\/wp-json\/wp\/v2\/categories?post=446846"},{"taxonomy":"post_tag","embeddable":true,"href":"https:\/\/notinor.com\/jujuy\/wp-json\/wp\/v2\/tags?post=446846"}],"curies":[{"name":"wp","href":"https:\/\/api.w.org\/{rel}","templated":true}]}}