{"id":446843,"date":"2026-09-02T13:55:10","date_gmt":"2026-09-02T16:55:10","guid":{"rendered":"https:\/\/notinor.com\/jujuy\/?p=446843"},"modified":"2026-09-02T13:55:11","modified_gmt":"2026-09-02T16:55:11","slug":"lanzan-una-campana-nacional-para-detectar-la-alergia-alimentaria-mas-frecuente-en-bebes-como-acceder-a-consultas-gratuitas","status":"publish","type":"post","link":"https:\/\/notinor.com\/jujuy\/lanzan-una-campana-nacional-para-detectar-la-alergia-alimentaria-mas-frecuente-en-bebes-como-acceder-a-consultas-gratuitas\/","title":{"rendered":"Lanzan una campa\u00f1a nacional para detectar la alergia alimentaria m\u00e1s frecuente en beb\u00e9s: c\u00f3mo acceder a consultas gratuitas"},"content":{"rendered":"\n<p class=\"has-medium-font-size\"><strong><em>Casi 1 de cada 100 ni\u00f1os en Argentina desarrolla una y las m\u00e1s com\u00fan es a la prote\u00edna de la leche de vaca. Cu\u00e1les son las se\u00f1ales de alerta.<\/em><\/strong><\/p>\n\n\n<div class=\"wp-block-image\">\n<figure class=\"aligncenter\"><img decoding=\"async\" src=\"https:\/\/tn.com.ar\/resizer\/v2\/uno-de-cada-100-ninos-en-argentina-desarrolla-una-alergia-alimentaria-foto-adobe-stock-HHXKTX2UXNBFZJDFJFV5WUVH4Q.jpg?auth=b0519c029bf6d52c5f10810169fe3cfb78a174b9ff1ad986c6774f0621c07966&amp;width=767\" alt=\"Uno de cada 100 ni\u00f1os en Argentina desarrolla una alergia alimentaria  (Foto: Adobe Stock)\"\/><figcaption class=\"wp-element-caption\">Uno de cada 100 ni\u00f1os en Argentina desarrolla una alergia alimentaria <\/figcaption><\/figure><\/div>\n\n\n<p>Llanto sostenido en un beb\u00e9, regurgitaciones frecuentes, diarrea, constipaci\u00f3n, c\u00f3licos intensos, eczema o sarpullido, sibilancias (pitido que se le oye al respirar), moco o sangre en las heces o dificultades para alimentarse, aunque cada uno de esos s\u00edntomas por separado puede responder a m\u00faltiples causas, si aparecen en forma persistente podr\u00edan ser una se\u00f1al de alerta de alergia\u00a0<strong>a la prote\u00edna de la leche<\/strong> <strong>de vaca\u00a0<\/strong>(APLV) y casi 1 de cada 100 ni\u00f1os en Argentina desarrolla una alergia alimentaria 1 y la m\u00e1s frecuente es la APLV, que representa un tercio de los casos.<\/p>\n\n\n\n<p>La&nbsp;<strong>APLV<\/strong>&nbsp;suele comenzar en los primeros meses de vida, pero sus manifestaciones pueden ser algo inespec\u00edficas, confundirse o subestimarse, lo que hace que algunas familias recorran un largo camino hasta obtener un diagn\u00f3stico correcto.<\/p>\n\n\n\n<p>Con el objetivo de favorecer su reconocimiento temprano, la Asociaci\u00f3n Argentina de Alergia e Inmunolog\u00eda Cl\u00ednica (AAAeIC) pondr\u00e1 en marcha una&nbsp;<strong>campa\u00f1a nacional de detecci\u00f3n temprana<\/strong>&nbsp;que ofrecer\u00e1 consultas gratuitas, virtuales o presenciales, brindadas por profesionales -principalmente m\u00e9dicos alergistas- de todo el pa\u00eds.<\/p>\n\n\n<div class=\"wp-block-image\">\n<figure class=\"aligncenter\"><img decoding=\"async\" src=\"https:\/\/tn.com.ar\/resizer\/v2\/la-aplv-suele-comenzar-en-los-primeros-meses-de-vida-foto-adobe-stock-2T3U4RW4OBHOXIESICERSNIETQ.jpeg?auth=fe90958428a599b8a89ebc1c3fcc59faaccc5f30931b5e61dc9da4467e9586b0&amp;width=767\" alt=\"La APLV suele comenzar en los primeros meses de vida. (Foto: Adobe Stock)\"\/><figcaption class=\"wp-element-caption\">La APLV suele comenzar en los primeros meses de vida<\/figcaption><\/figure><\/div>\n\n\n<p>Para acceder a un turno, se debe ingresar a&nbsp;<a href=\"https:\/\/www.pedirturno.com.ar\/\">www.pedirturno.com.ar<\/a>&nbsp;, desde este lunes hasta el viernes 4 de septiembre, fecha en la que se conmemora la Semana de la APLV, donde -tras responder un breve cuestionario orientador sobre los&nbsp;<strong>s\u00edntomas del beb\u00e9<\/strong>- podr\u00e1n reservar la consulta con el especialista m\u00e1s cercano para la semana del&nbsp;<strong>lunes 7 al viernes 11 de septiembre.<\/strong><\/p>\n\n\n\n<p>\u201cCon esta campa\u00f1a gratuita, como sociedad cient\u00edfica queremos facilitar el acceso a una evaluaci\u00f3n especializada y promover un diagn\u00f3stico temprano y de certeza de esta enfermedad cuando existen signos compatibles. Un&nbsp;<strong>diagn\u00f3stico oportuno y adecuado<\/strong>&nbsp;permite identificar a quienes realmente necesitan tratamiento, evitando tanto el sub diagn\u00f3stico como el sobrediagn\u00f3stico, y as\u00ed iniciar las intervenciones necesarias en el momento adecuado y<strong>&nbsp;prevenir las complicaciones innecesarias<\/strong>\u201d, destac\u00f3 la Dra. Silvana Monsell, m\u00e9dica pediatra, especialista en alergia e inmunolog\u00eda cl\u00ednica y Presidente de la AAAeIC.<\/p>\n\n\n\n<p><strong>Qu\u00e9 puede afectar la APLV<\/strong><\/p>\n\n\n\n<p>La APLV puede&nbsp;<strong>afectar el crecimiento, el estado nutricional y la calidad de vida del ni\u00f1o<\/strong>&nbsp;y de todo su entorno familiar cuando no es identificada oportunamente. Sus s\u00edntomas pueden aparecer inmediatamente despu\u00e9s de la ingesta o manifestarse varias horas e incluso d\u00edas m\u00e1s tarde, lo que&nbsp;<strong>muchas veces dificulta asociarlos con la alimentaci\u00f3n<\/strong>, por eso es importante visibilizar esta problem\u00e1tica y facilitar el acceso de las familias a una evaluaci\u00f3n especializada que permita llegar a un diagn\u00f3stico adecuado y oportuno.<\/p>\n\n\n\n<p>\u201cSi un ni\u00f1o presenta&nbsp;<strong>s\u00edntomas que generan<\/strong>&nbsp;<strong>preocupaci\u00f3n<\/strong>, es importante consultar con un profesional. Una evaluaci\u00f3n adecuada permitir\u00e1 confirmar o descartar la APLV y evitar tanto que la enfermedad pase inadvertida como diagn\u00f3sticos innecesarios\u201d, agreg\u00f3 la Dra. Silvana Monsell.<\/p>\n\n\n<div class=\"wp-block-image\">\n<figure class=\"aligncenter\"><img decoding=\"async\" src=\"https:\/\/tn.com.ar\/resizer\/v2\/la-constipacion-en-bebes-podria-ser-una-de-las-causas-de-la-aplv-foto-adobe-stock-MX2DVJE7NVB3BLQN6O4GKMIXHI.jpeg?auth=0a2a6efce4b81cec2c3ab2706a87421c52c94ad0d4009b2a49e60a94c85ac198&amp;width=767\" alt=\"La constipaci\u00f3n en beb\u00e9s podr\u00eda ser una de las causas de la APLV. (Foto: Adobe Stock)\"\/><figcaption class=\"wp-element-caption\">La constipaci\u00f3n en beb\u00e9s podr\u00eda ser una de las causas de la APLV<\/figcaption><\/figure><\/div>\n\n\n<p>El diagn\u00f3stico debe ser realizado por profesionales capacitados, quienes evaluar\u00e1n la historia cl\u00ednica, los s\u00edntomas y la evoluci\u00f3n del paciente para determinar si se trata de una&nbsp;<strong>alergia alimentaria&nbsp;<\/strong>y cu\u00e1l es la mejor estrategia terap\u00e9utica.<\/p>\n\n\n\n<p>Por lo general, el tratamiento consiste en eliminar la prote\u00edna de la leche de vaca de la alimentaci\u00f3n,<strong>&nbsp;preservando siempre un adecuado<\/strong>&nbsp;<strong>aporte nutricional<\/strong>. Cuando el beb\u00e9 recibe lactancia materna, \u00e9sta contin\u00faa siendo la primera recomendaci\u00f3n siempre que sea posible; si no lo es, existen leches medicamentosas especialmente dise\u00f1adas para estos casos.<\/p>\n\n\n\n<p><strong>La microbiota intestinal de los beb\u00e9s<\/strong><\/p>\n\n\n\n<p>La&nbsp;<strong>microbiota intestinal<\/strong>&nbsp;de los lactantes con APLV es diferente de la microbiota de los lactantes sanos. Por eso, en aquellos que reciben f\u00f3rmulas medicamentosas, es posible optar por aquellas con&nbsp;<strong>prebi\u00f3ticos y probi\u00f3ticos<\/strong>&nbsp;que modulan la microbiota asemej\u00e1ndola a la de los lactantes sanos.<\/p>\n\n\n\n<p>\u201cInvitamos a informarse a quienes tengan sospechas de un posible cuadro de este tipo. Buscamos adem\u00e1s generar mayor conocimiento sobre una<strong>&nbsp;enfermedad frecuente<\/strong>, pero a\u00fan poco reconocida por la poblaci\u00f3n, que -detectada y tratada a tiempo- puede prevenir complicaciones, mejorar la salud y la calidad de vida de los ni\u00f1os y de sus familias\u201d, concluyeron desde la AAAeIC.<\/p>\n","protected":false},"excerpt":{"rendered":"<p>Casi 1 de cada 100 ni\u00f1os en Argentina desarrolla una y las m\u00e1s com\u00fan es a la prote\u00edna de la leche de vaca. Cu\u00e1les son las se\u00f1ales de alerta. Llanto sostenido en un beb\u00e9, regurgitaciones frecuentes, diarrea, constipaci\u00f3n, c\u00f3licos intensos, eczema o sarpullido, sibilancias (pitido que se le oye al respirar), moco o sangre en [&hellip;]<\/p>\n","protected":false},"author":5,"featured_media":446844,"comment_status":"open","ping_status":"open","sticky":false,"template":"","format":"standard","meta":{"_stopmodifiedupdate":false,"_modified_date":"","inline_featured_image":false},"categories":[828],"tags":[],"jetpack_featured_media_url":"https:\/\/notinor.com\/jujuy\/wp-content\/uploads\/2026\/09\/SALUD.jpg","_links":{"self":[{"href":"https:\/\/notinor.com\/jujuy\/wp-json\/wp\/v2\/posts\/446843"}],"collection":[{"href":"https:\/\/notinor.com\/jujuy\/wp-json\/wp\/v2\/posts"}],"about":[{"href":"https:\/\/notinor.com\/jujuy\/wp-json\/wp\/v2\/types\/post"}],"author":[{"embeddable":true,"href":"https:\/\/notinor.com\/jujuy\/wp-json\/wp\/v2\/users\/5"}],"replies":[{"embeddable":true,"href":"https:\/\/notinor.com\/jujuy\/wp-json\/wp\/v2\/comments?post=446843"}],"version-history":[{"count":1,"href":"https:\/\/notinor.com\/jujuy\/wp-json\/wp\/v2\/posts\/446843\/revisions"}],"predecessor-version":[{"id":446845,"href":"https:\/\/notinor.com\/jujuy\/wp-json\/wp\/v2\/posts\/446843\/revisions\/446845"}],"wp:featuredmedia":[{"embeddable":true,"href":"https:\/\/notinor.com\/jujuy\/wp-json\/wp\/v2\/media\/446844"}],"wp:attachment":[{"href":"https:\/\/notinor.com\/jujuy\/wp-json\/wp\/v2\/media?parent=446843"}],"wp:term":[{"taxonomy":"category","embeddable":true,"href":"https:\/\/notinor.com\/jujuy\/wp-json\/wp\/v2\/categories?post=446843"},{"taxonomy":"post_tag","embeddable":true,"href":"https:\/\/notinor.com\/jujuy\/wp-json\/wp\/v2\/tags?post=446843"}],"curies":[{"name":"wp","href":"https:\/\/api.w.org\/{rel}","templated":true}]}}