{"id":446838,"date":"2026-09-02T12:58:19","date_gmt":"2026-09-02T15:58:19","guid":{"rendered":"https:\/\/notinor.com\/jujuy\/?p=446838"},"modified":"2026-09-02T13:01:35","modified_gmt":"2026-09-02T16:01:35","slug":"el-llamativo-motivo-por-el-que-abel-pintos-llamo-ibuprofeno-a-su-nueva-cancion","status":"publish","type":"post","link":"https:\/\/notinor.com\/jujuy\/el-llamativo-motivo-por-el-que-abel-pintos-llamo-ibuprofeno-a-su-nueva-cancion\/","title":{"rendered":"El llamativo motivo por el que Abel Pintos llam\u00f3 \"Ibuprofeno\" a su nueva canci\u00f3n"},"content":{"rendered":"\n<p class=\"has-medium-font-size\"><strong><em>El cantante revel\u00f3 c\u00f3mo apareci\u00f3 esa palabra al componer y los reparos que recibi\u00f3 por el algoritmo de las plataformas. Adem\u00e1s, habl\u00f3 de sus miedos, la paternidad, de los shows previsto\u00a0para noviembre.<\/em><\/strong><\/p>\n\n\n\n<p class=\"has-text-align-center\"><img decoding=\"async\" src=\"https:\/\/images-tools.cadena3.com\/tools\/r\/495a6b12-e6f3-47e4-991a-5b79b10df6a6.jpg?width=1200&amp;height=672\" alt=\"La curiosa historia detr\u00e1s de \">La curiosa historia detr\u00e1s de \"Ibuprofeno\", la nueva canci\u00f3n de Abel Pintos.<\/p>\n\n\n\n<p><strong>Abel Pintos<\/strong> se presentar\u00e1 el&nbsp;<strong>29 de noviembre<\/strong>&nbsp;en la Plaza de la M\u00fasica de C\u00f3rdoba, como parte de la gira \"Buenaventura\". El espect\u00e1culo combinar\u00e1 canciones de toda su trayectoria con los nuevos lanzamientos y otros temas que dar\u00e1 a conocer antes de noviembre.<\/p>\n\n\n\n<p>En ese marco, el cantante revel\u00f3 que \"Ibuprofeno\", el nombre de su nueva canci\u00f3n, surgi\u00f3 de manera intuitiva mientras compon\u00eda y lo sorprendi\u00f3 incluso a \u00e9l.<\/p>\n\n\n\n<p>Explic\u00f3 que decidi\u00f3 conservar esa palabra porque funcionaba como met\u00e1fora y despertaba preguntas, aunque recibi\u00f3 observaciones relacionadas con los algoritmos de las plataformas musicales.<\/p>\n\n\n\n<p>\"Cuando escribo mis canciones, muchas veces viene la m\u00fasica con la letra al mismo tiempo. Y muchas veces esas letras que voy escribiendo no las elijo intelectualmente:&nbsp;<strong>son una cosa intuitiva\",<\/strong>&nbsp;cont\u00f3.<\/p>\n\n\n\n<p>Seg\u00fan relat\u00f3, la aparici\u00f3n del t\u00e9rmino durante la composici\u00f3n le llam\u00f3 la atenci\u00f3n y lo llev\u00f3 a preguntarse por qu\u00e9 lo hab\u00eda elegido. Reconoci\u00f3 que, si hubiera trabajado la letra desde un lugar m\u00e1s deliberado en una primera instancia, probablemente no lo habr\u00eda utilizado.<\/p>\n\n\n\n<p>\"Me pareci\u00f3 que est\u00e9ticamente&nbsp;<strong>llamaba mucho la atenci\u00f3n\",<\/strong>&nbsp;explic\u00f3. Por eso, adem\u00e1s de mantenerlo en la letra, decidi\u00f3 convertirlo en el t\u00edtulo: quer\u00eda que esa misma curiosidad se trasladara a quienes escucharan la canci\u00f3n.<a href=\"https:\/\/www.cadena3.com\/noticia\/viva-la-radio\/diego-torres-intimo-con-cadena-3-antes-de-volver-a-cordoba-tengo-aun-ese-espiritu-de-nino_589753\"><\/a><\/p>\n\n\n\n<p>Consultado sobre si alguien hab\u00eda cuestionado la elecci\u00f3n, respondi\u00f3 que s\u00ed, aunque aclar\u00f3 que los reparos estuvieron vinculados con el algoritmo de las plataformas digitales, m\u00e1s que con la est\u00e9tica o el significado.<\/p>\n\n\n\n<p>\"El arte no se explica muchas veces\", sostuvo. Para ilustrarlo, compar\u00f3 la composici\u00f3n con la pintura: un artista puede explicar el sentido de una obra, pero no necesariamente cada trazo. \"Me gust\u00f3, me pareci\u00f3 que era divertido y que&nbsp;<strong>romp\u00eda un poco algunos moldes propios\",<\/strong>&nbsp;resumi\u00f3.<\/p>\n\n\n\n<p>La canci\u00f3n tambi\u00e9n representa una diferencia respecto de otros momentos de su carrera. Pintos explic\u00f3 que habitualmente comparte historias que ya vivi\u00f3 y sobre las que pudo elaborar conclusiones. En \"Ibuprofeno\", en cambio, expresa preguntas que todav\u00eda lo atraviesan.<\/p>\n\n\n\n<p>\"Es una especie de transmisi\u00f3n en vivo y en directo de lo que me est\u00e1 pasando en esta etapa de mi vida\", describi\u00f3. El eje es&nbsp;<strong>su relaci\u00f3n con el miedo:<\/strong>&nbsp;c\u00f3mo lo interpreta, c\u00f3mo lo aborda y de qu\u00e9 manera aparece en su vida familiar y en sus preocupaciones por el mundo en el que crecen sus hijos.<\/p>\n\n\n\n<p>Durante la entrevista tambi\u00e9n reflexion\u00f3 sobre el uso del celular y las redes sociales. Consider\u00f3 que son herramientas de trabajo, informaci\u00f3n y difusi\u00f3n, y puso el acento en encontrar un momento para cada actividad, una idea que trabaja con su hijo de cinco a\u00f1os.<a href=\"https:\/\/www.cadena3.com\/noticia\/viva-la-radio\/nahuel-pennisi-homenajeo-a-mercedes-sosa-cantar-sus-canciones-es-grandioso_556362\"><\/a><\/p>\n\n\n\n<p>\"Me tomo un ratito tambi\u00e9n para lo del&nbsp;<strong>mundo real,<\/strong>&nbsp;para la mirada de tu hijo, para la palabra de tu compa\u00f1ero o compa\u00f1era\", expres\u00f3. En ese sentido, destac\u00f3 la importancia de prestar atenci\u00f3n al entorno y de reconocer el efecto de las propias decisiones sobre los dem\u00e1s.<\/p>\n\n\n\n<p>Al recordar sus primeros temores profesionales, se\u00f1al\u00f3 la etapa en la que advirti\u00f3 que su adolescencia era diferente de la de sus amigos. Los compromisos art\u00edsticos lo alejaban de experiencias compartidas por sus compa\u00f1eros y se preguntaba qu\u00e9 consecuencias emocionales podr\u00eda tener esa diferencia en el futuro.<\/p>\n\n\n\n<p>Como padre, identific\u00f3 un momento especialmente significativo: cuando Guillermina, su hija mayor, se acerc\u00f3 a pedirle un consejo. Comprender que ella lo tomaba como una referencia de seguridad lo hizo dimensionar cu\u00e1nto pod\u00edan influir sus palabras en la manera de verse a s\u00ed misma y de interpretar el mundo.<\/p>\n\n\n\n<p>\"Yo no tengo problema con dar un consejo que mis hijos no sigan o no les parezca acertado. Lo que no quiero es, con mis consejos, transferirles cosas m\u00edas\", explic\u00f3. Por eso, ante algunas preguntas, pide&nbsp;<strong>tiempo para reflexionar<\/strong>&nbsp;e incluso lleva el tema a terapia antes de responder.<\/p>\n\n\n\n<p>Tambi\u00e9n hubo espacio para la m\u00fasica que lo emociona. Consultado sobre qu\u00e9 le cantar\u00eda al Papa, eligi\u00f3 sin dudar la \"Misa criolla\". \"Sigo sintiendo que todav\u00eda no tomamos dimensi\u00f3n de la magnitud de la obra\", afirm\u00f3.<\/p>\n","protected":false},"excerpt":{"rendered":"<p>El cantante revel\u00f3 c\u00f3mo apareci\u00f3 esa palabra al componer y los reparos que recibi\u00f3 por el algoritmo de las plataformas. Adem\u00e1s, habl\u00f3 de sus miedos, la paternidad, de los shows previsto\u00a0para noviembre. La curiosa historia detr\u00e1s de \"Ibuprofeno\", la nueva canci\u00f3n de Abel Pintos. Abel Pintos se presentar\u00e1 el&nbsp;29 de noviembre&nbsp;en la Plaza de la [&hellip;]<\/p>\n","protected":false},"author":5,"featured_media":446839,"comment_status":"open","ping_status":"open","sticky":false,"template":"","format":"standard","meta":{"_stopmodifiedupdate":false,"_modified_date":"","inline_featured_image":false},"categories":[21],"tags":[],"jetpack_featured_media_url":"https:\/\/notinor.com\/jujuy\/wp-content\/uploads\/2026\/09\/ABEL.jpg","_links":{"self":[{"href":"https:\/\/notinor.com\/jujuy\/wp-json\/wp\/v2\/posts\/446838"}],"collection":[{"href":"https:\/\/notinor.com\/jujuy\/wp-json\/wp\/v2\/posts"}],"about":[{"href":"https:\/\/notinor.com\/jujuy\/wp-json\/wp\/v2\/types\/post"}],"author":[{"embeddable":true,"href":"https:\/\/notinor.com\/jujuy\/wp-json\/wp\/v2\/users\/5"}],"replies":[{"embeddable":true,"href":"https:\/\/notinor.com\/jujuy\/wp-json\/wp\/v2\/comments?post=446838"}],"version-history":[{"count":2,"href":"https:\/\/notinor.com\/jujuy\/wp-json\/wp\/v2\/posts\/446838\/revisions"}],"predecessor-version":[{"id":446842,"href":"https:\/\/notinor.com\/jujuy\/wp-json\/wp\/v2\/posts\/446838\/revisions\/446842"}],"wp:featuredmedia":[{"embeddable":true,"href":"https:\/\/notinor.com\/jujuy\/wp-json\/wp\/v2\/media\/446839"}],"wp:attachment":[{"href":"https:\/\/notinor.com\/jujuy\/wp-json\/wp\/v2\/media?parent=446838"}],"wp:term":[{"taxonomy":"category","embeddable":true,"href":"https:\/\/notinor.com\/jujuy\/wp-json\/wp\/v2\/categories?post=446838"},{"taxonomy":"post_tag","embeddable":true,"href":"https:\/\/notinor.com\/jujuy\/wp-json\/wp\/v2\/tags?post=446838"}],"curies":[{"name":"wp","href":"https:\/\/api.w.org\/{rel}","templated":true}]}}