{"id":446835,"date":"2026-09-02T12:48:41","date_gmt":"2026-09-02T15:48:41","guid":{"rendered":"https:\/\/notinor.com\/jujuy\/?p=446835"},"modified":"2026-09-02T12:48:43","modified_gmt":"2026-09-02T15:48:43","slug":"regimen-simplificado-el-gobierno-de-jujuy-facilita-la-gestion-contable-a-asociaciones-civiles-y-fundaciones","status":"publish","type":"post","link":"https:\/\/notinor.com\/jujuy\/regimen-simplificado-el-gobierno-de-jujuy-facilita-la-gestion-contable-a-asociaciones-civiles-y-fundaciones\/","title":{"rendered":"R\u00e9gimen simplificado: el Gobierno de Jujuy facilita la gesti\u00f3n contable a asociaciones civiles y fundaciones"},"content":{"rendered":"\n<p class=\"has-medium-font-size\"><strong><em>La medida establece un procedimiento m\u00e1s \u00e1gil para la regularizaci\u00f3n contable y administrativa de asociaciones civiles, simples asociaciones y fundaciones.<\/em><\/strong><\/p>\n\n\n<div class=\"wp-block-image\">\n<figure class=\"aligncenter size-large\"><img decoding=\"async\" loading=\"lazy\" width=\"720\" height=\"480\" src=\"https:\/\/notinor.com\/jujuy\/wp-content\/uploads\/2026\/09\/GESTION-720x480.webp\" alt=\"\" class=\"wp-image-446836\" srcset=\"https:\/\/notinor.com\/jujuy\/wp-content\/uploads\/2026\/09\/GESTION-720x480.webp 720w, https:\/\/notinor.com\/jujuy\/wp-content\/uploads\/2026\/09\/GESTION-548x365.webp 548w, https:\/\/notinor.com\/jujuy\/wp-content\/uploads\/2026\/09\/GESTION-768x512.webp 768w, https:\/\/notinor.com\/jujuy\/wp-content\/uploads\/2026\/09\/GESTION-750x500.webp 750w, https:\/\/notinor.com\/jujuy\/wp-content\/uploads\/2026\/09\/GESTION-1140x760.webp 1140w, https:\/\/notinor.com\/jujuy\/wp-content\/uploads\/2026\/09\/GESTION.webp 1200w\" sizes=\"(max-width: 720px) 100vw, 720px\" \/><\/figure><\/div>\n\n\n<p><\/p>\n\n\n\n<p>A trav\u00e9s del Decreto N\u00ba 5763,\u00a0<strong>el Gobierno de Jujuy aprob\u00f3 el \u201cR\u00e9gimen Simplificado de Asociaciones Civiles, Simples Asociaciones y Fundaciones\u201d<\/strong>, adem\u00e1s de establecer el modelo de \u201cEstado de Recursos y Gastos\u201d.<\/p>\n\n\n\n<p id=\"p-1788348401249-18581\">El secretario de Comunicaci\u00f3n y Gobierno Abierto, Alberto Siufi, indic\u00f3 que el r\u00e9gimen apunta a \u201cfacilitar que peque\u00f1as fundaciones y asociaciones civiles mantengan sus papeles al d\u00eda sin incurrir en costos inasumibles de contabilidad o multas por mora\u201d.<\/p>\n\n\n\n<p id=\"p-1788348401249-52439\">Se\u00f1al\u00f3 que tambi\u00e9n contempla \u201cel reemplazo de la presentaci\u00f3n de balances tradicionales por un tr\u00e1mite simplificado\u201d, como, por ejemplo, el Estado de Recursos y Gastos.<\/p>\n\n\n\n<p id=\"p-1788348401249-65147\">\u201cEl prop\u00f3sito central es permitir a las peque\u00f1as entidades regularizar su situaci\u00f3n contable para acceder a beneficios, tales como subsidios de servicios\u201d, enfatiz\u00f3.&nbsp;<\/p>\n\n\n\n<p id=\"p-1788348401249-2228\">Asimismo, remarc\u00f3 que el r\u00e9gimen \u201ces el resultado de experiencias previas como la registrada en Salta\u201d y de la \u201ccolaboraci\u00f3n con el Consejo Profesional de Ciencias Econ\u00f3micas de Jujuy y Fiscal\u00eda de Estado\u201d, articulaci\u00f3n interinstitucional fundamental para concretar el nuevo r\u00e9gimen.<\/p>\n\n\n\n<p><strong>Autoridad de aplicaci\u00f3n<\/strong><\/p>\n\n\n\n<p id=\"p-1788348401249-30706\">Es oportuno destacar que Fiscal\u00eda de Estado, a trav\u00e9s de la Direcci\u00f3n Provincial de Asociaciones y Fundaciones del Registro P\u00fablico, fue designada como autoridad de aplicaci\u00f3n del r\u00e9gimen.&nbsp;<\/p>\n\n\n\n<p id=\"p-1788348401249-22178\">La medida ser\u00e1 aplicable a los ejercicios econ\u00f3micos que cierren con posterioridad a la entrada en vigencia del decreto, as\u00ed como a aquellos cerrados con anterioridad que se encuentren pendientes de presentaci\u00f3n, a los fines de su regularizaci\u00f3n administrativa.<\/p>\n","protected":false},"excerpt":{"rendered":"<p>La medida establece un procedimiento m\u00e1s \u00e1gil para la regularizaci\u00f3n contable y administrativa de asociaciones civiles, simples asociaciones y fundaciones. A trav\u00e9s del Decreto N\u00ba 5763,\u00a0el Gobierno de Jujuy aprob\u00f3 el \u201cR\u00e9gimen Simplificado de Asociaciones Civiles, Simples Asociaciones y Fundaciones\u201d, adem\u00e1s de establecer el modelo de \u201cEstado de Recursos y Gastos\u201d. El secretario de Comunicaci\u00f3n [&hellip;]<\/p>\n","protected":false},"author":5,"featured_media":446836,"comment_status":"open","ping_status":"open","sticky":false,"template":"","format":"standard","meta":{"_stopmodifiedupdate":false,"_modified_date":"","inline_featured_image":false},"categories":[2],"tags":[],"jetpack_featured_media_url":"https:\/\/notinor.com\/jujuy\/wp-content\/uploads\/2026\/09\/GESTION.webp","_links":{"self":[{"href":"https:\/\/notinor.com\/jujuy\/wp-json\/wp\/v2\/posts\/446835"}],"collection":[{"href":"https:\/\/notinor.com\/jujuy\/wp-json\/wp\/v2\/posts"}],"about":[{"href":"https:\/\/notinor.com\/jujuy\/wp-json\/wp\/v2\/types\/post"}],"author":[{"embeddable":true,"href":"https:\/\/notinor.com\/jujuy\/wp-json\/wp\/v2\/users\/5"}],"replies":[{"embeddable":true,"href":"https:\/\/notinor.com\/jujuy\/wp-json\/wp\/v2\/comments?post=446835"}],"version-history":[{"count":1,"href":"https:\/\/notinor.com\/jujuy\/wp-json\/wp\/v2\/posts\/446835\/revisions"}],"predecessor-version":[{"id":446837,"href":"https:\/\/notinor.com\/jujuy\/wp-json\/wp\/v2\/posts\/446835\/revisions\/446837"}],"wp:featuredmedia":[{"embeddable":true,"href":"https:\/\/notinor.com\/jujuy\/wp-json\/wp\/v2\/media\/446836"}],"wp:attachment":[{"href":"https:\/\/notinor.com\/jujuy\/wp-json\/wp\/v2\/media?parent=446835"}],"wp:term":[{"taxonomy":"category","embeddable":true,"href":"https:\/\/notinor.com\/jujuy\/wp-json\/wp\/v2\/categories?post=446835"},{"taxonomy":"post_tag","embeddable":true,"href":"https:\/\/notinor.com\/jujuy\/wp-json\/wp\/v2\/tags?post=446835"}],"curies":[{"name":"wp","href":"https:\/\/api.w.org\/{rel}","templated":true}]}}