{"id":446827,"date":"2026-09-01T12:14:44","date_gmt":"2026-09-01T15:14:44","guid":{"rendered":"https:\/\/notinor.com\/jujuy\/?p=446827"},"modified":"2026-09-01T12:14:44","modified_gmt":"2026-09-01T12:14:44","slug":"operativo-de-transito-en-ciudad-cultural-por-la-exhibicion-de-automovilismo-turismo-pista","status":"publish","type":"post","link":"https:\/\/notinor.com\/jujuy\/operativo-de-transito-en-ciudad-cultural-por-la-exhibicion-de-automovilismo-turismo-pista\/","title":{"rendered":"Operativo de Tr\u00e1nsito en Ciudad Cultural por la exhibici\u00f3n de automovilismo \u201cTurismo Pista\u201d"},"content":{"rendered":"\n<p class=\"has-medium-font-size\"><strong><em>La Direcci\u00f3n General de Tr\u00e1nsito y Transporte de la Municipalidad de San Salvador de Jujuy, informa a la poblaci\u00f3n en general y a los se\u00f1ores conductores en particular que, con motivo de la \u201cExhibici\u00f3n de Automovilismo Juje\u00f1o \u2013 Turismo Pista\u201d, a realizarse este mi\u00e9rcoles, 2 de septiembre desde las 19 horas, en Ciudad Cultural, se implementar\u00e1 un operativo especial de tr\u00e1nsito y ordenamiento vehicular en el mencionado sector.<\/em><\/strong><\/p>\n\n\n<div class=\"wp-block-image\">\n<figure class=\"aligncenter size-large is-resized\"><img decoding=\"async\" loading=\"lazy\" src=\"https:\/\/notinor.com\/jujuy\/wp-content\/uploads\/2026\/09\/AUTOMOVILISMO-477x480.webp\" alt=\"\" class=\"wp-image-446828\" width=\"568\" height=\"572\" srcset=\"https:\/\/notinor.com\/jujuy\/wp-content\/uploads\/2026\/09\/AUTOMOVILISMO-477x480.webp 477w, https:\/\/notinor.com\/jujuy\/wp-content\/uploads\/2026\/09\/AUTOMOVILISMO-363x365.webp 363w, https:\/\/notinor.com\/jujuy\/wp-content\/uploads\/2026\/09\/AUTOMOVILISMO-768x773.webp 768w, https:\/\/notinor.com\/jujuy\/wp-content\/uploads\/2026\/09\/AUTOMOVILISMO-75x75.webp 75w, https:\/\/notinor.com\/jujuy\/wp-content\/uploads\/2026\/09\/AUTOMOVILISMO-750x755.webp 750w, https:\/\/notinor.com\/jujuy\/wp-content\/uploads\/2026\/09\/AUTOMOVILISMO-1140x1148.webp 1140w, https:\/\/notinor.com\/jujuy\/wp-content\/uploads\/2026\/09\/AUTOMOVILISMO.webp 1200w\" sizes=\"(max-width: 568px) 100vw, 568px\" \/><figcaption class=\"wp-element-caption\">Mat\u00edas Clapier y Federico Stieglitz<\/figcaption><\/figure><\/div>\n\n\n<p>Conforme a lo informado por la direcci\u00f3n, dependiente de la Secretar\u00eda de Servicios P\u00fablicos, el operativo iniciar\u00e1 a las 13 horas con el DESPEJE DE TR\u00c1NSITO en las siguientes arterias:<\/p>\n\n\n\n<p>&nbsp;&nbsp;&nbsp;&nbsp;&nbsp;&nbsp;&nbsp; \u2013 Avenida de los Estudiantes en toda su extensi\u00f3n. &nbsp;<\/p>\n\n\n\n<p>&nbsp;&nbsp;&nbsp;&nbsp;&nbsp;&nbsp;&nbsp; \u2013 Juntos en Jujuy desde avenida De los Estudiantes hasta avenida Las Carrozas.<\/p>\n\n\n\n<p>&nbsp;&nbsp;&nbsp;&nbsp;&nbsp;&nbsp;&nbsp; \u2013 Calle Interna frente a los Food Truck.&nbsp;&nbsp;<\/p>\n\n\n\n<p>En tanto, desde las 17 horas y hasta la finalizaci\u00f3n del evento, se prev\u00e9n CORTES DE TR\u00c1NSITO sobre:<\/p>\n\n\n\n<ul>\n<li>Rotonda Ruta 9 hacia Av. De los Estudiantes.<\/li>\n\n\n\n<li>Avenida de los Estudiantes y avenida Las Carrozas.<\/li>\n<\/ul>\n\n\n\n<p>Finalmente, a los efectos de ordenar la circulaci\u00f3n vehicular y garantizar el normal desarrollo del evento automovil\u00edstico, se recomienda prestar especial atenci\u00f3n a la se\u00f1alizaci\u00f3n y al personal apostado en la zona.<\/p>\n","protected":false},"excerpt":{"rendered":"<p>La Direcci\u00f3n General de Tr\u00e1nsito y Transporte de la Municipalidad de San Salvador de Jujuy, informa a la poblaci\u00f3n en general y a los se\u00f1ores conductores en particular que, con motivo de la \u201cExhibici\u00f3n de Automovilismo Juje\u00f1o \u2013 Turismo Pista\u201d, a realizarse este mi\u00e9rcoles, 2 de septiembre desde las 19 horas, en Ciudad Cultural, se [&hellip;]<\/p>\n","protected":false},"author":5,"featured_media":446828,"comment_status":"open","ping_status":"open","sticky":false,"template":"","format":"standard","meta":{"_stopmodifiedupdate":false,"_modified_date":"","inline_featured_image":false},"categories":[7],"tags":[],"jetpack_featured_media_url":"https:\/\/notinor.com\/jujuy\/wp-content\/uploads\/2026\/09\/AUTOMOVILISMO.webp","_links":{"self":[{"href":"https:\/\/notinor.com\/jujuy\/wp-json\/wp\/v2\/posts\/446827"}],"collection":[{"href":"https:\/\/notinor.com\/jujuy\/wp-json\/wp\/v2\/posts"}],"about":[{"href":"https:\/\/notinor.com\/jujuy\/wp-json\/wp\/v2\/types\/post"}],"author":[{"embeddable":true,"href":"https:\/\/notinor.com\/jujuy\/wp-json\/wp\/v2\/users\/5"}],"replies":[{"embeddable":true,"href":"https:\/\/notinor.com\/jujuy\/wp-json\/wp\/v2\/comments?post=446827"}],"version-history":[{"count":1,"href":"https:\/\/notinor.com\/jujuy\/wp-json\/wp\/v2\/posts\/446827\/revisions"}],"predecessor-version":[{"id":446829,"href":"https:\/\/notinor.com\/jujuy\/wp-json\/wp\/v2\/posts\/446827\/revisions\/446829"}],"wp:featuredmedia":[{"embeddable":true,"href":"https:\/\/notinor.com\/jujuy\/wp-json\/wp\/v2\/media\/446828"}],"wp:attachment":[{"href":"https:\/\/notinor.com\/jujuy\/wp-json\/wp\/v2\/media?parent=446827"}],"wp:term":[{"taxonomy":"category","embeddable":true,"href":"https:\/\/notinor.com\/jujuy\/wp-json\/wp\/v2\/categories?post=446827"},{"taxonomy":"post_tag","embeddable":true,"href":"https:\/\/notinor.com\/jujuy\/wp-json\/wp\/v2\/tags?post=446827"}],"curies":[{"name":"wp","href":"https:\/\/api.w.org\/{rel}","templated":true}]}}