{"id":446817,"date":"2026-09-02T11:30:19","date_gmt":"2026-09-02T14:30:19","guid":{"rendered":"https:\/\/notinor.com\/jujuy\/?p=446817"},"modified":"2026-09-02T11:30:22","modified_gmt":"2026-09-02T14:30:22","slug":"sesion-de-fotos-de-las-candidatas-a-eleccion-reina-por-capital","status":"publish","type":"post","link":"https:\/\/notinor.com\/jujuy\/sesion-de-fotos-de-las-candidatas-a-eleccion-reina-por-capital\/","title":{"rendered":"Sesi\u00f3n de fotos de las candidatas a elecci\u00f3n Reina por Capital"},"content":{"rendered":"\n<p class=\"has-medium-font-size\"><strong><em>El presidente del Concejo Deliberante de San Salvador de Jujuy, Dr. Gast\u00f3n Mill\u00f3n, acompa\u00f1\u00f3 a las 59 candidatas a representante de los estudiantes del Departamento Capital, durante la sesi\u00f3n fotogr\u00e1fica tradicional y el sorteo de orden del desfile para la noche de la elecci\u00f3n, que tendr\u00e1 lugar el domingo 13 de septiembre en Ciudad Cultural.<\/em><\/strong><\/p>\n\n\n<div class=\"wp-block-image\">\n<figure class=\"aligncenter size-large is-resized\"><img decoding=\"async\" loading=\"lazy\" src=\"https:\/\/notinor.com\/jujuy\/wp-content\/uploads\/2026\/09\/FNE1-720x480.jpg\" alt=\"\" class=\"wp-image-446819\" width=\"749\" height=\"499\" srcset=\"https:\/\/notinor.com\/jujuy\/wp-content\/uploads\/2026\/09\/FNE1-720x480.jpg 720w, https:\/\/notinor.com\/jujuy\/wp-content\/uploads\/2026\/09\/FNE1-548x365.jpg 548w, https:\/\/notinor.com\/jujuy\/wp-content\/uploads\/2026\/09\/FNE1.jpg 750w\" sizes=\"(max-width: 749px) 100vw, 749px\" \/><\/figure><\/div>\n\n\n<p><\/p>\n\n\n\n<p>El evento, al cual el Dr. Mill\u00f3n concurri\u00f3 invitado por el intendente <strong>Ra\u00fal \"Chuli\" Jorge<\/strong>, se desarroll\u00f3 en el Centro Cultural \"\u00c9xodo Juje\u00f1o\", en la tarde del \u00faltimo martes.<\/p>\n\n\n<div class=\"wp-block-image\">\n<figure class=\"aligncenter size-large\"><img decoding=\"async\" loading=\"lazy\" width=\"720\" height=\"480\" src=\"https:\/\/notinor.com\/jujuy\/wp-content\/uploads\/2026\/09\/FNE1-1-720x480.jpg\" alt=\"\" class=\"wp-image-446820\" srcset=\"https:\/\/notinor.com\/jujuy\/wp-content\/uploads\/2026\/09\/FNE1-1-720x480.jpg 720w, https:\/\/notinor.com\/jujuy\/wp-content\/uploads\/2026\/09\/FNE1-1-548x365.jpg 548w, https:\/\/notinor.com\/jujuy\/wp-content\/uploads\/2026\/09\/FNE1-1.jpg 750w\" sizes=\"(max-width: 720px) 100vw, 720px\" \/><\/figure><\/div>\n\n\n<p><\/p>\n\n\n\n<p>Las candidatas vivieron una jornada especial, que sirvi\u00f3 para que interact\u00faen entre ellas, se conozcan con m\u00e1s profundidad y estrechen relaciones. Adem\u00e1s, fueron agasajadas con un brindis y recibieron presentes de parte de las autoridades de la Ciudad y los funcionarios municipales presentes.<\/p>\n\n\n<div class=\"wp-block-image\">\n<figure class=\"aligncenter size-large\"><img decoding=\"async\" loading=\"lazy\" width=\"721\" height=\"480\" src=\"https:\/\/notinor.com\/jujuy\/wp-content\/uploads\/2026\/09\/FNE1-2-721x480.jpg\" alt=\"\" class=\"wp-image-446821\" srcset=\"https:\/\/notinor.com\/jujuy\/wp-content\/uploads\/2026\/09\/FNE1-2-721x480.jpg 721w, https:\/\/notinor.com\/jujuy\/wp-content\/uploads\/2026\/09\/FNE1-2-549x365.jpg 549w, https:\/\/notinor.com\/jujuy\/wp-content\/uploads\/2026\/09\/FNE1-2.jpg 750w\" sizes=\"(max-width: 721px) 100vw, 721px\" \/><\/figure><\/div>\n\n\n<p><\/p>\n\n\n\n<p>Dentro de este marco, adem\u00e1s del n\u00famero que conocieron para su paso por la pasarela, las representantes de los 59 establecimientos de nivel medio de San Salvador de Jujuy, tambi\u00e9n conocieron la agenda de actividades que van a disfrutar hasta el d\u00eda de la elecci\u00f3n.<\/p>\n\n\n<div class=\"wp-block-image\">\n<figure class=\"aligncenter size-large\"><img decoding=\"async\" loading=\"lazy\" width=\"720\" height=\"480\" src=\"https:\/\/notinor.com\/jujuy\/wp-content\/uploads\/2026\/09\/DNE1-720x480.jpg\" alt=\"\" class=\"wp-image-446822\" srcset=\"https:\/\/notinor.com\/jujuy\/wp-content\/uploads\/2026\/09\/DNE1-720x480.jpg 720w, https:\/\/notinor.com\/jujuy\/wp-content\/uploads\/2026\/09\/DNE1-548x365.jpg 548w, https:\/\/notinor.com\/jujuy\/wp-content\/uploads\/2026\/09\/DNE1.jpg 750w\" sizes=\"(max-width: 720px) 100vw, 720px\" \/><\/figure><\/div>","protected":false},"excerpt":{"rendered":"<p>El presidente del Concejo Deliberante de San Salvador de Jujuy, Dr. Gast\u00f3n Mill\u00f3n, acompa\u00f1\u00f3 a las 59 candidatas a representante de los estudiantes del Departamento Capital, durante la sesi\u00f3n fotogr\u00e1fica tradicional y el sorteo de orden del desfile para la noche de la elecci\u00f3n, que tendr\u00e1 lugar el domingo 13 de septiembre en Ciudad Cultural. [&hellip;]<\/p>\n","protected":false},"author":5,"featured_media":446818,"comment_status":"open","ping_status":"open","sticky":false,"template":"","format":"standard","meta":{"_stopmodifiedupdate":false,"_modified_date":"","inline_featured_image":false},"categories":[594,13],"tags":[],"jetpack_featured_media_url":"https:\/\/notinor.com\/jujuy\/wp-content\/uploads\/2026\/09\/FNE-scaled.jpg","_links":{"self":[{"href":"https:\/\/notinor.com\/jujuy\/wp-json\/wp\/v2\/posts\/446817"}],"collection":[{"href":"https:\/\/notinor.com\/jujuy\/wp-json\/wp\/v2\/posts"}],"about":[{"href":"https:\/\/notinor.com\/jujuy\/wp-json\/wp\/v2\/types\/post"}],"author":[{"embeddable":true,"href":"https:\/\/notinor.com\/jujuy\/wp-json\/wp\/v2\/users\/5"}],"replies":[{"embeddable":true,"href":"https:\/\/notinor.com\/jujuy\/wp-json\/wp\/v2\/comments?post=446817"}],"version-history":[{"count":1,"href":"https:\/\/notinor.com\/jujuy\/wp-json\/wp\/v2\/posts\/446817\/revisions"}],"predecessor-version":[{"id":446823,"href":"https:\/\/notinor.com\/jujuy\/wp-json\/wp\/v2\/posts\/446817\/revisions\/446823"}],"wp:featuredmedia":[{"embeddable":true,"href":"https:\/\/notinor.com\/jujuy\/wp-json\/wp\/v2\/media\/446818"}],"wp:attachment":[{"href":"https:\/\/notinor.com\/jujuy\/wp-json\/wp\/v2\/media?parent=446817"}],"wp:term":[{"taxonomy":"category","embeddable":true,"href":"https:\/\/notinor.com\/jujuy\/wp-json\/wp\/v2\/categories?post=446817"},{"taxonomy":"post_tag","embeddable":true,"href":"https:\/\/notinor.com\/jujuy\/wp-json\/wp\/v2\/tags?post=446817"}],"curies":[{"name":"wp","href":"https:\/\/api.w.org\/{rel}","templated":true}]}}