{"id":446814,"date":"2026-09-01T22:53:00","date_gmt":"2026-09-02T01:53:00","guid":{"rendered":"https:\/\/notinor.com\/jujuy\/?p=446814"},"modified":"2026-09-01T10:53:43","modified_gmt":"2026-09-01T10:53:43","slug":"el-jueves-3-el-programa-eco-barrios-en-accion-visitara-el-barrio-560-viviendas","status":"publish","type":"post","link":"https:\/\/notinor.com\/jujuy\/el-jueves-3-el-programa-eco-barrios-en-accion-visitara-el-barrio-560-viviendas\/","title":{"rendered":"El jueves 3 el programa \u201cEco barrios en Acci\u00f3n\u201d visitar\u00e1 el barrio 560 Viviendas"},"content":{"rendered":"\n<p class=\"has-medium-font-size\"><strong><em>El director de Econom\u00eda Circular del municipio capitalino, Marcelo Molina, invit\u00f3 a los vecinos de las 560 Viviendas a participar del lanzamiento de una nueva edici\u00f3n del programa \u201cEco barrios en Acci\u00f3n, a realizarse 10 a 16 horas en el Centro Vecinal del sector. Se trata de una campa\u00f1a de concientizaci\u00f3n que promueve la separaci\u00f3n y recuperaci\u00f3n de residuos reciclables.<\/em><\/strong><\/p>\n\n\n<div class=\"wp-block-image\">\n<figure class=\"aligncenter\"><img decoding=\"async\" src=\"https:\/\/www.sansalvadordejujuy.gob.ar\/wp-content\/uploads\/2026\/09\/aco-axcion-ambiental-foto-prensa-muni-1024x720.jpg\" alt=\"\" class=\"wp-image-110151\"\/><\/figure><\/div>\n\n\n<p><\/p>\n\n\n\n<p>Con m\u00e1s detalles, Molina anunci\u00f3 que la actividad se realizar\u00e1 el d\u00eda jueves, en el horario de 10 a 16 horas, en el Centro Vecinal de las 560 Viviendas, \u201cdonde se habilitar\u00e1 un ecopunto destinado a la recepci\u00f3n de materiales como botellas pl\u00e1sticas, latas, cart\u00f3n, papel y otros residuos que puedan ser recuperados y reincorporados al circuito de reciclaje\u201d.<\/p>\n\n\n\n<p>Luego explic\u00f3, \u201cel objetivo es generar conciencia entre los vecinos y fomentar la pr\u00e1ctica de separar los residuos reciclables en los hogares para luego trasladarlos al ecopunto, comprendido entre calles Monroy, Arizmendi y Pablo Arroyo\u201d. &nbsp;<\/p>\n\n\n<div class=\"wp-block-image\">\n<figure class=\"aligncenter\"><img decoding=\"async\" src=\"https:\/\/www.sansalvadordejujuy.gob.ar\/wp-content\/uploads\/2026\/09\/Ecobarrio-806x1024.jpeg\" alt=\"\" class=\"wp-image-110175\"\/><\/figure><\/div>\n\n\n<p><\/p>\n\n\n\n<p>Adem\u00e1s, se\u00f1al\u00f3 que previamente se realizar\u00e1 un trabajo territorial con informaci\u00f3n, \u201cya que el d\u00eda mi\u00e9rcoles vamos a estar haciendo una puerta a puerta\u201d, y resalt\u00f3 un relevamiento de comercios e instituciones cercanas que se sumar\u00e1n a la propuesta, entre ellas una escuela de la zona\u201d.<\/p>\n","protected":false},"excerpt":{"rendered":"<p>El director de Econom\u00eda Circular del municipio capitalino, Marcelo Molina, invit\u00f3 a los vecinos de las 560 Viviendas a participar del lanzamiento de una nueva edici\u00f3n del programa \u201cEco barrios en Acci\u00f3n, a realizarse 10 a 16 horas en el Centro Vecinal del sector. Se trata de una campa\u00f1a de concientizaci\u00f3n que promueve la separaci\u00f3n [&hellip;]<\/p>\n","protected":false},"author":5,"featured_media":446815,"comment_status":"open","ping_status":"open","sticky":false,"template":"","format":"standard","meta":{"_stopmodifiedupdate":false,"_modified_date":"","inline_featured_image":false},"categories":[514],"tags":[],"jetpack_featured_media_url":"https:\/\/notinor.com\/jujuy\/wp-content\/uploads\/2026\/09\/ECOBARRIOS.jpg","_links":{"self":[{"href":"https:\/\/notinor.com\/jujuy\/wp-json\/wp\/v2\/posts\/446814"}],"collection":[{"href":"https:\/\/notinor.com\/jujuy\/wp-json\/wp\/v2\/posts"}],"about":[{"href":"https:\/\/notinor.com\/jujuy\/wp-json\/wp\/v2\/types\/post"}],"author":[{"embeddable":true,"href":"https:\/\/notinor.com\/jujuy\/wp-json\/wp\/v2\/users\/5"}],"replies":[{"embeddable":true,"href":"https:\/\/notinor.com\/jujuy\/wp-json\/wp\/v2\/comments?post=446814"}],"version-history":[{"count":1,"href":"https:\/\/notinor.com\/jujuy\/wp-json\/wp\/v2\/posts\/446814\/revisions"}],"predecessor-version":[{"id":446816,"href":"https:\/\/notinor.com\/jujuy\/wp-json\/wp\/v2\/posts\/446814\/revisions\/446816"}],"wp:featuredmedia":[{"embeddable":true,"href":"https:\/\/notinor.com\/jujuy\/wp-json\/wp\/v2\/media\/446815"}],"wp:attachment":[{"href":"https:\/\/notinor.com\/jujuy\/wp-json\/wp\/v2\/media?parent=446814"}],"wp:term":[{"taxonomy":"category","embeddable":true,"href":"https:\/\/notinor.com\/jujuy\/wp-json\/wp\/v2\/categories?post=446814"},{"taxonomy":"post_tag","embeddable":true,"href":"https:\/\/notinor.com\/jujuy\/wp-json\/wp\/v2\/tags?post=446814"}],"curies":[{"name":"wp","href":"https:\/\/api.w.org\/{rel}","templated":true}]}}