{"id":446811,"date":"2026-09-01T22:41:00","date_gmt":"2026-09-02T01:41:00","guid":{"rendered":"https:\/\/notinor.com\/jujuy\/?p=446811"},"modified":"2026-09-01T10:41:58","modified_gmt":"2026-09-01T10:41:58","slug":"el-intendente-jorge-acompano-el-30-aniversario-del-colegio-cristiano-evangelico-che-il","status":"publish","type":"post","link":"https:\/\/notinor.com\/jujuy\/el-intendente-jorge-acompano-el-30-aniversario-del-colegio-cristiano-evangelico-che-il\/","title":{"rendered":"El intendente Jorge acompa\u00f1\u00f3 el 30\u00b0 aniversario del Colegio Cristiano Evang\u00e9lico Che Il"},"content":{"rendered":"\n<p class=\"has-medium-font-size\"><strong><em>En el marco de la celebraci\u00f3n por el 30\u00b0 aniversario del Colegio Cristiano Evang\u00e9lico Che Il, el intendente de San Salvador de Jujuy, Ra\u00fal \u201cChuli\u201d Jorge, acompa\u00f1\u00f3 a autoridades, docentes, estudiantes y familias de la instituci\u00f3n y destac\u00f3 el camino recorrido desde sus primeros a\u00f1os hasta la actualidad<\/em><\/strong>.<\/p>\n\n\n<div class=\"wp-block-image\">\n<figure class=\"aligncenter\"><img decoding=\"async\" src=\"https:\/\/www.sansalvadordejujuy.gob.ar\/wp-content\/uploads\/2026\/09\/ANIVERSARIO-CHEIL-4-1024x447.jpg\" alt=\"\" class=\"wp-image-110147\"\/><\/figure><\/div>\n\n\n<p><\/p>\n\n\n\n<p>Durante el acto, Jorge rememor\u00f3 sus v\u00ednculos con la instituci\u00f3n desde sus inicios, cuando se desempe\u00f1aba como secretario de Obras P\u00fablicas durante la gesti\u00f3n del intendente Hugo Conde, y resalt\u00f3 el acompa\u00f1amiento brindado desde el Municipio para facilitar la puesta en marcha del proyecto educativo, \u201ca todas las autoridades que tienen que ver con esta instituci\u00f3n tan importante para nuestra provincia y, fundamentalmente, para nuestra querida ciudad, decirles que es un placer celebrar estos 30 a\u00f1os, de los cuales fui testigo desde el d\u00eda n\u00famero 1 del glorioso y querido colegio Che Il\u201d, expres\u00f3.<\/p>\n\n\n<div class=\"wp-block-image\">\n<figure class=\"aligncenter\"><img decoding=\"async\" src=\"https:\/\/www.sansalvadordejujuy.gob.ar\/wp-content\/uploads\/2026\/09\/ANIVERSARIO-CHEIL-8-1024x695.jpg\" alt=\"\" class=\"wp-image-110149\"\/><\/figure><\/div>\n\n\n<p><\/p>\n\n\n\n<p>El intendente tambi\u00e9n destac\u00f3 que los comienzos no estuvieron exentos de dificultades y valor\u00f3 la decisi\u00f3n de acompa\u00f1ar desde el Municipio una iniciativa que consider\u00f3 superadora y de profundo valor educativo, \u201cno fue f\u00e1cil, porque hubo cierta resistencia de sectores, a veces reaccionarios, que no comprend\u00edan la profundidad de este proyecto, cosa que en el municipio s\u00ed lo entendimos profundamente y sab\u00edamos que ven\u00edan con un prop\u00f3sito noble\u201d, afirm\u00f3.<\/p>\n\n\n<div class=\"wp-block-image\">\n<figure class=\"aligncenter\"><img decoding=\"async\" src=\"https:\/\/www.sansalvadordejujuy.gob.ar\/wp-content\/uploads\/2026\/09\/ANIVERSARIO-CHEIL-2-1024x478.jpg\" alt=\"\" class=\"wp-image-110146\"\/><\/figure><\/div>\n\n\n<p><\/p>\n\n\n\n<p>A partir de ese recorrido, Jorge puso en valor el crecimiento edilicio alcanzado por la instituci\u00f3n y consider\u00f3 que actualmente cuenta con \u201cuno de los mejores edificios que tiene la educaci\u00f3n privada en la provincia de Jujuy\u201d, al tiempo que manifest\u00f3 su orgullo por el desarrollo sostenido del colegio.<\/p>\n\n\n<div class=\"wp-block-image\">\n<figure class=\"aligncenter\"><img decoding=\"async\" src=\"https:\/\/www.sansalvadordejujuy.gob.ar\/wp-content\/uploads\/2026\/09\/ANIVERSARIO-CHEIL-5-1024x638.jpg\" alt=\"\" class=\"wp-image-110148\"\/><\/figure><\/div>\n\n\n<p><\/p>\n\n\n\n<p>Durante sus palabras, el jefe comunal hizo especial hincapi\u00e9 en la formaci\u00f3n integral que brinda la instituci\u00f3n y en la importancia de transmitir valores a las nuevas generaciones, \u201cmis nietas vienen aqu\u00ed, los abuelos, los padres justamente vemos que este es un colegio, lo digo con total honestidad, de valores, de valores de vida, y eso me encanta decirlo\u201d, sostuvo.<\/p>\n\n\n\n<p>Asimismo, resalt\u00f3 las actividades que promueven el intercambio y la integraci\u00f3n cultural, destacando la convivencia entre las tradiciones de la comunidad coreana y la identidad juje\u00f1a, \u201clos Kim y todos los directivos est\u00e1n trabajando a la par de los gastron\u00f3micos, ense\u00f1\u00e1ndonos la maravilla de la cultura del sudeste asi\u00e1tico, que tienen cosas extraordinarias, de las cuales todos debemos aprender, as\u00ed como tambi\u00e9n el respeto por escuchar nuestra m\u00fasica, nuestras tradiciones que se ense\u00f1an en esta escuela, que se cante el himno al \u00c9xodo\u201d, expres\u00f3.<\/p>\n\n\n\n<p>Para Jorge, estas experiencias representan una muestra concreta de integraci\u00f3n y convivencia, \u201ces una expresi\u00f3n tambi\u00e9n de ese sincretismo, de esa integraci\u00f3n entre pa\u00edses, entre colectivos y entre voluntades que pretenden la educaci\u00f3n como un ser sublime en estos momentos tan dif\u00edciles que vive el mundo, fundamentalmente, para las pr\u00f3ximas generaciones\u201d, afirm\u00f3.<\/p>\n\n\n\n<p>Finalmente, el intendente renov\u00f3 su compromiso de continuar acompa\u00f1ando el crecimiento de la instituci\u00f3n y anticip\u00f3 la posibilidad de concretar nuevas obras para mejorar sus instalaciones, \u201cseguramente, querido amigo Kim, querido directivo, vamos a seguir teniendo muchas m\u00e1s obras ac\u00e1, capaz que ya en alg\u00fan tiempo vamos a tener el techo para que podamos hacer actos en mejores condiciones. A veces, nuestro clima es un tanto complicado con el tema de las lluvias, pero los Kim son de ense\u00f1arles naturaleza a los chicos, y todo eso creo que ayuda mucho\u201d, concluy\u00f3.<\/p>\n\n\n\n<p><strong>Nota audiovisual:<\/strong>&nbsp;<a href=\"https:\/\/youtu.be\/0ybOH_T-fzU\">https:\/\/youtu.be\/0ybOH_T-fzU<\/a><\/p>\n","protected":false},"excerpt":{"rendered":"<p>En el marco de la celebraci\u00f3n por el 30\u00b0 aniversario del Colegio Cristiano Evang\u00e9lico Che Il, el intendente de San Salvador de Jujuy, Ra\u00fal \u201cChuli\u201d Jorge, acompa\u00f1\u00f3 a autoridades, docentes, estudiantes y familias de la instituci\u00f3n y destac\u00f3 el camino recorrido desde sus primeros a\u00f1os hasta la actualidad. Durante el acto, Jorge rememor\u00f3 sus v\u00ednculos [&hellip;]<\/p>\n","protected":false},"author":5,"featured_media":446812,"comment_status":"open","ping_status":"open","sticky":false,"template":"","format":"standard","meta":{"_stopmodifiedupdate":false,"_modified_date":"","inline_featured_image":false},"categories":[13],"tags":[],"jetpack_featured_media_url":"https:\/\/notinor.com\/jujuy\/wp-content\/uploads\/2026\/09\/ANIVERSARIO-1.jpg","_links":{"self":[{"href":"https:\/\/notinor.com\/jujuy\/wp-json\/wp\/v2\/posts\/446811"}],"collection":[{"href":"https:\/\/notinor.com\/jujuy\/wp-json\/wp\/v2\/posts"}],"about":[{"href":"https:\/\/notinor.com\/jujuy\/wp-json\/wp\/v2\/types\/post"}],"author":[{"embeddable":true,"href":"https:\/\/notinor.com\/jujuy\/wp-json\/wp\/v2\/users\/5"}],"replies":[{"embeddable":true,"href":"https:\/\/notinor.com\/jujuy\/wp-json\/wp\/v2\/comments?post=446811"}],"version-history":[{"count":1,"href":"https:\/\/notinor.com\/jujuy\/wp-json\/wp\/v2\/posts\/446811\/revisions"}],"predecessor-version":[{"id":446813,"href":"https:\/\/notinor.com\/jujuy\/wp-json\/wp\/v2\/posts\/446811\/revisions\/446813"}],"wp:featuredmedia":[{"embeddable":true,"href":"https:\/\/notinor.com\/jujuy\/wp-json\/wp\/v2\/media\/446812"}],"wp:attachment":[{"href":"https:\/\/notinor.com\/jujuy\/wp-json\/wp\/v2\/media?parent=446811"}],"wp:term":[{"taxonomy":"category","embeddable":true,"href":"https:\/\/notinor.com\/jujuy\/wp-json\/wp\/v2\/categories?post=446811"},{"taxonomy":"post_tag","embeddable":true,"href":"https:\/\/notinor.com\/jujuy\/wp-json\/wp\/v2\/tags?post=446811"}],"curies":[{"name":"wp","href":"https:\/\/api.w.org\/{rel}","templated":true}]}}