{"id":446802,"date":"2026-09-02T10:29:40","date_gmt":"2026-09-02T13:29:40","guid":{"rendered":"https:\/\/notinor.com\/jujuy\/?p=446802"},"modified":"2026-09-02T10:30:10","modified_gmt":"2026-09-02T13:30:10","slug":"concejo-en-comision-concejales-recibieron-a-funcionarios-municipales","status":"publish","type":"post","link":"https:\/\/notinor.com\/jujuy\/concejo-en-comision-concejales-recibieron-a-funcionarios-municipales\/","title":{"rendered":"Concejo en Comisi\u00f3n: Concejales recibieron a funcionarios municipales"},"content":{"rendered":"\n<p class=\"has-medium-font-size\"><br><strong><em>En el marco del trabajo coordinado entre el cuerpo legislativo capitalino y el Ejecutivo Municipal, el secretario de Servicios P\u00fablicos, Guillermo Marenco y el Procurador Municipal, Pablo Rodr\u00edguez, junto a sus equipos t\u00e9cnicos, visitaron el Concejo Deliberante de San Salvador de Jujuy, para participar de la reuni\u00f3n de Concejo en Comisi\u00f3n llevada a cabo esta ma\u00f1ana, conducida por el Presidente de la instituci\u00f3n, Dr. Gast\u00f3n Mill\u00f3n.<\/em><\/strong><\/p>\n\n\n<div class=\"wp-block-image\">\n<figure class=\"aligncenter size-large\"><img decoding=\"async\" loading=\"lazy\" width=\"840\" height=\"473\" src=\"https:\/\/notinor.com\/jujuy\/wp-content\/uploads\/2026\/09\/Concejo-1-840x473.jpg\" alt=\"\" class=\"wp-image-446804\" srcset=\"https:\/\/notinor.com\/jujuy\/wp-content\/uploads\/2026\/09\/Concejo-1-840x473.jpg 840w, https:\/\/notinor.com\/jujuy\/wp-content\/uploads\/2026\/09\/Concejo-1-649x365.jpg 649w, https:\/\/notinor.com\/jujuy\/wp-content\/uploads\/2026\/09\/Concejo-1-768x432.jpg 768w, https:\/\/notinor.com\/jujuy\/wp-content\/uploads\/2026\/09\/Concejo-1-1536x864.jpg 1536w, https:\/\/notinor.com\/jujuy\/wp-content\/uploads\/2026\/09\/Concejo-1-2048x1152.jpg 2048w, https:\/\/notinor.com\/jujuy\/wp-content\/uploads\/2026\/09\/Concejo-1-750x422.jpg 750w, https:\/\/notinor.com\/jujuy\/wp-content\/uploads\/2026\/09\/Concejo-1-1140x641.jpg 1140w\" sizes=\"(max-width: 840px) 100vw, 840px\" \/><\/figure><\/div>\n\n<div class=\"wp-block-image\">\n<figure class=\"aligncenter size-large\"><img decoding=\"async\" loading=\"lazy\" width=\"840\" height=\"473\" src=\"https:\/\/notinor.com\/jujuy\/wp-content\/uploads\/2026\/09\/concejo1-840x473.jpg\" alt=\"\" class=\"wp-image-446805\" srcset=\"https:\/\/notinor.com\/jujuy\/wp-content\/uploads\/2026\/09\/concejo1-840x473.jpg 840w, https:\/\/notinor.com\/jujuy\/wp-content\/uploads\/2026\/09\/concejo1-649x365.jpg 649w, https:\/\/notinor.com\/jujuy\/wp-content\/uploads\/2026\/09\/concejo1-768x432.jpg 768w, https:\/\/notinor.com\/jujuy\/wp-content\/uploads\/2026\/09\/concejo1-1536x864.jpg 1536w, https:\/\/notinor.com\/jujuy\/wp-content\/uploads\/2026\/09\/concejo1-2048x1152.jpg 2048w, https:\/\/notinor.com\/jujuy\/wp-content\/uploads\/2026\/09\/concejo1-750x422.jpg 750w, https:\/\/notinor.com\/jujuy\/wp-content\/uploads\/2026\/09\/concejo1-1140x641.jpg 1140w\" sizes=\"(max-width: 840px) 100vw, 840px\" \/><\/figure><\/div>\n\n\n<p>Durante el encuentro, los funcionarios municipales respondieron de manera detallada las consultas planteadas por los ediles de los diferentes bloques pol\u00edticos. En ese contexto, el secretario explic\u00f3 la visi\u00f3n del Ejecutivo en materia transporte urbano de pasajeros y de transporte alternativo por plataformas digitales, adem\u00e1s de informar sobre la marcha del proyecto sistema circular, orientado a la modernizaci\u00f3n e innovaci\u00f3n del sistema de transporte p\u00fablico de pasajeros.<\/p>\n\n\n<div class=\"wp-block-image\">\n<figure class=\"aligncenter size-large\"><img decoding=\"async\" loading=\"lazy\" width=\"840\" height=\"473\" src=\"https:\/\/notinor.com\/jujuy\/wp-content\/uploads\/2026\/09\/concejo2-840x473.jpg\" alt=\"\" class=\"wp-image-446806\" srcset=\"https:\/\/notinor.com\/jujuy\/wp-content\/uploads\/2026\/09\/concejo2-840x473.jpg 840w, https:\/\/notinor.com\/jujuy\/wp-content\/uploads\/2026\/09\/concejo2-649x365.jpg 649w, https:\/\/notinor.com\/jujuy\/wp-content\/uploads\/2026\/09\/concejo2-768x432.jpg 768w, https:\/\/notinor.com\/jujuy\/wp-content\/uploads\/2026\/09\/concejo2-1536x864.jpg 1536w, https:\/\/notinor.com\/jujuy\/wp-content\/uploads\/2026\/09\/concejo2-2048x1152.jpg 2048w, https:\/\/notinor.com\/jujuy\/wp-content\/uploads\/2026\/09\/concejo2-750x422.jpg 750w, https:\/\/notinor.com\/jujuy\/wp-content\/uploads\/2026\/09\/concejo2-1140x641.jpg 1140w\" sizes=\"(max-width: 840px) 100vw, 840px\" \/><\/figure><\/div>\n\n\n<p><\/p>\n\n\n\n<p>Tras culminar la reuni\u00f3n, el secretario de Servicios P\u00fablicos, <strong>Guillermo Marenco <\/strong>manifest\u00f3: \"Vinimos invitados por el Concejo Deliberante, como lo hacemos habitualmente los funcionarios del Ejecutivo Municipal desde hace muchos a\u00f1os a la fecha, para responder a todas las inquietudes que tienen sobre diversos temas en relaci\u00f3n a la Secretar\u00eda de Servicios P\u00fablicos. Puntualmente, vinimos a brindar la informaci\u00f3n de los primeros <strong>30 d\u00edas de funcionamiento del sistema de transporte urbano de pasajeros, tras la adjudicaci\u00f3n de la licitaci\u00f3n<\/strong> y su puesta en marcha a partir del 1\u00b0 de agosto\".<\/p>\n\n\n<div class=\"wp-block-image\">\n<figure class=\"aligncenter size-large\"><img decoding=\"async\" loading=\"lazy\" width=\"720\" height=\"480\" src=\"https:\/\/notinor.com\/jujuy\/wp-content\/uploads\/2026\/09\/concejo1-1-720x480.jpg\" alt=\"\" class=\"wp-image-446807\" srcset=\"https:\/\/notinor.com\/jujuy\/wp-content\/uploads\/2026\/09\/concejo1-1-720x480.jpg 720w, https:\/\/notinor.com\/jujuy\/wp-content\/uploads\/2026\/09\/concejo1-1-548x365.jpg 548w, https:\/\/notinor.com\/jujuy\/wp-content\/uploads\/2026\/09\/concejo1-1-768x512.jpg 768w, https:\/\/notinor.com\/jujuy\/wp-content\/uploads\/2026\/09\/concejo1-1-1536x1024.jpg 1536w, https:\/\/notinor.com\/jujuy\/wp-content\/uploads\/2026\/09\/concejo1-1-2048x1365.jpg 2048w, https:\/\/notinor.com\/jujuy\/wp-content\/uploads\/2026\/09\/concejo1-1-750x500.jpg 750w, https:\/\/notinor.com\/jujuy\/wp-content\/uploads\/2026\/09\/concejo1-1-1140x760.jpg 1140w\" sizes=\"(max-width: 720px) 100vw, 720px\" \/><\/figure><\/div>\n\n\n<p><\/p>\n\n\n\n<p>En ese sentido, el funcionario agreg\u00f3: \"Nos llevamos muchas inquietudes y sugerencias por parte de los ediles, pero fundamentalmente nos llevamos la imagen que siempre quisimos brindar: la de un trabajo en equipo y en conjunto, donde se puedan analizar todos los temas en profundidad, respetando cada una de las miradas de los distintos bloques que integran el Concejo Deliberante\".<\/p>\n\n\n\n<p>Respecto a los proyectos de modernizaci\u00f3n abordados en la reuni\u00f3n, Marenco detall\u00f3: \"Estuvimos d\u00e1ndoles a conocer cu\u00e1les son los proyectos a futuro del Ejecutivo respecto al sistema circular de transporte y cu\u00e1les son las modalidades en cuanto a las paradas que vamos a implementar en la zona del microcentro, sobre Avenida Fascio y 19 de Abril, las cuales van a estar dotadas de tecnolog\u00eda que aportar\u00e1 mucha calidad a la prestaci\u00f3n y seguridad para los usuarios. Seguimos avanzando y modernizando el sistema de transporte, apostando al crecimiento de la ciudad en funci\u00f3n de los requerimientos de los vecinos\", concluy\u00f3.<\/p>\n\n\n\n<p>Nota Audiovisual: https:\/\/youtu.be\/d99CCF_wCOc<\/p>\n","protected":false},"excerpt":{"rendered":"<p>En el marco del trabajo coordinado entre el cuerpo legislativo capitalino y el Ejecutivo Municipal, el secretario de Servicios P\u00fablicos, Guillermo Marenco y el Procurador Municipal, Pablo Rodr\u00edguez, junto a sus equipos t\u00e9cnicos, visitaron el Concejo Deliberante de San Salvador de Jujuy, para participar de la reuni\u00f3n de Concejo en Comisi\u00f3n llevada a cabo esta [&hellip;]<\/p>\n","protected":false},"author":5,"featured_media":446803,"comment_status":"open","ping_status":"open","sticky":false,"template":"","format":"standard","meta":{"_stopmodifiedupdate":false,"_modified_date":"","inline_featured_image":false},"categories":[514],"tags":[],"jetpack_featured_media_url":"https:\/\/notinor.com\/jujuy\/wp-content\/uploads\/2026\/09\/CONCEJO.jpg","_links":{"self":[{"href":"https:\/\/notinor.com\/jujuy\/wp-json\/wp\/v2\/posts\/446802"}],"collection":[{"href":"https:\/\/notinor.com\/jujuy\/wp-json\/wp\/v2\/posts"}],"about":[{"href":"https:\/\/notinor.com\/jujuy\/wp-json\/wp\/v2\/types\/post"}],"author":[{"embeddable":true,"href":"https:\/\/notinor.com\/jujuy\/wp-json\/wp\/v2\/users\/5"}],"replies":[{"embeddable":true,"href":"https:\/\/notinor.com\/jujuy\/wp-json\/wp\/v2\/comments?post=446802"}],"version-history":[{"count":1,"href":"https:\/\/notinor.com\/jujuy\/wp-json\/wp\/v2\/posts\/446802\/revisions"}],"predecessor-version":[{"id":446808,"href":"https:\/\/notinor.com\/jujuy\/wp-json\/wp\/v2\/posts\/446802\/revisions\/446808"}],"wp:featuredmedia":[{"embeddable":true,"href":"https:\/\/notinor.com\/jujuy\/wp-json\/wp\/v2\/media\/446803"}],"wp:attachment":[{"href":"https:\/\/notinor.com\/jujuy\/wp-json\/wp\/v2\/media?parent=446802"}],"wp:term":[{"taxonomy":"category","embeddable":true,"href":"https:\/\/notinor.com\/jujuy\/wp-json\/wp\/v2\/categories?post=446802"},{"taxonomy":"post_tag","embeddable":true,"href":"https:\/\/notinor.com\/jujuy\/wp-json\/wp\/v2\/tags?post=446802"}],"curies":[{"name":"wp","href":"https:\/\/api.w.org\/{rel}","templated":true}]}}