{"id":446795,"date":"2026-09-01T21:46:00","date_gmt":"2026-09-02T00:46:00","guid":{"rendered":"https:\/\/notinor.com\/jujuy\/?p=446795"},"modified":"2026-09-01T09:46:24","modified_gmt":"2026-09-01T09:46:24","slug":"la-comision-de-educacion-se-reunio-con-la-ministra-daniela-teseira","status":"publish","type":"post","link":"https:\/\/notinor.com\/jujuy\/la-comision-de-educacion-se-reunio-con-la-ministra-daniela-teseira\/","title":{"rendered":"La Comisi\u00f3n de Educaci\u00f3n se reuni\u00f3 con la ministra Daniela Teseira"},"content":{"rendered":"\n<p class=\"has-medium-font-size\"><strong><em>La Comisi\u00f3n de Educaci\u00f3n de la Legislatura de Jujuy se reuni\u00f3 en el Sal\u00f3n Marcos Paz con la ministra de Educaci\u00f3n, Lic. Daniela Teseira. La actividad fue presidida por la diputada Mar\u00eda Teresa Ferr\u00edn. La ministra asisti\u00f3 acompa\u00f1ada de su equipo legal y t\u00e9cnico.<\/em><\/strong><\/p>\n\n\n<div class=\"wp-block-image\">\n<figure class=\"aligncenter size-large\"><img decoding=\"async\" loading=\"lazy\" width=\"720\" height=\"480\" src=\"https:\/\/notinor.com\/jujuy\/wp-content\/uploads\/2026\/09\/COMISION1-720x480.jpeg\" alt=\"\" class=\"wp-image-446797\" srcset=\"https:\/\/notinor.com\/jujuy\/wp-content\/uploads\/2026\/09\/COMISION1-720x480.jpeg 720w, https:\/\/notinor.com\/jujuy\/wp-content\/uploads\/2026\/09\/COMISION1-547x365.jpeg 547w, https:\/\/notinor.com\/jujuy\/wp-content\/uploads\/2026\/09\/COMISION1-768x512.jpeg 768w, https:\/\/notinor.com\/jujuy\/wp-content\/uploads\/2026\/09\/COMISION1-1536x1024.jpeg 1536w, https:\/\/notinor.com\/jujuy\/wp-content\/uploads\/2026\/09\/COMISION1-750x500.jpeg 750w, https:\/\/notinor.com\/jujuy\/wp-content\/uploads\/2026\/09\/COMISION1-1140x760.jpeg 1140w, https:\/\/notinor.com\/jujuy\/wp-content\/uploads\/2026\/09\/COMISION1.jpeg 1600w\" sizes=\"(max-width: 720px) 100vw, 720px\" \/><\/figure><\/div>\n\n\n<p><\/p>\n\n\n\n<p>Durante el encuentro se analizaron dos situaciones educativas provinciales: la publicaci\u00f3n en el Bolet\u00edn Oficial del listado de <strong>1.981 docentes identificados con asterisco<\/strong>s y la situaci\u00f3n del <strong>Instituto de Educaci\u00f3n Superior N\u00b0 9 \"Juana Azurduy\"<\/strong> de San Pedro.<\/p>\n\n\n<div class=\"wp-block-image\">\n<figure class=\"aligncenter size-large\"><img decoding=\"async\" loading=\"lazy\" width=\"720\" height=\"480\" src=\"https:\/\/notinor.com\/jujuy\/wp-content\/uploads\/2026\/09\/COMISION1-1-720x480.jpeg\" alt=\"\" class=\"wp-image-446798\" srcset=\"https:\/\/notinor.com\/jujuy\/wp-content\/uploads\/2026\/09\/COMISION1-1-720x480.jpeg 720w, https:\/\/notinor.com\/jujuy\/wp-content\/uploads\/2026\/09\/COMISION1-1-547x365.jpeg 547w, https:\/\/notinor.com\/jujuy\/wp-content\/uploads\/2026\/09\/COMISION1-1-768x512.jpeg 768w, https:\/\/notinor.com\/jujuy\/wp-content\/uploads\/2026\/09\/COMISION1-1-1536x1024.jpeg 1536w, https:\/\/notinor.com\/jujuy\/wp-content\/uploads\/2026\/09\/COMISION1-1-750x500.jpeg 750w, https:\/\/notinor.com\/jujuy\/wp-content\/uploads\/2026\/09\/COMISION1-1-1140x760.jpeg 1140w, https:\/\/notinor.com\/jujuy\/wp-content\/uploads\/2026\/09\/COMISION1-1.jpeg 1600w\" sizes=\"(max-width: 720px) 100vw, 720px\" \/><\/figure><\/div>\n\n\n<p><\/p>\n\n\n\n<p>Respecto de la publicaci\u00f3n de los listados, se abord\u00f3 el tema considerando que los listados hab\u00edan sido difundidos previamente en el LUOM 2025. Se analiz\u00f3 la cadena involucrada en la situaci\u00f3n, incluyendo la venta o falsificaci\u00f3n de documentaci\u00f3n, la eventual participaci\u00f3n de institutos de educaci\u00f3n superior y la participaci\u00f3n de integrantes de la Junta Provincial de Calificaci\u00f3n Docente. Se consider\u00f3 asimismo c\u00f3mo continuar\u00e1 el procedimiento administrativo con la Direcci\u00f3n de Personal, dada la cantidad de docentes involucrados.<\/p>\n\n\n<div class=\"wp-block-image\">\n<figure class=\"aligncenter size-large\"><img decoding=\"async\" loading=\"lazy\" width=\"720\" height=\"480\" src=\"https:\/\/notinor.com\/jujuy\/wp-content\/uploads\/2026\/09\/COMISION1-2-720x480.jpeg\" alt=\"\" class=\"wp-image-446799\" srcset=\"https:\/\/notinor.com\/jujuy\/wp-content\/uploads\/2026\/09\/COMISION1-2-720x480.jpeg 720w, https:\/\/notinor.com\/jujuy\/wp-content\/uploads\/2026\/09\/COMISION1-2-547x365.jpeg 547w, https:\/\/notinor.com\/jujuy\/wp-content\/uploads\/2026\/09\/COMISION1-2-768x512.jpeg 768w, https:\/\/notinor.com\/jujuy\/wp-content\/uploads\/2026\/09\/COMISION1-2-1536x1024.jpeg 1536w, https:\/\/notinor.com\/jujuy\/wp-content\/uploads\/2026\/09\/COMISION1-2-750x500.jpeg 750w, https:\/\/notinor.com\/jujuy\/wp-content\/uploads\/2026\/09\/COMISION1-2-1140x760.jpeg 1140w, https:\/\/notinor.com\/jujuy\/wp-content\/uploads\/2026\/09\/COMISION1-2.jpeg 1600w\" sizes=\"(max-width: 720px) 100vw, 720px\" \/><\/figure><\/div>\n\n\n<p><\/p>\n\n\n\n<p>Sobre la situaci\u00f3n del IES N\u00b0 9, las autoridades del Ministerio brindaron detalles del proceso de investigaci\u00f3n iniciado a partir de una denuncia surgida de la instituci\u00f3n. Se inform\u00f3 que el procedimiento contin\u00faa para determinar si corresponden sanciones al personal directivo que ha sido retirado temporalmente del cargo.<\/p>\n\n\n<div class=\"wp-block-image\">\n<figure class=\"aligncenter size-large\"><img decoding=\"async\" loading=\"lazy\" width=\"840\" height=\"187\" src=\"https:\/\/notinor.com\/jujuy\/wp-content\/uploads\/2026\/09\/COMISION1-840x187.jpg\" alt=\"\" class=\"wp-image-446800\" srcset=\"https:\/\/notinor.com\/jujuy\/wp-content\/uploads\/2026\/09\/COMISION1-840x187.jpg 840w, https:\/\/notinor.com\/jujuy\/wp-content\/uploads\/2026\/09\/COMISION1-660x147.jpg 660w, https:\/\/notinor.com\/jujuy\/wp-content\/uploads\/2026\/09\/COMISION1-768x171.jpg 768w, https:\/\/notinor.com\/jujuy\/wp-content\/uploads\/2026\/09\/COMISION1-750x167.jpg 750w, https:\/\/notinor.com\/jujuy\/wp-content\/uploads\/2026\/09\/COMISION1.jpg 850w\" sizes=\"(max-width: 840px) 100vw, 840px\" \/><\/figure><\/div>\n\n\n<p><\/p>\n\n\n\n<p>Se estableci\u00f3 <strong>una agenda de trabajo conjunta entre la Legislatura y el Ministerio de Educaci\u00f3n<\/strong>. Entre los temas a abordar se encuentran una ley sobre violencia hacia docentes, la salud mental del personal educativo y la situaci\u00f3n de los dise\u00f1os curriculares.<\/p>\n","protected":false},"excerpt":{"rendered":"<p>La Comisi\u00f3n de Educaci\u00f3n de la Legislatura de Jujuy se reuni\u00f3 en el Sal\u00f3n Marcos Paz con la ministra de Educaci\u00f3n, Lic. Daniela Teseira. La actividad fue presidida por la diputada Mar\u00eda Teresa Ferr\u00edn. La ministra asisti\u00f3 acompa\u00f1ada de su equipo legal y t\u00e9cnico. Durante el encuentro se analizaron dos situaciones educativas provinciales: la publicaci\u00f3n [&hellip;]<\/p>\n","protected":false},"author":5,"featured_media":446796,"comment_status":"open","ping_status":"open","sticky":false,"template":"","format":"standard","meta":{"_stopmodifiedupdate":false,"_modified_date":"","inline_featured_image":false},"categories":[514],"tags":[],"jetpack_featured_media_url":"https:\/\/notinor.com\/jujuy\/wp-content\/uploads\/2026\/09\/COMISION.jpeg","_links":{"self":[{"href":"https:\/\/notinor.com\/jujuy\/wp-json\/wp\/v2\/posts\/446795"}],"collection":[{"href":"https:\/\/notinor.com\/jujuy\/wp-json\/wp\/v2\/posts"}],"about":[{"href":"https:\/\/notinor.com\/jujuy\/wp-json\/wp\/v2\/types\/post"}],"author":[{"embeddable":true,"href":"https:\/\/notinor.com\/jujuy\/wp-json\/wp\/v2\/users\/5"}],"replies":[{"embeddable":true,"href":"https:\/\/notinor.com\/jujuy\/wp-json\/wp\/v2\/comments?post=446795"}],"version-history":[{"count":1,"href":"https:\/\/notinor.com\/jujuy\/wp-json\/wp\/v2\/posts\/446795\/revisions"}],"predecessor-version":[{"id":446801,"href":"https:\/\/notinor.com\/jujuy\/wp-json\/wp\/v2\/posts\/446795\/revisions\/446801"}],"wp:featuredmedia":[{"embeddable":true,"href":"https:\/\/notinor.com\/jujuy\/wp-json\/wp\/v2\/media\/446796"}],"wp:attachment":[{"href":"https:\/\/notinor.com\/jujuy\/wp-json\/wp\/v2\/media?parent=446795"}],"wp:term":[{"taxonomy":"category","embeddable":true,"href":"https:\/\/notinor.com\/jujuy\/wp-json\/wp\/v2\/categories?post=446795"},{"taxonomy":"post_tag","embeddable":true,"href":"https:\/\/notinor.com\/jujuy\/wp-json\/wp\/v2\/tags?post=446795"}],"curies":[{"name":"wp","href":"https:\/\/api.w.org\/{rel}","templated":true}]}}