{"id":446787,"date":"2026-09-01T21:33:00","date_gmt":"2026-09-02T00:33:00","guid":{"rendered":"https:\/\/notinor.com\/jujuy\/?p=446787"},"modified":"2026-09-01T09:33:41","modified_gmt":"2026-09-01T09:33:41","slug":"alumnos-del-bachillerato-provincial-n-o-21-conocieron-el-funcionamiento-de-la-legislatura-de-jujuy","status":"publish","type":"post","link":"https:\/\/notinor.com\/jujuy\/alumnos-del-bachillerato-provincial-n-o-21-conocieron-el-funcionamiento-de-la-legislatura-de-jujuy\/","title":{"rendered":"<strong>Alumnos del Bachillerato Provincial N.\u00ba 21 conocieron el funcionamiento de la Legislatura de Jujuy<\/strong>"},"content":{"rendered":"\n<p class=\"has-medium-font-size\"><strong><em>En el marco del Programa \"Legislatura Joven\", estudiantes del Bachillerato Provincial N.\u00ba 21 \"Prof. Luis Alberto S\u00e1nchez\" del barrio Mariano Moreno visitaron el recinto de la Legislatura, donde se interiorizaron sobre el funcionamiento del Poder Legislativo, sus autoridades y las funciones que desempe\u00f1an los diputados provinciales.<\/em><\/strong><\/p>\n\n\n<div class=\"wp-block-image\">\n<figure class=\"aligncenter size-large\"><img decoding=\"async\" loading=\"lazy\" width=\"720\" height=\"480\" src=\"https:\/\/notinor.com\/jujuy\/wp-content\/uploads\/2026\/09\/ALUMNOS1-720x480.jpeg\" alt=\"\" class=\"wp-image-446789\" srcset=\"https:\/\/notinor.com\/jujuy\/wp-content\/uploads\/2026\/09\/ALUMNOS1-720x480.jpeg 720w, https:\/\/notinor.com\/jujuy\/wp-content\/uploads\/2026\/09\/ALUMNOS1-547x365.jpeg 547w, https:\/\/notinor.com\/jujuy\/wp-content\/uploads\/2026\/09\/ALUMNOS1-768x512.jpeg 768w, https:\/\/notinor.com\/jujuy\/wp-content\/uploads\/2026\/09\/ALUMNOS1-1536x1024.jpeg 1536w, https:\/\/notinor.com\/jujuy\/wp-content\/uploads\/2026\/09\/ALUMNOS1-750x500.jpeg 750w, https:\/\/notinor.com\/jujuy\/wp-content\/uploads\/2026\/09\/ALUMNOS1-1140x760.jpeg 1140w, https:\/\/notinor.com\/jujuy\/wp-content\/uploads\/2026\/09\/ALUMNOS1.jpeg 1600w\" sizes=\"(max-width: 720px) 100vw, 720px\" \/><\/figure><\/div>\n\n\n<p><\/p>\n\n\n\n<p>La jornada fue acompa\u00f1ada por la diputada <strong>Agustina Guzm\u00e1n<\/strong>, representante del <strong>programa Legislatura Joven,<\/strong> quien recibi\u00f3 a alumnos de tercer a\u00f1o y gener\u00f3 un espacio de intercambio para que los j\u00f3venes pudieran plantear inquietudes sobre la tarea legislativa.<\/p>\n\n\n<div class=\"wp-block-image\">\n<figure class=\"aligncenter size-large\"><img decoding=\"async\" loading=\"lazy\" width=\"720\" height=\"480\" src=\"https:\/\/notinor.com\/jujuy\/wp-content\/uploads\/2026\/09\/ALUMNOS1-1-720x480.jpeg\" alt=\"\" class=\"wp-image-446790\" srcset=\"https:\/\/notinor.com\/jujuy\/wp-content\/uploads\/2026\/09\/ALUMNOS1-1-720x480.jpeg 720w, https:\/\/notinor.com\/jujuy\/wp-content\/uploads\/2026\/09\/ALUMNOS1-1-547x365.jpeg 547w, https:\/\/notinor.com\/jujuy\/wp-content\/uploads\/2026\/09\/ALUMNOS1-1-768x512.jpeg 768w, https:\/\/notinor.com\/jujuy\/wp-content\/uploads\/2026\/09\/ALUMNOS1-1-1536x1024.jpeg 1536w, https:\/\/notinor.com\/jujuy\/wp-content\/uploads\/2026\/09\/ALUMNOS1-1-750x500.jpeg 750w, https:\/\/notinor.com\/jujuy\/wp-content\/uploads\/2026\/09\/ALUMNOS1-1-1140x760.jpeg 1140w, https:\/\/notinor.com\/jujuy\/wp-content\/uploads\/2026\/09\/ALUMNOS1-1.jpeg 1600w\" sizes=\"(max-width: 720px) 100vw, 720px\" \/><\/figure><\/div>\n\n\n<p><\/p>\n\n\n\n<p>Guzm\u00e1n valor\u00f3 el encuentro, destacando el inter\u00e9s manifestado por los adolescentes en relaci\u00f3n con la participaci\u00f3n femenina en la pol\u00edtica. Explic\u00f3 que varias estudiantes se acercaron posteriormente para realizar consultas sobre las posibilidades de involucrarse en la actividad pol\u00edtica. Remarc\u00f3 que el contacto directo permite no solo explicar la labor parlamentaria, sino tambi\u00e9n compartir experiencias y acompa\u00f1ar sus interrogantes sobre el futuro pol\u00edtico.<\/p>\n\n\n<div class=\"wp-block-image\">\n<figure class=\"aligncenter size-large\"><img decoding=\"async\" loading=\"lazy\" width=\"720\" height=\"480\" src=\"https:\/\/notinor.com\/jujuy\/wp-content\/uploads\/2026\/09\/ALUMNOS1-2-720x480.jpeg\" alt=\"\" class=\"wp-image-446791\" srcset=\"https:\/\/notinor.com\/jujuy\/wp-content\/uploads\/2026\/09\/ALUMNOS1-2-720x480.jpeg 720w, https:\/\/notinor.com\/jujuy\/wp-content\/uploads\/2026\/09\/ALUMNOS1-2-547x365.jpeg 547w, https:\/\/notinor.com\/jujuy\/wp-content\/uploads\/2026\/09\/ALUMNOS1-2-768x512.jpeg 768w, https:\/\/notinor.com\/jujuy\/wp-content\/uploads\/2026\/09\/ALUMNOS1-2-1536x1024.jpeg 1536w, https:\/\/notinor.com\/jujuy\/wp-content\/uploads\/2026\/09\/ALUMNOS1-2-750x500.jpeg 750w, https:\/\/notinor.com\/jujuy\/wp-content\/uploads\/2026\/09\/ALUMNOS1-2-1140x760.jpeg 1140w, https:\/\/notinor.com\/jujuy\/wp-content\/uploads\/2026\/09\/ALUMNOS1-2.jpeg 1600w\" sizes=\"(max-width: 720px) 100vw, 720px\" \/><\/figure><\/div>\n\n\n<p><\/p>\n\n\n\n<p>Durante la visita, los j\u00f3venes recorrieron distintos espacios del recinto y se informaron sobre qui\u00e9nes integran la Legislatura, el desarrollo de la tarea parlamentaria y las responsabilidades de los representantes provinciales.<\/p>\n\n\n<div class=\"wp-block-image\">\n<figure class=\"aligncenter size-large\"><img decoding=\"async\" loading=\"lazy\" width=\"720\" height=\"480\" src=\"https:\/\/notinor.com\/jujuy\/wp-content\/uploads\/2026\/09\/ALUMNOS1-3-720x480.jpeg\" alt=\"\" class=\"wp-image-446792\" srcset=\"https:\/\/notinor.com\/jujuy\/wp-content\/uploads\/2026\/09\/ALUMNOS1-3-720x480.jpeg 720w, https:\/\/notinor.com\/jujuy\/wp-content\/uploads\/2026\/09\/ALUMNOS1-3-547x365.jpeg 547w, https:\/\/notinor.com\/jujuy\/wp-content\/uploads\/2026\/09\/ALUMNOS1-3-768x512.jpeg 768w, https:\/\/notinor.com\/jujuy\/wp-content\/uploads\/2026\/09\/ALUMNOS1-3-1536x1024.jpeg 1536w, https:\/\/notinor.com\/jujuy\/wp-content\/uploads\/2026\/09\/ALUMNOS1-3-750x500.jpeg 750w, https:\/\/notinor.com\/jujuy\/wp-content\/uploads\/2026\/09\/ALUMNOS1-3-1140x760.jpeg 1140w, https:\/\/notinor.com\/jujuy\/wp-content\/uploads\/2026\/09\/ALUMNOS1-3.jpeg 1600w\" sizes=\"(max-width: 720px) 100vw, 720px\" \/><\/figure><\/div>\n\n\n<p><\/p>\n\n\n\n<p><strong>Graciela Carbajal<\/strong>, profesora de Formaci\u00f3n \u00c9tica y Ciudadana y de Construcci\u00f3n para la Ciudadan\u00eda, explic\u00f3 que la visita forma parte de un proyecto educativo desarrollado en torno a la Constituci\u00f3n Nacional. Destac\u00f3 que la posibilidad de visitar la instituci\u00f3n permite complementar contenidos abordados en clase con vivencia directa. Valor\u00f3 adem\u00e1s el cambio observado en los estudiantes: aunque inicialmente se mostraron nerviosos y t\u00edmidos, progresivamente se animaron a intervenir y formular preguntas.<\/p>\n\n\n<div class=\"wp-block-image\">\n<figure class=\"aligncenter size-large\"><img decoding=\"async\" loading=\"lazy\" width=\"720\" height=\"480\" src=\"https:\/\/notinor.com\/jujuy\/wp-content\/uploads\/2026\/09\/ALUMNOS1-4-720x480.jpeg\" alt=\"\" class=\"wp-image-446793\" srcset=\"https:\/\/notinor.com\/jujuy\/wp-content\/uploads\/2026\/09\/ALUMNOS1-4-720x480.jpeg 720w, https:\/\/notinor.com\/jujuy\/wp-content\/uploads\/2026\/09\/ALUMNOS1-4-547x365.jpeg 547w, https:\/\/notinor.com\/jujuy\/wp-content\/uploads\/2026\/09\/ALUMNOS1-4-768x512.jpeg 768w, https:\/\/notinor.com\/jujuy\/wp-content\/uploads\/2026\/09\/ALUMNOS1-4-1536x1024.jpeg 1536w, https:\/\/notinor.com\/jujuy\/wp-content\/uploads\/2026\/09\/ALUMNOS1-4-750x500.jpeg 750w, https:\/\/notinor.com\/jujuy\/wp-content\/uploads\/2026\/09\/ALUMNOS1-4-1140x760.jpeg 1140w, https:\/\/notinor.com\/jujuy\/wp-content\/uploads\/2026\/09\/ALUMNOS1-4.jpeg 1600w\" sizes=\"(max-width: 720px) 100vw, 720px\" \/><\/figure><\/div>\n\n\n<p><strong>Gabriela Arequipa<\/strong>, docente de Historia y Ciencias Pol\u00edticas, resalt\u00f3 la importancia de trasladar parte del aprendizaje fuera del aula. Explic\u00f3 que el proyecto prev\u00e9 pr\u00f3ximas actividades, incluyendo una visita a la Defensor\u00eda y la realizaci\u00f3n de talleres, con el objetivo de fortalecer el conocimiento institucional.<\/p>\n\n\n\n<p>El proyecto involucra a cuatro divisiones de la instituci\u00f3n y, en esta oportunidad, participaron alumnos de 3ero tercera y 3ero cuarta.<\/p>\n\n\n\n<p>&nbsp;Uno de los estudiantes calific\u00f3 la experiencia como \"hermosa\", destacando que aunque anteriormente hab\u00eda asistido a la Legislatura para participar en un concierto como integrante de una orquesta, nunca hab\u00eda tenido la oportunidad de conocer el recinto desde la perspectiva legislativa. Valor\u00f3 particularmente la posibilidad de dialogar con una diputada joven y visualizar la participaci\u00f3n pol\u00edtica como un camino posible para su generaci\u00f3n.<\/p>\n\n\n\n<p>La jornada articul\u00f3 el trabajo educativo de la instituci\u00f3n con Legislatura Joven, generando un espacio de participaci\u00f3n directa y favoreciendo el conocimiento de las instituciones democr\u00e1ticas.<\/p>\n","protected":false},"excerpt":{"rendered":"<p>En el marco del Programa \"Legislatura Joven\", estudiantes del Bachillerato Provincial N.\u00ba 21 \"Prof. Luis Alberto S\u00e1nchez\" del barrio Mariano Moreno visitaron el recinto de la Legislatura, donde se interiorizaron sobre el funcionamiento del Poder Legislativo, sus autoridades y las funciones que desempe\u00f1an los diputados provinciales. La jornada fue acompa\u00f1ada por la diputada Agustina Guzm\u00e1n, [&hellip;]<\/p>\n","protected":false},"author":5,"featured_media":446788,"comment_status":"open","ping_status":"open","sticky":false,"template":"","format":"standard","meta":{"_stopmodifiedupdate":false,"_modified_date":"","inline_featured_image":false},"categories":[514],"tags":[],"jetpack_featured_media_url":"https:\/\/notinor.com\/jujuy\/wp-content\/uploads\/2026\/09\/ALUMNOS.jpeg","_links":{"self":[{"href":"https:\/\/notinor.com\/jujuy\/wp-json\/wp\/v2\/posts\/446787"}],"collection":[{"href":"https:\/\/notinor.com\/jujuy\/wp-json\/wp\/v2\/posts"}],"about":[{"href":"https:\/\/notinor.com\/jujuy\/wp-json\/wp\/v2\/types\/post"}],"author":[{"embeddable":true,"href":"https:\/\/notinor.com\/jujuy\/wp-json\/wp\/v2\/users\/5"}],"replies":[{"embeddable":true,"href":"https:\/\/notinor.com\/jujuy\/wp-json\/wp\/v2\/comments?post=446787"}],"version-history":[{"count":1,"href":"https:\/\/notinor.com\/jujuy\/wp-json\/wp\/v2\/posts\/446787\/revisions"}],"predecessor-version":[{"id":446794,"href":"https:\/\/notinor.com\/jujuy\/wp-json\/wp\/v2\/posts\/446787\/revisions\/446794"}],"wp:featuredmedia":[{"embeddable":true,"href":"https:\/\/notinor.com\/jujuy\/wp-json\/wp\/v2\/media\/446788"}],"wp:attachment":[{"href":"https:\/\/notinor.com\/jujuy\/wp-json\/wp\/v2\/media?parent=446787"}],"wp:term":[{"taxonomy":"category","embeddable":true,"href":"https:\/\/notinor.com\/jujuy\/wp-json\/wp\/v2\/categories?post=446787"},{"taxonomy":"post_tag","embeddable":true,"href":"https:\/\/notinor.com\/jujuy\/wp-json\/wp\/v2\/tags?post=446787"}],"curies":[{"name":"wp","href":"https:\/\/api.w.org\/{rel}","templated":true}]}}