{"id":446777,"date":"2026-09-01T21:24:00","date_gmt":"2026-09-02T00:24:00","guid":{"rendered":"https:\/\/notinor.com\/jujuy\/?p=446777"},"modified":"2026-09-01T09:24:07","modified_gmt":"2026-09-01T09:24:07","slug":"el-libro-ciudades-azules-dedicado-al-urbanismo-desde-la-neurodivergencia-fue-presentado-en-el-c-c-lola-mora","status":"publish","type":"post","link":"https:\/\/notinor.com\/jujuy\/el-libro-ciudades-azules-dedicado-al-urbanismo-desde-la-neurodivergencia-fue-presentado-en-el-c-c-lola-mora\/","title":{"rendered":"El libro \"Ciudades Azules\", dedicado al urbanismo desde la neurodivergencia fue presentado en el C.C. Lola Mora"},"content":{"rendered":"\n<p class=\"has-medium-font-size\"><strong><em>El libro \"Ciudades Azules\", escrito por \u00c1lvaro Garc\u00eda Resta y Luc\u00eda Bellocchio, una obra que propone repensar las ciudades desde la experiencia de las personas neurodivergentes y avanzar hacia entornos urbanos m\u00e1s humanos e inclusivos, fue presentado ayer en un ameno acto llevado a cabo en Centro Cultural \"Lola Mora\", de nuestra ciudad.<\/em><\/strong><\/p>\n\n\n<div class=\"wp-block-image\">\n<figure class=\"aligncenter size-large\"><img decoding=\"async\" loading=\"lazy\" width=\"720\" height=\"480\" src=\"https:\/\/notinor.com\/jujuy\/wp-content\/uploads\/2026\/09\/presentacion1-720x480.jpg\" alt=\"\" class=\"wp-image-446780\" srcset=\"https:\/\/notinor.com\/jujuy\/wp-content\/uploads\/2026\/09\/presentacion1-720x480.jpg 720w, https:\/\/notinor.com\/jujuy\/wp-content\/uploads\/2026\/09\/presentacion1-548x365.jpg 548w, https:\/\/notinor.com\/jujuy\/wp-content\/uploads\/2026\/09\/presentacion1.jpg 750w\" sizes=\"(max-width: 720px) 100vw, 720px\" \/><\/figure><\/div>\n\n\n<p><\/p>\n\n\n\n<p>El arquitecto urbanista autor de la publicaci\u00f3n, explic\u00f3 que el trabajo se present\u00f3 en Jujuy por invitaci\u00f3n de su colega y concejal <strong>Ramiro Tejeda<\/strong>. Tambi\u00e9n particip\u00f3 de la presentaci\u00f3n el presidente del Concejo Deliberante de San Salvador de Jujuy, Dr. <strong>Gast\u00f3n Mill\u00f3n<\/strong>.<\/p>\n\n\n<div class=\"wp-block-image\">\n<figure class=\"aligncenter size-large\"><img decoding=\"async\" loading=\"lazy\" width=\"720\" height=\"480\" src=\"https:\/\/notinor.com\/jujuy\/wp-content\/uploads\/2026\/09\/Presentacion-1-720x480.jpg\" alt=\"\" class=\"wp-image-446781\" srcset=\"https:\/\/notinor.com\/jujuy\/wp-content\/uploads\/2026\/09\/Presentacion-1-720x480.jpg 720w, https:\/\/notinor.com\/jujuy\/wp-content\/uploads\/2026\/09\/Presentacion-1-548x365.jpg 548w, https:\/\/notinor.com\/jujuy\/wp-content\/uploads\/2026\/09\/Presentacion-1.jpg 750w\" sizes=\"(max-width: 720px) 100vw, 720px\" \/><\/figure><\/div>\n\n\n<p><\/p>\n\n\n\n<p>Al respecto, el presidente de la instituci\u00f3n parlamentaria, Dr. Gast\u00f3n Mill\u00f3n, resalt\u00f3: \"Es muy interesante proyectar ciudades, el urbanismo, reci\u00e9n escuchaba a <strong>\u00c1lvaro Garc\u00eda Resta<\/strong>, una eminencia en este tema, que es el autor de este libro; a quien tuvimos la oportunidad de contactarlo con el concejal Tejeda y traerlo a Jujuy a que brinde esta charla\".<\/p>\n\n\n<div class=\"wp-block-image\">\n<figure class=\"aligncenter size-large\"><img decoding=\"async\" loading=\"lazy\" width=\"720\" height=\"480\" src=\"https:\/\/notinor.com\/jujuy\/wp-content\/uploads\/2026\/09\/Presentacion-1-1-720x480.jpg\" alt=\"\" class=\"wp-image-446782\" srcset=\"https:\/\/notinor.com\/jujuy\/wp-content\/uploads\/2026\/09\/Presentacion-1-1-720x480.jpg 720w, https:\/\/notinor.com\/jujuy\/wp-content\/uploads\/2026\/09\/Presentacion-1-1-548x365.jpg 548w, https:\/\/notinor.com\/jujuy\/wp-content\/uploads\/2026\/09\/Presentacion-1-1.jpg 750w\" sizes=\"(max-width: 720px) 100vw, 720px\" \/><\/figure><\/div>\n\n\n<p><\/p>\n\n\n\n<p>\"Muchos hablan de inclusi\u00f3n\", acot\u00f3 Mill\u00f3, considerando que \"llega el momento en que se debe comenzar a actuar, no solo hablar, prometer, comprometerse, sino directamente hacer. Hay veces en que esos peque\u00f1os pasos del hacer no se notan, no son absolutamente visibles, pero en definitiva van mejorando la vida de la gente\".<\/p>\n\n\n<div class=\"wp-block-image\">\n<figure class=\"aligncenter size-large\"><img decoding=\"async\" loading=\"lazy\" width=\"720\" height=\"480\" src=\"https:\/\/notinor.com\/jujuy\/wp-content\/uploads\/2026\/09\/Presentacion-1-2-720x480.jpg\" alt=\"\" class=\"wp-image-446783\" srcset=\"https:\/\/notinor.com\/jujuy\/wp-content\/uploads\/2026\/09\/Presentacion-1-2-720x480.jpg 720w, https:\/\/notinor.com\/jujuy\/wp-content\/uploads\/2026\/09\/Presentacion-1-2-548x365.jpg 548w, https:\/\/notinor.com\/jujuy\/wp-content\/uploads\/2026\/09\/Presentacion-1-2.jpg 750w\" sizes=\"(max-width: 720px) 100vw, 720px\" \/><\/figure><\/div>\n\n\n<p><\/p>\n\n\n\n<p>Asimismo, recalc\u00f3: \"A veces es dif\u00edcil comprender el avance o el progreso y el impacto que ese progreso puede tener, no todos tienen una misma adaptaci\u00f3n a la modificaci\u00f3n y los cambios, entonces hay que acompa\u00f1ar esto con modernidad e inclusi\u00f3n \".<\/p>\n\n\n<div class=\"wp-block-image\">\n<figure class=\"aligncenter size-large\"><img decoding=\"async\" loading=\"lazy\" width=\"720\" height=\"480\" src=\"https:\/\/notinor.com\/jujuy\/wp-content\/uploads\/2026\/09\/Presentacion-1-3-720x480.jpg\" alt=\"\" class=\"wp-image-446784\" srcset=\"https:\/\/notinor.com\/jujuy\/wp-content\/uploads\/2026\/09\/Presentacion-1-3-720x480.jpg 720w, https:\/\/notinor.com\/jujuy\/wp-content\/uploads\/2026\/09\/Presentacion-1-3-548x365.jpg 548w, https:\/\/notinor.com\/jujuy\/wp-content\/uploads\/2026\/09\/Presentacion-1-3.jpg 750w\" sizes=\"(max-width: 720px) 100vw, 720px\" \/><\/figure><\/div>\n\n\n<p><\/p>\n\n\n\n<p>Por su parte, el concejal Ramiro Tejeda expres\u00f3: \"Es una tem\u00e1tica muy interesante, hoy tenemos la visita de \u00c1lvaro Garc\u00eda Resta, que nos permite y sorprende a trav\u00e9s de la lectura de este libro, poder ver y dimensionar lo que son las ciudades deseables desde el punto de vista que lo aborda el autor, que es la neurodivergencia, c\u00f3mo debemos trabajar las estructuras urbanas para que sean m\u00e1s amigables\".<\/p>\n\n\n\n<p>En el mismo sentido, dijo: \"Lo interesante que plantea la obra literaria es hacer la ciudad que deseamos, si bien est\u00e1 planteado desde lo neurodivergente, para personas con autismo, cuando se lee el libro en profundidad, llega a plantearse qu\u00e9 ciudad queremos todos, porque es una <strong>ciudad amigable, sostenible y verde\".<\/strong><\/p>\n\n\n\n<p>\"Es un libro muy interesante- continu\u00f3 Tejeda-, que plantea la problem\u00e1tica de la neurodivergencia y c\u00f3mo adaptar las estructuras urbanas que, en realidad, abre una gran ventana y una gran puerta al desaf\u00edo que tenemos los actores, como los concejales, los arquitectos, de dise\u00f1ar las ciudades amigables\".<\/p>\n\n\n\n<p>Finalmente, Ramiro Tejeda remarc\u00f3: \"Las ciudades fueron variando de acuerdo a la evoluci\u00f3n de la humanidad y el tipo de trabajo que se fueron desarrollando, el libro plantea pasar del paradigma de la ciudad gris, en donde se busca el avance de las infraestructuras de hormig\u00f3n que todav\u00eda es una deuda pendiente la ciudad de San Salvador y todas las ciudades perif\u00e9ricas de cumplir ese rol, primero est\u00e1 la ciudad gris, despu\u00e9s viene la ciudad verde que empieza a ser amigable como resorte de la ciudad gris y ahora vienen las ciudades azules, donde todos estos elementos se complementan, pero siempre pensado desde la parte del urbanismo y de quienes hacen la ciudad en un entorno mucho m\u00e1s amigable\".<\/p>\n\n\n\n<p>A su turno, el Arq. Urbanista \u00c1lvaro Garc\u00eda Resta, coment\u00f3: \"Es un libro que propone juntar nuestra experiencia como urbanistas, nuestra experiencia como madre y padre con ni\u00f1o con autismo y poder tomar esa perspectiva como aporte hacia el futuro de las ciudades\".<\/p>\n\n\n\n<p>Al ser consultado si puede ser complicado pensar ciudades para personas dentro de la neurodivergencia, el urbanista resalt\u00f3: \"No, complicado es cuando uno intent\u00f3 y no sali\u00f3, pero nuestra sensaci\u00f3n es que la gente no tom\u00f3 el esfuerzo de proyectar desde ah\u00ed, hasta ahora. En parte es porque no saben c\u00f3mo y el libro trata de ser un aporte, justamente, a acelerar ese proceso, a que pueda ser un manual de consulta, que la gente vea qu\u00e9 iniciativas hay en otros lugares y qu\u00e9 pueden hacer en sus ciudades. Argentina es un pa\u00eds muy grande, un pa\u00eds de ciudades y creo que el libro propone a todos los que tengan ganas de hacerlo, tomar esa perspectiva para dise\u00f1ar una ciudad que nos incluya a todos\".<\/p>\n\n\n\n<p>En ese sentido, Resta agrega que es necesario modificar la perspectiva: \"Hasta ac\u00e1, las ciudades casi siempre las proyectamos pensando en personas neurot\u00cdpicas de 40 a\u00f1os, que pueden subir y bajar de los lugares, comprender la tipograf\u00eda, las letras; damos por sentado que alguien que ve flechas, sabe lo que significa y nuestra experiencia con nuestros hijos, es que no necesariamente es as\u00ed, nos cuesta mucho explicarles c\u00f3mo cruzar las calles, entender los sem\u00e1foros; creo que si uno se toma el esfuerzo de pensar en el caso de una intersecci\u00f3n para ellos, se podr\u00eda hacer de otra manera\", finaliz\u00f3.<\/p>\n\n\n\n<p>Nota Audiovisual:&nbsp;<a href=\"https:\/\/youtu.be\/O4e4g5yv-24\" target=\"_blank\" rel=\"noreferrer noopener\">https:\/\/youtu.be\/O4e4g5yv-24<\/a><\/p>\n","protected":false},"excerpt":{"rendered":"<p>El libro \"Ciudades Azules\", escrito por \u00c1lvaro Garc\u00eda Resta y Luc\u00eda Bellocchio, una obra que propone repensar las ciudades desde la experiencia de las personas neurodivergentes y avanzar hacia entornos urbanos m\u00e1s humanos e inclusivos, fue presentado ayer en un ameno acto llevado a cabo en Centro Cultural \"Lola Mora\", de nuestra ciudad. El arquitecto [&hellip;]<\/p>\n","protected":false},"author":5,"featured_media":446779,"comment_status":"open","ping_status":"open","sticky":false,"template":"","format":"standard","meta":{"_stopmodifiedupdate":false,"_modified_date":"","inline_featured_image":false},"categories":[514],"tags":[],"jetpack_featured_media_url":"https:\/\/notinor.com\/jujuy\/wp-content\/uploads\/2026\/09\/Presentacion.jpg","_links":{"self":[{"href":"https:\/\/notinor.com\/jujuy\/wp-json\/wp\/v2\/posts\/446777"}],"collection":[{"href":"https:\/\/notinor.com\/jujuy\/wp-json\/wp\/v2\/posts"}],"about":[{"href":"https:\/\/notinor.com\/jujuy\/wp-json\/wp\/v2\/types\/post"}],"author":[{"embeddable":true,"href":"https:\/\/notinor.com\/jujuy\/wp-json\/wp\/v2\/users\/5"}],"replies":[{"embeddable":true,"href":"https:\/\/notinor.com\/jujuy\/wp-json\/wp\/v2\/comments?post=446777"}],"version-history":[{"count":3,"href":"https:\/\/notinor.com\/jujuy\/wp-json\/wp\/v2\/posts\/446777\/revisions"}],"predecessor-version":[{"id":446778,"href":"https:\/\/notinor.com\/jujuy\/wp-json\/wp\/v2\/posts\/446777\/revisions\/446778"}],"wp:featuredmedia":[{"embeddable":true,"href":"https:\/\/notinor.com\/jujuy\/wp-json\/wp\/v2\/media\/446779"}],"wp:attachment":[{"href":"https:\/\/notinor.com\/jujuy\/wp-json\/wp\/v2\/media?parent=446777"}],"wp:term":[{"taxonomy":"category","embeddable":true,"href":"https:\/\/notinor.com\/jujuy\/wp-json\/wp\/v2\/categories?post=446777"},{"taxonomy":"post_tag","embeddable":true,"href":"https:\/\/notinor.com\/jujuy\/wp-json\/wp\/v2\/tags?post=446777"}],"curies":[{"name":"wp","href":"https:\/\/api.w.org\/{rel}","templated":true}]}}