{"id":446774,"date":"2026-09-01T22:30:00","date_gmt":"2026-09-02T01:30:00","guid":{"rendered":"https:\/\/notinor.com\/jujuy\/?p=446774"},"modified":"2026-09-01T22:30:00","modified_gmt":"2026-09-01T22:30:00","slug":"finalizo-la-primera-capacitacion-al-personal-policial-sobre-el-sistema-penal-juvenil","status":"publish","type":"post","link":"https:\/\/notinor.com\/jujuy\/finalizo-la-primera-capacitacion-al-personal-policial-sobre-el-sistema-penal-juvenil\/","title":{"rendered":"Finaliz\u00f3 la primera capacitaci\u00f3n al personal policial sobre el Sistema Penal Juvenil"},"content":{"rendered":"\n<p class=\"has-medium-font-size\"><strong><em>El objetivo de la capacitaci\u00f3n fue brindar herramientas concretas para una actuaci\u00f3n responsable, especializada y articulada, con especial atenci\u00f3n al respeto y la garant\u00eda de los derechos de ni\u00f1as, ni\u00f1os y adolescentes.<\/em><\/strong><\/p>\n\n\n\n<p><\/p>\n\n\n<div class=\"wp-block-image\">\n<figure class=\"aligncenter size-full\"><img decoding=\"async\" loading=\"lazy\" width=\"800\" height=\"450\" src=\"https:\/\/notinor.com\/jujuy\/wp-content\/uploads\/2026\/09\/capacitacion-policial.jpg\" alt=\"\" class=\"wp-image-446775\" srcset=\"https:\/\/notinor.com\/jujuy\/wp-content\/uploads\/2026\/09\/capacitacion-policial.jpg 800w, https:\/\/notinor.com\/jujuy\/wp-content\/uploads\/2026\/09\/capacitacion-policial-649x365.jpg 649w, https:\/\/notinor.com\/jujuy\/wp-content\/uploads\/2026\/09\/capacitacion-policial-500x280.jpg 500w, https:\/\/notinor.com\/jujuy\/wp-content\/uploads\/2026\/09\/capacitacion-policial-768x432.jpg 768w, https:\/\/notinor.com\/jujuy\/wp-content\/uploads\/2026\/09\/capacitacion-policial-750x422.jpg 750w\" sizes=\"(max-width: 800px) 100vw, 800px\" \/><\/figure><\/div>\n\n\n<p><\/p>\n\n\n\n<p>Tras seis meses de capacitaci\u00f3n, finaliz\u00f3 el primer trayecto destinado al personal de la Polic\u00eda de la Provincia de Jujuy sobre el circuito administrativo de ingreso al Sistema Penal de Adolescentes en Conflicto con la Ley Penal. Durante el acto de cierre se realiz\u00f3 la entrega de certificados a quienes completaron la formaci\u00f3n.<\/p>\n\n\n\n<p>La propuesta tuvo como objetivo fortalecer las capacidades de intervenci\u00f3n del personal policial en las primeras instancias del circuito penal juvenil, brindando herramientas concretas para una actuaci\u00f3n responsable, especializada y articulada, con especial atenci\u00f3n al respeto y la garant\u00eda de los derechos de ni\u00f1as, ni\u00f1os y adolescentes.<\/p>\n\n\n\n<p>La jornada reuni\u00f3 a autoridades de la Secretar\u00eda de Ni\u00f1ez, Adolescencia y Familia, el Ministerio de Seguridad, la Polic\u00eda de Jujuy y el Comit\u00e9 Provincial de Prevenci\u00f3n de la Tortura. La secretaria de Ni\u00f1ez, Adolescencia y Familia, Marta Iriarte, destac\u00f3 el rol del personal de seguridad como primer actor ante situaciones de conflicto con la ley penal y remarc\u00f3 la importancia de contar con herramientas espec\u00edficas para intervenir adecuadamente.<\/p>\n\n\n\n<p>En este sentido, Iriarte sostuvo que estas instancias de formaci\u00f3n deben continuar y ampliarse, alcanzando tanto al personal que ingresa a la fuerza como a quienes desarrollan su carrera dentro de la instituci\u00f3n. \u201cEs fundamental proteger los derechos de ni\u00f1os, ni\u00f1as y adolescentes y, para esto, debemos capacitarnos\u201d, afirm\u00f3.<\/p>\n\n\n\n<p><\/p>\n\n\n\n<p class=\"has-medium-font-size\"><strong>Sostener la formaci\u00f3n permanente y la articulaci\u00f3n<\/strong><\/p>\n\n\n\n<p>Por su parte, el director de Dispositivos de Cuidado, Mario Vacaflor, resalt\u00f3 la necesidad de sostener una formaci\u00f3n permanente y profundizar la articulaci\u00f3n entre los organismos que intervienen en el sistema penal juvenil.<\/p>\n\n\n\n<p>La miembro representante del Comit\u00e9 Provincial de Prevenci\u00f3n de la Tortura, Paulina Ju\u00e1rez, felicit\u00f3 al personal y destac\u00f3 que quienes intervienen en estas situaciones deben ser garantes de derechos y que para ello es sumamente importante la formaci\u00f3n.<\/p>\n\n\n\n<p>Asimismo, el jefe de la Polic\u00eda de Jujuy, Comisario General Joaqu\u00edn Carrillo, y el director provincial de Seguridad, Comisario General, Antonio Manuel Vargas, remarcaron la importancia de fortalecer la intervenci\u00f3n policial desde una perspectiva que reconozca a ni\u00f1as, ni\u00f1os y adolescentes como sujetos de derecho.<\/p>\n\n\n\n<p>El cierre representa un avance en la preparaci\u00f3n provincial ante la implementaci\u00f3n del nuevo R\u00e9gimen Penal Juvenil y reafirma el compromiso de fortalecer pol\u00edticas p\u00fablicas con enfoque de derechos y articulaci\u00f3n institucional.<\/p>\n","protected":false},"excerpt":{"rendered":"<p>El objetivo de la capacitaci\u00f3n fue brindar herramientas concretas para una actuaci\u00f3n responsable, especializada y articulada, con especial atenci\u00f3n al respeto y la garant\u00eda de los derechos de ni\u00f1as, ni\u00f1os y adolescentes. Tras seis meses de capacitaci\u00f3n, finaliz\u00f3 el primer trayecto destinado al personal de la Polic\u00eda de la Provincia de Jujuy sobre el circuito [&hellip;]<\/p>\n","protected":false},"author":49,"featured_media":446775,"comment_status":"open","ping_status":"open","sticky":false,"template":"","format":"standard","meta":{"_stopmodifiedupdate":false,"_modified_date":"","inline_featured_image":false},"categories":[2,514],"tags":[],"jetpack_featured_media_url":"https:\/\/notinor.com\/jujuy\/wp-content\/uploads\/2026\/09\/capacitacion-policial.jpg","_links":{"self":[{"href":"https:\/\/notinor.com\/jujuy\/wp-json\/wp\/v2\/posts\/446774"}],"collection":[{"href":"https:\/\/notinor.com\/jujuy\/wp-json\/wp\/v2\/posts"}],"about":[{"href":"https:\/\/notinor.com\/jujuy\/wp-json\/wp\/v2\/types\/post"}],"author":[{"embeddable":true,"href":"https:\/\/notinor.com\/jujuy\/wp-json\/wp\/v2\/users\/49"}],"replies":[{"embeddable":true,"href":"https:\/\/notinor.com\/jujuy\/wp-json\/wp\/v2\/comments?post=446774"}],"version-history":[{"count":1,"href":"https:\/\/notinor.com\/jujuy\/wp-json\/wp\/v2\/posts\/446774\/revisions"}],"predecessor-version":[{"id":446776,"href":"https:\/\/notinor.com\/jujuy\/wp-json\/wp\/v2\/posts\/446774\/revisions\/446776"}],"wp:featuredmedia":[{"embeddable":true,"href":"https:\/\/notinor.com\/jujuy\/wp-json\/wp\/v2\/media\/446775"}],"wp:attachment":[{"href":"https:\/\/notinor.com\/jujuy\/wp-json\/wp\/v2\/media?parent=446774"}],"wp:term":[{"taxonomy":"category","embeddable":true,"href":"https:\/\/notinor.com\/jujuy\/wp-json\/wp\/v2\/categories?post=446774"},{"taxonomy":"post_tag","embeddable":true,"href":"https:\/\/notinor.com\/jujuy\/wp-json\/wp\/v2\/tags?post=446774"}],"curies":[{"name":"wp","href":"https:\/\/api.w.org\/{rel}","templated":true}]}}