{"id":446771,"date":"2026-09-01T20:35:00","date_gmt":"2026-09-01T23:35:00","guid":{"rendered":"https:\/\/notinor.com\/jujuy\/?p=446771"},"modified":"2026-09-02T03:55:10","modified_gmt":"2026-09-02T06:55:10","slug":"ate-anuncio-paros-durante-48-horas-en-mas-de-27-aeropuertos-de-todo-el-pais-podria-haber-demoras-y-cancelaciones","status":"publish","type":"post","link":"https:\/\/notinor.com\/jujuy\/ate-anuncio-paros-durante-48-horas-en-mas-de-27-aeropuertos-de-todo-el-pais-podria-haber-demoras-y-cancelaciones\/","title":{"rendered":"ATE anunci\u00f3 paros durante 48 horas en m\u00e1s de 27 aeropuertos de todo el pa\u00eds: podr\u00eda haber demoras y cancelaciones"},"content":{"rendered":"\n<p class=\"has-medium-font-size\"><strong><em>La medida de fuerza involucra a los empleados de la Administraci\u00f3n Nacional de Aviaci\u00f3n Civil (ANAC) y tendr\u00e1 lugar esta semana, los d\u00edas 3 y 4 de septiembre. La amenaza al Gobierno: \u201cSi no se abre una instancia de di\u00e1logo, el conflicto se va a profundizar\u201d.<\/em><\/strong><\/p>\n\n\n\n<p><\/p>\n\n\n<div class=\"wp-block-image\">\n<figure class=\"aligncenter size-full\"><img decoding=\"async\" loading=\"lazy\" width=\"800\" height=\"450\" src=\"https:\/\/notinor.com\/jujuy\/wp-content\/uploads\/2026\/09\/aeropuertos.jpg\" alt=\"\" class=\"wp-image-446772\" srcset=\"https:\/\/notinor.com\/jujuy\/wp-content\/uploads\/2026\/09\/aeropuertos.jpg 800w, https:\/\/notinor.com\/jujuy\/wp-content\/uploads\/2026\/09\/aeropuertos-649x365.jpg 649w, https:\/\/notinor.com\/jujuy\/wp-content\/uploads\/2026\/09\/aeropuertos-500x280.jpg 500w, https:\/\/notinor.com\/jujuy\/wp-content\/uploads\/2026\/09\/aeropuertos-768x432.jpg 768w, https:\/\/notinor.com\/jujuy\/wp-content\/uploads\/2026\/09\/aeropuertos-750x422.jpg 750w\" sizes=\"(max-width: 800px) 100vw, 800px\" \/><\/figure><\/div>\n\n\n<p><\/p>\n\n\n\n<p>La Asociaci\u00f3n de Trabajadores del Estado (ATE) convoc\u00f3 a una jornada nacional de lucha de 48 horas para el jueves 3 y el viernes 4 de septiembre en m\u00e1s de 27 aeropuertos de todo el pa\u00eds. La medida, que involucra a los empleados de la Administraci\u00f3n Nacional de Aviaci\u00f3n Civil (ANAC), incluye paros, movilizaciones y asambleas en dos franjas horarias diarias: de 9 a 12 y de 18 a 21. Durante esos per\u00edodos, \u00fanicamente quedar\u00e1n garantizados los vuelos sanitarios, humanitarios, de traslado de \u00f3rganos y oficiales.<\/p>\n\n\n\n<p>El alcance de la protesta abarca los principales nodos del sistema a\u00e9reo nacional, entre ellos el Aeropuerto Internacional de Ezeiza y el Aeroparque Jorge Newbery, aunque la medida fue planteada con car\u00e1cter federal. Fuera de las franjas establecidas, las operaciones continuar\u00e1n con normalidad, pero los pasajeros con vuelos previstos en esos lapsos podr\u00edan enfrentar demoras, reprogramaciones o cancelaciones en los servicios comerciales.<\/p>\n\n\n\n<p>El conflicto tiene como trasfondo una acumulaci\u00f3n de incumplimientos que el sindicato atribuye al gobierno nacional. Seg\u00fan ATE, desde enero las autoridades no han abonado adicionales salariales acordados en paritarias, y la negociaci\u00f3n sectorial sigue sin reabrirse. A eso se suma, seg\u00fan el gremio, un deterioro sostenido de las condiciones laborales y el desfinanciamiento de \u00e1reas operativas y de fiscalizaci\u00f3n en los aeropuertos del pa\u00eds.<\/p>\n\n\n\n<p>\u201cLos salarios se encuentran absolutamente deteriorados y no se corresponden con las altas responsabilidades que se ejercen en el sector. Adem\u00e1s, todos los d\u00edas las condiciones laborales empeoran\u201d, advirti\u00f3 Rodolfo Aguiar, Secretario General de ATE Nacional.<\/p>\n\n\n\n<p>El dirigente tambi\u00e9n responsabiliz\u00f3 directamente a las autoridades por las consecuencias que pueda tener la medida sobre el tr\u00e1fico a\u00e9reo: \u201cSi se producen demoras o cancelaciones, no ser\u00e1 por culpa de los trabajadores. Hemos comunicado la medida de fuerza con suficiente antelaci\u00f3n para que el Gobierno pudiera responder a cada una de nuestras demandas y eso hasta ahora no sucedi\u00f3\u201d.<\/p>\n\n\n\n<p>En la misma l\u00ednea, Aguiar precis\u00f3 que \u201cdesde enero, el Gobierno viene incumpliendo con los acuerdos paritarios y adem\u00e1s ha desfinanciado las \u00e1reas operativas y de fiscalizaci\u00f3n en todos los aeropuertos\u201d.<\/p>\n\n\n\n<p>El secretario general cerr\u00f3 su postura con una advertencia: \u201cSi no se abre una instancia de di\u00e1logo responsable, real, necesariamente el conflicto se va a profundizar\u201d.<\/p>\n\n\n\n<p>El paro no implica la suspensi\u00f3n total de las operaciones a\u00e9reas durante las 48 horas. El impacto estar\u00e1 acotado a las franjas de protesta y depender\u00e1 de las decisiones que adopten las aerol\u00edneas y las autoridades aeroportuarias. Por ese motivo, desde ATE indicaron que la medida fue comunicada con anticipaci\u00f3n para que los distintos actores del sistema pudieran organizarse.<\/p>\n\n\n\n<p>El reclamo gremial se inscribe en un contexto m\u00e1s amplio. Seg\u00fan ATE, el poder adquisitivo de los trabajadores de la administraci\u00f3n p\u00fablica nacional acumula una p\u00e9rdida superior al 40% desde el inicio de la gesti\u00f3n del presidente Javier Milei. En ese marco, los empleados de ANAC sostienen que su situaci\u00f3n es especialmente cr\u00edtica, dada la naturaleza de las tareas que realizan en un sector considerado estrat\u00e9gico.<\/p>\n\n\n\n<p>El sindicato tambi\u00e9n puso en foco una obra en curso en el Aeropuerto Internacional de Ezeiza: advirti\u00f3 que el proyecto de refacci\u00f3n y ampliaci\u00f3n de esa terminal, de car\u00e1cter millonario, avanza sin la actualizaci\u00f3n de las partidas presupuestarias del \u00e1rea, lo que, a su entender, compromete tanto la seguridad de los trabajadores como la de los pasajeros por la falta de herramientas y recursos adecuados para su ejecuci\u00f3n.<\/p>\n\n\n\n<p>Ante la falta de respuesta oficial, ATE formaliz\u00f3 tres demandas concretas: el pago de los salarios con los aumentos correspondientes a \u00edtems extra paritarios ya acordados, la apertura de la paritaria sectorial y el financiamiento para las tareas operativas del Servicio de Salvamento y Extinci\u00f3n de Incendios (SSEI) y de fiscalizaci\u00f3n en los aeropuertos. El gremio sostuvo que, si el Gobierno no da respuesta a esos reclamos antes del inicio de la medida de fuerza, el conflicto podr\u00eda extenderse m\u00e1s all\u00e1 de los dos d\u00edas previstos.<\/p>\n","protected":false},"excerpt":{"rendered":"<p>La medida de fuerza involucra a los empleados de la Administraci\u00f3n Nacional de Aviaci\u00f3n Civil (ANAC) y tendr\u00e1 lugar esta semana, los d\u00edas 3 y 4 de septiembre. La amenaza al Gobierno: \u201cSi no se abre una instancia de di\u00e1logo, el conflicto se va a profundizar\u201d. La Asociaci\u00f3n de Trabajadores del Estado (ATE) convoc\u00f3 a [&hellip;]<\/p>\n","protected":false},"author":49,"featured_media":446772,"comment_status":"open","ping_status":"open","sticky":false,"template":"","format":"standard","meta":{"_stopmodifiedupdate":false,"_modified_date":"","inline_featured_image":false},"categories":[5],"tags":[],"jetpack_featured_media_url":"https:\/\/notinor.com\/jujuy\/wp-content\/uploads\/2026\/09\/aeropuertos.jpg","_links":{"self":[{"href":"https:\/\/notinor.com\/jujuy\/wp-json\/wp\/v2\/posts\/446771"}],"collection":[{"href":"https:\/\/notinor.com\/jujuy\/wp-json\/wp\/v2\/posts"}],"about":[{"href":"https:\/\/notinor.com\/jujuy\/wp-json\/wp\/v2\/types\/post"}],"author":[{"embeddable":true,"href":"https:\/\/notinor.com\/jujuy\/wp-json\/wp\/v2\/users\/49"}],"replies":[{"embeddable":true,"href":"https:\/\/notinor.com\/jujuy\/wp-json\/wp\/v2\/comments?post=446771"}],"version-history":[{"count":1,"href":"https:\/\/notinor.com\/jujuy\/wp-json\/wp\/v2\/posts\/446771\/revisions"}],"predecessor-version":[{"id":446773,"href":"https:\/\/notinor.com\/jujuy\/wp-json\/wp\/v2\/posts\/446771\/revisions\/446773"}],"wp:featuredmedia":[{"embeddable":true,"href":"https:\/\/notinor.com\/jujuy\/wp-json\/wp\/v2\/media\/446772"}],"wp:attachment":[{"href":"https:\/\/notinor.com\/jujuy\/wp-json\/wp\/v2\/media?parent=446771"}],"wp:term":[{"taxonomy":"category","embeddable":true,"href":"https:\/\/notinor.com\/jujuy\/wp-json\/wp\/v2\/categories?post=446771"},{"taxonomy":"post_tag","embeddable":true,"href":"https:\/\/notinor.com\/jujuy\/wp-json\/wp\/v2\/tags?post=446771"}],"curies":[{"name":"wp","href":"https:\/\/api.w.org\/{rel}","templated":true}]}}