{"id":446762,"date":"2026-09-01T21:58:29","date_gmt":"2026-09-02T00:58:29","guid":{"rendered":"https:\/\/notinor.com\/jujuy\/?p=446762"},"modified":"2026-09-01T21:58:31","modified_gmt":"2026-09-02T00:58:31","slug":"jujuy-celebra-el-esplendor-del-lapacho-rosado-simbolo-natural-de-la-provincia","status":"publish","type":"post","link":"https:\/\/notinor.com\/jujuy\/jujuy-celebra-el-esplendor-del-lapacho-rosado-simbolo-natural-de-la-provincia\/","title":{"rendered":"Jujuy celebra el esplendor del lapacho rosado, s\u00edmbolo natural de la provincia"},"content":{"rendered":"\n<p><strong><em>Cada 1 de septiembre, Jujuy vuelve a mirar hacia sus \u00e1rboles m\u00e1s emblem\u00e1ticos: los lapachos. La fecha, dedicada a la Flor del Lapacho Rosado, destaca a una especie que se convirti\u00f3 en parte inseparable del paisaje provincial y de su identidad ambiental.<\/em><\/strong><\/p>\n\n\n\n<p><\/p>\n\n\n<div class=\"wp-block-image\">\n<figure class=\"aligncenter size-full\"><img decoding=\"async\" loading=\"lazy\" width=\"800\" height=\"450\" src=\"https:\/\/notinor.com\/jujuy\/wp-content\/uploads\/2026\/09\/lapacho-rosado.jpg\" alt=\"\" class=\"wp-image-446763\" srcset=\"https:\/\/notinor.com\/jujuy\/wp-content\/uploads\/2026\/09\/lapacho-rosado.jpg 800w, https:\/\/notinor.com\/jujuy\/wp-content\/uploads\/2026\/09\/lapacho-rosado-649x365.jpg 649w, https:\/\/notinor.com\/jujuy\/wp-content\/uploads\/2026\/09\/lapacho-rosado-500x280.jpg 500w, https:\/\/notinor.com\/jujuy\/wp-content\/uploads\/2026\/09\/lapacho-rosado-768x432.jpg 768w, https:\/\/notinor.com\/jujuy\/wp-content\/uploads\/2026\/09\/lapacho-rosado-750x422.jpg 750w\" sizes=\"(max-width: 800px) 100vw, 800px\" \/><\/figure><\/div>\n\n\n<p><\/p>\n\n\n\n<p>Con la llegada de septiembre, las copas de los lapachos comienzan a cubrirse de flores antes incluso de que broten las hojas, creando un espect\u00e1culo visual que ti\u00f1e de rosa calles, plazas y rutas de toda la provincia.<\/p>\n\n\n\n<p>Este fen\u00f3meno, que se repite cada a\u00f1o, marca uno de los momentos m\u00e1s reconocibles del inicio de la temporada primaveral en Jujuy P\u00e1gina actualP\u00e1gina actual. Una flor que anuncia la primavera La floraci\u00f3n del lapacho suele coincidir con el comienzo de septiembre, por lo que su ....<\/p>\n\n\n\n<p><\/p>\n\n\n\n<p class=\"has-medium-font-size\"><strong>Un \u00e1rbol presente en todos los rincones<\/strong><\/p>\n\n\n\n<p>El lapacho rosado puede encontrarse tanto en zonas urbanas como en \u00e1reas rurales, acompa\u00f1ando caminos, barrios y espacios verdes. Su floraci\u00f3n genera un contraste \u00fanico con el entorno y atrae la atenci\u00f3n de vecinos y turistas que buscan capturar en fotograf\u00edas la postal m\u00e1s colorida del a\u00f1o .<\/p>\n\n\n\n<p>Si bien el rosado es el m\u00e1s caracter\u00edstico, tambi\u00e9n existen variedades amarillas y blancas que enriquecen la diversidad de esta especie en la regi\u00f3n .<\/p>\n\n\n\n<p><\/p>\n\n\n\n<p class=\"has-medium-font-size\"><strong>La flor que anuncia renovaci\u00f3n<\/strong><\/p>\n\n\n\n<p>Durante algunas semanas, los \u00e1rboles se transforman por completo: sus copas quedan cubiertas casi en su totalidad por flores, otorg\u00e1ndoles una apariencia distintiva que los convierte en protagonistas del paisaje juje\u00f1o .<\/p>\n\n\n\n<p>La floraci\u00f3n no solo embellece la provincia, sino que tambi\u00e9n invita a recorrer sus espacios naturales y urbanos para disfrutar de uno de los fen\u00f3menos m\u00e1s esperados del a\u00f1o .<\/p>\n\n\n\n<p><\/p>\n\n\n\n<p class=\"has-medium-font-size\"><strong>Un s\u00edmbolo de identidad provincial<\/strong><\/p>\n\n\n\n<p>M\u00e1s all\u00e1 de su atractivo visual, el lapacho ocupa un lugar central en la flora del norte argentino y es parte esencial de la identidad paisaj\u00edstica de Jujuy. Su presencia est\u00e1 asociada a ambientes donde las condiciones clim\u00e1ticas favorecen su crecimiento, y cada septiembre sus flores reaparecen como una se\u00f1al de renovaci\u00f3n y continuidad de la vida natural en la provincia.<\/p>\n","protected":false},"excerpt":{"rendered":"<p>Cada 1 de septiembre, Jujuy vuelve a mirar hacia sus \u00e1rboles m\u00e1s emblem\u00e1ticos: los lapachos. La fecha, dedicada a la Flor del Lapacho Rosado, destaca a una especie que se convirti\u00f3 en parte inseparable del paisaje provincial y de su identidad ambiental. Con la llegada de septiembre, las copas de los lapachos comienzan a cubrirse [&hellip;]<\/p>\n","protected":false},"author":49,"featured_media":446763,"comment_status":"open","ping_status":"open","sticky":false,"template":"","format":"standard","meta":{"_stopmodifiedupdate":false,"_modified_date":"","inline_featured_image":false},"categories":[2,514],"tags":[],"jetpack_featured_media_url":"https:\/\/notinor.com\/jujuy\/wp-content\/uploads\/2026\/09\/lapacho-rosado.jpg","_links":{"self":[{"href":"https:\/\/notinor.com\/jujuy\/wp-json\/wp\/v2\/posts\/446762"}],"collection":[{"href":"https:\/\/notinor.com\/jujuy\/wp-json\/wp\/v2\/posts"}],"about":[{"href":"https:\/\/notinor.com\/jujuy\/wp-json\/wp\/v2\/types\/post"}],"author":[{"embeddable":true,"href":"https:\/\/notinor.com\/jujuy\/wp-json\/wp\/v2\/users\/49"}],"replies":[{"embeddable":true,"href":"https:\/\/notinor.com\/jujuy\/wp-json\/wp\/v2\/comments?post=446762"}],"version-history":[{"count":1,"href":"https:\/\/notinor.com\/jujuy\/wp-json\/wp\/v2\/posts\/446762\/revisions"}],"predecessor-version":[{"id":446764,"href":"https:\/\/notinor.com\/jujuy\/wp-json\/wp\/v2\/posts\/446762\/revisions\/446764"}],"wp:featuredmedia":[{"embeddable":true,"href":"https:\/\/notinor.com\/jujuy\/wp-json\/wp\/v2\/media\/446763"}],"wp:attachment":[{"href":"https:\/\/notinor.com\/jujuy\/wp-json\/wp\/v2\/media?parent=446762"}],"wp:term":[{"taxonomy":"category","embeddable":true,"href":"https:\/\/notinor.com\/jujuy\/wp-json\/wp\/v2\/categories?post=446762"},{"taxonomy":"post_tag","embeddable":true,"href":"https:\/\/notinor.com\/jujuy\/wp-json\/wp\/v2\/tags?post=446762"}],"curies":[{"name":"wp","href":"https:\/\/api.w.org\/{rel}","templated":true}]}}