{"id":446754,"date":"2026-09-01T14:46:29","date_gmt":"2026-09-01T17:46:29","guid":{"rendered":"https:\/\/notinor.com\/jujuy\/?p=446754"},"modified":"2026-09-01T14:50:40","modified_gmt":"2026-09-01T17:50:40","slug":"el-papa-leon-xiv-visitara-la-carcel-de-devoto-el-cottolengo-de-claypole-y-la-misa-sera-en-el-monumento-a-los-espanoles","status":"publish","type":"post","link":"https:\/\/notinor.com\/jujuy\/el-papa-leon-xiv-visitara-la-carcel-de-devoto-el-cottolengo-de-claypole-y-la-misa-sera-en-el-monumento-a-los-espanoles\/","title":{"rendered":"El papa Le\u00f3n XIV visitar\u00e1 la c\u00e1rcel de Devoto, el Cottolengo de Claypole y la misa ser\u00e1 en el Monumento a los Espa\u00f1oles"},"content":{"rendered":"\n<p class=\"has-medium-font-size\"><strong><em>El arzobispo de Buenos Aires Jorge Garc\u00eda Cuerva detall\u00f3 los lugares propuestos para la agenda papal. De esta forma, qued\u00f3 descartada la opci\u00f3n de que la cancha de River reciba la ceremonia<\/em><\/strong>.<\/p>\n\n\n<div class=\"wp-block-image\">\n<figure class=\"aligncenter\"><img decoding=\"async\" src=\"https:\/\/tn.com.ar\/resizer\/v2\/el-papa-leon-xiv-foto-apandrew-medichini-R73WQ4TJG2FK7ZULXV6O2WLNYM.jpg?auth=f3f3420c30ee7c03b34f756c01e5d319fef43cf036b4a863c6f72c5bc902ef03&amp;width=767\" alt=\"El papa Le\u00f3n XIV. (Foto AP\/Andrew Medichini)\"\/><figcaption class=\"wp-element-caption\">El papa Le\u00f3n XIV<\/figcaption><\/figure><\/div>\n\n\n<p>El&nbsp;<strong>arzobispo de Buenos Aires,<\/strong> <strong>Jorge Garc\u00eda Cuerva,<\/strong> adelant\u00f3 este martes cu\u00e1les son los&nbsp;<strong>lugares que podr\u00edan formar parte de la agenda del papa Le\u00f3n XIV<\/strong>&nbsp;durante su visita a la Argentina, prevista del 8 al 11 de noviembre.<\/p>\n\n\n\n<p>Si bien aclar\u00f3 que todav\u00eda no hay confirmaciones oficiales, la organizaci\u00f3n ya trabaja sobre un cronograma tentativo con actividades en espacios emblem\u00e1ticos de la Ciudad y el conurbano.<\/p>\n\n\n\n<p>En di\u00e1logo con&nbsp;<em>Radio Mitre<\/em>, Garc\u00eda Cuerva explic\u00f3 que las autoridades locales y la&nbsp;<strong>segunda misi\u00f3n de avanzada del Vaticano<\/strong>, encabezada por monse\u00f1or&nbsp;<strong>Jos\u00e9 Nah\u00fam Jairo Salas Casta\u00f1eda<\/strong>, coordinan los detalles del viaje papal.<\/p>\n\n\n\n<p>Entre los sitios propuestos, el prelado mencion\u00f3 la <strong>c\u00e1rcel de Devoto<\/strong>&nbsp;y el&nbsp;<strong>Cottolengo de Claypole<\/strong>, donde el Papa realizar\u00eda visitas especiales.<\/p>\n\n\n\n<p>El&nbsp;<strong>Monumento a los Espa\u00f1oles<\/strong>, ubicado en el barrio de Palermo, ser\u00eda el elegido&nbsp;<strong>tanto para la misa central como para el encuentro con los j\u00f3venes<\/strong>.<\/p>\n\n\n\n<p>Sobre la decisi\u00f3n de usarlo para ambos actos, el religioso sostuvo: \u201cEs un mensaje de&nbsp;<strong>austeridad&nbsp;<\/strong>hacer ambos encuentros en el mismo lugar. Es para decir aprovechemos lo que tenemos y, dando un cambio de cara, usar el mismo escenario\u201d.<\/p>\n\n\n<div class=\"wp-block-image\">\n<figure class=\"aligncenter\"><img decoding=\"async\" src=\"https:\/\/tn.com.ar\/resizer\/v2\/en-dialogo-con-radio-mitre-garcia-cuerva-explico-que-las-autoridades-locales-y-la-segunda-mision-de-avanzada-del-vaticano-encabezada-por-monsenor-jose-nahum-jairo-salas-castaneda-coordinan-los-detalles-del-viaje-papal-reutersagustin-marcarian-S4O2CJJVOXHQ7527AZKAFAKAIY.jpg?auth=71c972cf9fc88d9d9a34e0ba723263c3f216e6e3fab8a64ccd919918269429ce&amp;width=767\" alt=\"En di\u00e1logo con Radio Mitre, Garc\u00eda Cuerva explic\u00f3 que las autoridades locales y la segunda misi\u00f3n de avanzada del Vaticano, encabezada por monse\u00f1or Jos\u00e9 Nah\u00fam Jairo Salas Casta\u00f1eda, coordinan los detalles del viaje papal. REUTERS\/Agustin Marcarian\"\/><figcaption class=\"wp-element-caption\">Garc\u00eda Cuerva explic\u00f3 que las autoridades locales y la segunda misi\u00f3n de avanzada del Vaticano, encabezada por monse\u00f1or Jos\u00e9 Nah\u00fam Jairo Salas Casta\u00f1eda, coordinan los detalles del viaje papal<\/figcaption><\/figure><\/div>\n\n\n<p>Por otra parte, la organizaci\u00f3n&nbsp;<strong>descart\u00f3 hacer eventos en estadios<\/strong>, ya que prefieren espacios abiertos sin l\u00edmite de aforo, \u201cpara que nadie quede afuera\u201d.<\/p>\n\n\n\n<p>En esta l\u00ednea, y para reforzar la necesidad de organizar el encuentro en exteriores, Garc\u00eda Cuerva record\u00f3 que en una jornada similar en Madrid&nbsp;<strong>participaron 60.000 j\u00f3venes<\/strong>.<\/p>\n\n\n\n<p>Adem\u00e1s, en el plano pastoral, confirm\u00f3 visitas al&nbsp;<strong>Cottolengo de Claypole<\/strong>&nbsp;y a la&nbsp;<strong>c\u00e1rcel de Devoto<\/strong>. Respecto a la recorrida por el penal porte\u00f1o, explic\u00f3 que el papa Francisco le hablaba seguido a Le\u00f3n XIV sobre las c\u00e1rceles, y cont\u00f3 que el actual pont\u00edfice ya estuvo en unidades de Guinea Ecuatorial y Barcelona.<\/p>\n\n\n\n<p>Por otro lado, Garc\u00eda Cuerva aclar\u00f3 que la estad\u00eda del Papa ser\u00e1 breve y dijo que eso limita la cantidad de actividades en las que puede participar.<\/p>\n\n\n\n<p>\u201cHan llegado un mont\u00f3n de propuestas, pero&nbsp;<strong>hay que entender que viene solo tres d\u00edas<\/strong>\u201d, se\u00f1al\u00f3 y agreg\u00f3: \u201cNo es que no quiera, es que no llega\u201d.<\/p>\n\n\n\n<p><strong>Los lugares que eval\u00faan para la agenda papal<\/strong><\/p>\n\n\n\n<p>La agenda preliminar contempla una serie de actos p\u00fablicos e institucionales en distintos puntos de la Ciudad de Buenos Aires y alrededores. Entre los lugares mencionados por Garc\u00eda Cuerva figuran:<\/p>\n\n\n\n<ul>\n<li><strong>Palacio San Mart\u00edn<\/strong>: encuentro ecum\u00e9nico interreligioso.<\/li>\n\n\n\n<li><strong>Plaza San Mart\u00edn<\/strong>: homenaje al Libertador de Am\u00e9rica.<\/li>\n\n\n\n<li><strong>Monumento a los espa\u00f1oles<\/strong>: misa central y encuentro con j\u00f3venes.<\/li>\n\n\n\n<li><strong>Cottolengo de Claypole<\/strong>: visita.<\/li>\n\n\n\n<li><strong>C\u00e1rcel de Devoto<\/strong>: visita.<\/li>\n<\/ul>\n\n\n\n<p><\/p>\n","protected":false},"excerpt":{"rendered":"<p>El arzobispo de Buenos Aires Jorge Garc\u00eda Cuerva detall\u00f3 los lugares propuestos para la agenda papal. De esta forma, qued\u00f3 descartada la opci\u00f3n de que la cancha de River reciba la ceremonia. El&nbsp;arzobispo de Buenos Aires, Jorge Garc\u00eda Cuerva, adelant\u00f3 este martes cu\u00e1les son los&nbsp;lugares que podr\u00edan formar parte de la agenda del papa Le\u00f3n [&hellip;]<\/p>\n","protected":false},"author":5,"featured_media":446755,"comment_status":"open","ping_status":"open","sticky":false,"template":"","format":"standard","meta":{"_stopmodifiedupdate":false,"_modified_date":"","inline_featured_image":false},"categories":[5],"tags":[],"jetpack_featured_media_url":"https:\/\/notinor.com\/jujuy\/wp-content\/uploads\/2026\/09\/LEON.jpg","_links":{"self":[{"href":"https:\/\/notinor.com\/jujuy\/wp-json\/wp\/v2\/posts\/446754"}],"collection":[{"href":"https:\/\/notinor.com\/jujuy\/wp-json\/wp\/v2\/posts"}],"about":[{"href":"https:\/\/notinor.com\/jujuy\/wp-json\/wp\/v2\/types\/post"}],"author":[{"embeddable":true,"href":"https:\/\/notinor.com\/jujuy\/wp-json\/wp\/v2\/users\/5"}],"replies":[{"embeddable":true,"href":"https:\/\/notinor.com\/jujuy\/wp-json\/wp\/v2\/comments?post=446754"}],"version-history":[{"count":2,"href":"https:\/\/notinor.com\/jujuy\/wp-json\/wp\/v2\/posts\/446754\/revisions"}],"predecessor-version":[{"id":446757,"href":"https:\/\/notinor.com\/jujuy\/wp-json\/wp\/v2\/posts\/446754\/revisions\/446757"}],"wp:featuredmedia":[{"embeddable":true,"href":"https:\/\/notinor.com\/jujuy\/wp-json\/wp\/v2\/media\/446755"}],"wp:attachment":[{"href":"https:\/\/notinor.com\/jujuy\/wp-json\/wp\/v2\/media?parent=446754"}],"wp:term":[{"taxonomy":"category","embeddable":true,"href":"https:\/\/notinor.com\/jujuy\/wp-json\/wp\/v2\/categories?post=446754"},{"taxonomy":"post_tag","embeddable":true,"href":"https:\/\/notinor.com\/jujuy\/wp-json\/wp\/v2\/tags?post=446754"}],"curies":[{"name":"wp","href":"https:\/\/api.w.org\/{rel}","templated":true}]}}