{"id":446743,"date":"2026-09-01T14:12:44","date_gmt":"2026-09-01T17:12:44","guid":{"rendered":"https:\/\/notinor.com\/jujuy\/?p=446743"},"modified":"2026-09-01T14:12:45","modified_gmt":"2026-09-01T17:12:45","slug":"el-gobierno-reune-a-la-mesa-politica-para-discutir-la-reforma-electoral-y-la-eliminacion-de-las-paso","status":"publish","type":"post","link":"https:\/\/notinor.com\/jujuy\/el-gobierno-reune-a-la-mesa-politica-para-discutir-la-reforma-electoral-y-la-eliminacion-de-las-paso\/","title":{"rendered":"El Gobierno re\u00fane a la mesa pol\u00edtica para discutir la reforma electoral y la eliminaci\u00f3n de las PASO"},"content":{"rendered":"\n<p class=\"has-medium-font-size\"><strong><em>Karina Milei est\u00e1 al frente del encuentro en Casa Rosada, en el que se aborda la estrategia parlamentaria de La Libertad Avanza. Tambi\u00e9n analizan cuestiones de gesti\u00f3n, como la log\u00edstica para la visita a la Argentina del papa Le\u00f3n XIV.<\/em><\/strong><\/p>\n\n\n<div class=\"wp-block-image\">\n<figure class=\"aligncenter\"><img decoding=\"async\" src=\"https:\/\/tn.com.ar\/resizer\/v2\/el-gobierno-reune-a-su-mesa-politica-en-casa-rosada-foto-presidencia-CJDKKDUXWVEB5DWTTDLGLZT2EU.jpeg?auth=f060669a7f02a12e64c5258d610c3e2a1ac76bdc334d12caa7467935956c7fac&amp;width=767\" alt=\"El Gobierno re\u00fane a su mesa pol\u00edtica en Casa Rosada. (Foto: Presidencia)\"\/><figcaption class=\"wp-element-caption\">El Gobierno re\u00fane a su mesa pol\u00edtica en Casa Rosada<\/figcaption><\/figure><\/div>\n\n\n<p>La secretaria general de la Presidencia,<strong>&nbsp;Karina Milei<\/strong>, conduce la&nbsp;<strong>Mesa Pol\u00edtica<\/strong>&nbsp;semanal del oficialismo. En el encuentro se discute sobre el proyecto de&nbsp;<strong>eliminaci\u00f3n de las Primarias, Abiertas, Simult\u00e1neas y Obligatorias (PASO)<\/strong>, adem\u00e1s de cuestiones de gesti\u00f3n y de la agenda legislativa que impulsa el Gobierno.<\/p>\n\n\n\n<p>M\u00e1s temprano se realiz\u00f3 una nueva reuni\u00f3n de gabinete, que sirvi\u00f3 tambi\u00e9n para coordinar las distintas posturas frente a las exposiciones y foros de la cumbre \u201cVientos de Cambio: Avanza la Libertad en Argentina y las Am\u00e9ricas\u201d, organizada por el&nbsp;<strong>Archbridge Institute, Libertad y Progreso y Reason<\/strong>. Milei dar\u00e1 el discurso de cierre de ese encuentro, que re\u00fane a referentes pol\u00edticos y economistas.<\/p>\n\n\n\n<p>La Mesa Pol\u00edtica vuelve a reunir a la plana mayor del oficialismo. All\u00ed se aborda la reforma electoral y, en particular, la eventual supresi\u00f3n de las PASO. El temario incluye adem\u00e1s<strong>&nbsp;la log\u00edstica de la visita del Papa Le\u00f3n XIV a la Argentina<\/strong>, prevista para noviembre, y el armado partidario con la mirada puesta en las elecciones de 2027.<\/p>\n\n\n\n<p>Tambi\u00e9n se repasan los consensos para avanzar con el resto de la agenda legislativa y de los proyectos que el oficialismo impulsa en el Congreso, en un contexto marcado por la reciente aprobaci\u00f3n en la C\u00e1mara de Diputados de la reforma de la Carta Org\u00e1nica del Banco Central.<\/p>\n\n\n\n<p><strong>La visita del Papa<\/strong><\/p>\n\n\n\n<p><strong>Karina Milei<\/strong>&nbsp;se reuni\u00f3 este lunes con las autoridades de la&nbsp;<strong>Conferencia Episcopal Argentina&nbsp;<\/strong>para seguir con los preparativos para la visita del Papa Le\u00f3n XIV a la Argentina. El nuevo encuentro en la&nbsp;<strong>Casa Rosada&nbsp;<\/strong>se produjo pocas horas despu\u00e9s de que la Iglesia advirtiera el nivel de&nbsp;<strong>endeudamiento que atraviesan las familias argentinas&nbsp;<\/strong>y le pidiera al Gobierno una soluci\u00f3n ante la problem\u00e1tica.<\/p>\n\n\n<div class=\"wp-block-image\">\n<figure class=\"aligncenter\"><img decoding=\"async\" src=\"https:\/\/tn.com.ar\/resizer\/v2\/karina-milei-y-autoridades-de-la-conferencia-episcopal-argentina-en-la-casa-rosada-foto-presidencia-ACKKLWX4BBHUPHQ74UM4WAC6R4.jpeg?auth=c8a4f25214a32c57397f3ea8424325d9e84a61d35136f851a87142b08bdff5a4&amp;width=767\" alt=\"Karina Milei y autoridades de la Conferencia Episcopal Argentina en la Casa Rosada. (Foto: Presidencia)\"\/><figcaption class=\"wp-element-caption\">Karina Milei y autoridades de la Conferencia Episcopal Argentina en la Casa Rosada<\/figcaption><\/figure><\/div>\n\n\n<p>Seg\u00fan pudo saber\u00a0TN, la reuni\u00f3n tuvo lugar a las 18 y cont\u00f3 con la presencia del arzobispo de Mendoza y presidente de la CEA,\u00a0<strong>Marcelo Colombo<\/strong>, y\u00a0<strong>Ra\u00fal Pizarro<\/strong>, obispo auxiliar de San Isidro y secretario general del Episcopado.<\/p>\n\n\n\n<p>Ambos sacerdotes acompa\u00f1an a la<strong> avanzada del Vaticano que arrib\u00f3 este domingo al pa\u00ed<\/strong>s para recorrer los potenciales lugares que visitar\u00e1<strong> Le\u00f3n XIV<\/strong> durante su visita entre el 8 y 11 de noviembre pr\u00f3ximos. Uno de los destinos:<strong>la Casa Rosada, donde se producir\u00e1 la recepci\u00f3n de Javier Milei al sumo pont\u00edfice.<\/strong><\/p>\n","protected":false},"excerpt":{"rendered":"<p>Karina Milei est\u00e1 al frente del encuentro en Casa Rosada, en el que se aborda la estrategia parlamentaria de La Libertad Avanza. Tambi\u00e9n analizan cuestiones de gesti\u00f3n, como la log\u00edstica para la visita a la Argentina del papa Le\u00f3n XIV. La secretaria general de la Presidencia,&nbsp;Karina Milei, conduce la&nbsp;Mesa Pol\u00edtica&nbsp;semanal del oficialismo. En el encuentro [&hellip;]<\/p>\n","protected":false},"author":5,"featured_media":446744,"comment_status":"open","ping_status":"open","sticky":false,"template":"","format":"standard","meta":{"_stopmodifiedupdate":false,"_modified_date":"","inline_featured_image":false},"categories":[501],"tags":[],"jetpack_featured_media_url":"https:\/\/notinor.com\/jujuy\/wp-content\/uploads\/2026\/09\/MESA.jpg","_links":{"self":[{"href":"https:\/\/notinor.com\/jujuy\/wp-json\/wp\/v2\/posts\/446743"}],"collection":[{"href":"https:\/\/notinor.com\/jujuy\/wp-json\/wp\/v2\/posts"}],"about":[{"href":"https:\/\/notinor.com\/jujuy\/wp-json\/wp\/v2\/types\/post"}],"author":[{"embeddable":true,"href":"https:\/\/notinor.com\/jujuy\/wp-json\/wp\/v2\/users\/5"}],"replies":[{"embeddable":true,"href":"https:\/\/notinor.com\/jujuy\/wp-json\/wp\/v2\/comments?post=446743"}],"version-history":[{"count":1,"href":"https:\/\/notinor.com\/jujuy\/wp-json\/wp\/v2\/posts\/446743\/revisions"}],"predecessor-version":[{"id":446745,"href":"https:\/\/notinor.com\/jujuy\/wp-json\/wp\/v2\/posts\/446743\/revisions\/446745"}],"wp:featuredmedia":[{"embeddable":true,"href":"https:\/\/notinor.com\/jujuy\/wp-json\/wp\/v2\/media\/446744"}],"wp:attachment":[{"href":"https:\/\/notinor.com\/jujuy\/wp-json\/wp\/v2\/media?parent=446743"}],"wp:term":[{"taxonomy":"category","embeddable":true,"href":"https:\/\/notinor.com\/jujuy\/wp-json\/wp\/v2\/categories?post=446743"},{"taxonomy":"post_tag","embeddable":true,"href":"https:\/\/notinor.com\/jujuy\/wp-json\/wp\/v2\/tags?post=446743"}],"curies":[{"name":"wp","href":"https:\/\/api.w.org\/{rel}","templated":true}]}}