{"id":446740,"date":"2026-09-01T14:04:41","date_gmt":"2026-09-01T17:04:41","guid":{"rendered":"https:\/\/notinor.com\/jujuy\/?p=446740"},"modified":"2026-09-01T14:04:42","modified_gmt":"2026-09-01T17:04:42","slug":"javier-milei-hablara-por-cadena-nacional-este-jueves-sobre-malvinas","status":"publish","type":"post","link":"https:\/\/notinor.com\/jujuy\/javier-milei-hablara-por-cadena-nacional-este-jueves-sobre-malvinas\/","title":{"rendered":"Javier Milei hablar\u00e1 por cadena nacional, este jueves sobre Malvinas"},"content":{"rendered":"\n<p class=\"has-medium-font-size\"><strong><em>El presidente\u00a0Javier Milei anunci\u00f3 que el jueves por la noche realizar\u00e1 una cadena nacional para referirse a la cuesti\u00f3n Malvinas, luego de las declaraciones de su par estadounidense, Donald Trump, quien asegur\u00f3 que revisar\u00e1 la posici\u00f3n de Washington  ante la soberan\u00eda de las islas<\/em><\/strong><\/p>\n\n\n<div class=\"wp-block-image\">\n<figure class=\"aligncenter\"><img decoding=\"async\" src=\"https:\/\/tn.com.ar\/resizer\/v2\/milei-dara-una-cadena-nacional-el-jueves-sobre-malvinas-tras-las-declaraciones-de-trump-foto-captura-de-pantalla-de-la-cadena-nacional-RAT6LGWYINEQBOTTQUCJIWSURY.png?auth=b77141241a768b185a0441dd677d5a1b115968b5dd4f424f330d2f98d1ba19a5&amp;width=767\" alt=\"Milei dar\u00e1 una cadena nacional el jueves sobre Malvinas tras las declaraciones de Trump (Foto: Captura de pantalla de la Cadena nacional).\"\/><figcaption class=\"wp-element-caption\">Milei dar\u00e1 una cadena nacional el jueves sobre Malvinas tras las declaraciones de Trump<\/figcaption><\/figure><\/div>\n\n\n<p>El tema fue presentado ante los ministros por&nbsp;<strong>el canciller Pablo Quirno, que hizo un an\u00e1lisis de los avances diplom\u00e1ticos que el Ejecutivo asegura haber conseguido en defensa del reclamo argentino<\/strong>. Tras esa exposici\u00f3n, Milei resolvi\u00f3 utilizar la cadena nacional para dar mayores precisiones sobre la estrategia y los movimientos que observa la Canciller\u00eda.<\/p>\n\n\n\n<p>La decisi\u00f3n se produce despu\u00e9s de que&nbsp;<strong>Trump fuera consultado en el Sal\u00f3n Oval sobre la postura estadounidense frente a las Islas Malvinas<\/strong>. \u201cSiempre reviso todas las posiciones. Esa es apenas una entre muchas\u201d, respondi\u00f3 el presidente norteamericano. La frase abri\u00f3 expectativas en la Casa Rosada, aunque Washington no anunci\u00f3 hasta el momento una modificaci\u00f3n formal de su pol\u00edtica.<\/p>\n\n\n\n<p>Milei ya hab\u00eda celebrado p\u00fablicamente las declaraciones. \u201c<strong>Ayer pas\u00f3 algo muy fuerte respecto a la causa m\u00e1s importante y sagrada que tenemos los argentinos<\/strong>\u201d, sostuvo este martes antes de la reuni\u00f3n de ministros. El Presidente anticip\u00f3 entonces que el asunto ser\u00eda analizado por su equipo y lo coloc\u00f3 entre los principales temas de la agenda internacional del Gobierno.<\/p>\n\n\n\n<p><strong>Estados Unidos mantiene hasta ahora una posici\u00f3n de neutralidad respecto de los reclamos de soberan\u00eda.<\/strong>&nbsp;Washington reconoce la administraci\u00f3n de facto brit\u00e1nica sobre el archipi\u00e9lago, pero hist\u00f3ricamente evit\u00f3 pronunciarse a favor de la posici\u00f3n argentina o brit\u00e1nica sobre la cuesti\u00f3n de fondo y promovi\u00f3 una resoluci\u00f3n pac\u00edfica del diferendo.<\/p>\n\n\n<div class=\"wp-block-image\">\n<figure class=\"aligncenter\"><img decoding=\"async\" src=\"https:\/\/tn.com.ar\/resizer\/v2\/los-presidentes-donald-trump-y-javier-milei-profundizan-su-alianza-estrategica-foto-de-archivo-ap-BOG4W45I65FPPGW33SAZHB6MJ4.jpg?auth=9be08aa172903a692c333d7ce7df5e9881d2168d354e33e58eeb54fd0f5fc758&amp;width=767\" alt=\"Los presidentes Donald Trump y Javier Milei profundizan su alianza estrat\u00e9gica (Foto de archivo: AP).\"\/><figcaption class=\"wp-element-caption\">Los presidentes Donald Trump y Javier Milei profundizan su alianza estrat\u00e9gica <\/figcaption><\/figure><\/div>\n\n\n<p>Por eso, en el Gobierno consideran que&nbsp;<strong>una eventual modificaci\u00f3n de esa postura tendr\u00eda un peso diplom\u00e1tico significativo para la Argentina<\/strong>. En Balcarce 50 siguen con especial atenci\u00f3n cualquier se\u00f1al de la administraci\u00f3n Trump y buscan capitalizar el v\u00ednculo pol\u00edtico que Milei construy\u00f3 con el mandatario estadounidense.<\/p>\n\n\n\n<p>El Reino Unido reaccion\u00f3, en cambio, con cautela y ratific\u00f3 su posici\u00f3n.&nbsp;<strong>El secretario de Defensa brit\u00e1nico, John Healey, asegur\u00f3 que Londres no recibi\u00f3 ninguna sugerencia concreta de Washington sobre un cambio de pol\u00edtica<\/strong>&nbsp;y volvi\u00f3 a defender la continuidad del control brit\u00e1nico sobre las islas.<\/p>\n\n\n\n<p>Las declaraciones de Trump tuvieron adem\u00e1s&nbsp;<strong>un antecedente reciente dentro de la administraci\u00f3n estadounidense<\/strong>. En los \u00faltimos meses trascendieron discusiones entre funcionarios del Pent\u00e1gono sobre distintas herramientas de presi\u00f3n para conseguir que los aliados de la OTAN incrementen su gasto en Defensa, entre las que apareci\u00f3 la posibilidad de revisar el respaldo pol\u00edtico a Londres en la cuesti\u00f3n Malvinas.<\/p>\n\n\n\n<p>Ese planteo no se convirti\u00f3 en una pol\u00edtica oficial.&nbsp;<strong>Marco Rubio hab\u00eda relativizado previamente las versiones surgidas de esas discusiones internas<\/strong>&nbsp;y el Departamento de Estado mantuvo la posici\u00f3n tradicional de Washington. La nueva intervenci\u00f3n p\u00fablica de Trump volvi\u00f3 ahora a darle relevancia a un escenario que hasta el momento hab\u00eda permanecido en el terreno de las hip\u00f3tesis.<\/p>\n\n\n\n<p>La Casa Rosada busca por eso&nbsp;<strong>diferenciar las se\u00f1ales pol\u00edticas de un eventual cambio diplom\u00e1tico efectivo<\/strong>. La cadena del jueves servir\u00e1 para que Milei detalle qu\u00e9 avances considera concretos y cu\u00e1l es la lectura que hace el Gobierno sobre las posibilidades que abri\u00f3 la declaraci\u00f3n del presidente estadounidense.<\/p>\n\n\n\n<p>La administraci\u00f3n libertaria sostiene que&nbsp;<strong>su pol\u00edtica exterior de alineamiento con Estados Unidos puede generar mejores condiciones para fortalecer el reclamo argentino<\/strong>. Quirno qued\u00f3 encargado de exponer ante el Gabinete el estado de las gestiones diplom\u00e1ticas y de ordenar los elementos que Milei presentar\u00e1 p\u00fablicamente.<\/p>\n\n\n\n<p>La reuni\u00f3n de este martes no estuvo concentrada \u00fanicamente en Malvinas.&nbsp;<strong>El Presidente hizo tambi\u00e9n un repaso de los indicadores econ\u00f3micos<\/strong>, con especial atenci\u00f3n sobre el mercado laboral, la reducci\u00f3n de la inflaci\u00f3n y la evoluci\u00f3n de la actividad. El Gobierno busca mostrar esos n\u00fameros como parte de los resultados de su programa econ\u00f3mico.<\/p>\n\n\n\n<p>En ese punto, Milei tom\u00f3 como referencia&nbsp;<strong>un art\u00edculo publicado por Federico Sturzenegger durante el fin de semana<\/strong>, en el que el ministro de Desregulaci\u00f3n contrast\u00f3 distintos indicadores de gesti\u00f3n con la cobertura de los medios. El Presidente ya hab\u00eda anticipado que utilizar\u00eda ese trabajo como disparador para la discusi\u00f3n con sus ministros.<\/p>\n\n\n\n<p>Participaron del encuentro, entre otros,&nbsp;<strong>Karina Milei, Diego Santilli, Luis Caputo, Sturzenegger, Pablo Quirno, Patricia Bullrich, Mart\u00edn Menem y Santiago Caputo<\/strong>, junto con los responsables de las principales carteras y \u00e1reas de Presidencia. La reuni\u00f3n incluy\u00f3 adem\u00e1s un repaso de las pol\u00edticas que prepara cada ministerio para los pr\u00f3ximos meses.<\/p>\n\n\n\n<p><strong>El foco pol\u00edtico inmediato, sin embargo, qued\u00f3 puesto en la cadena nacional del jueves.<\/strong>&nbsp;Milei buscar\u00e1 convertir las declaraciones de Trump en una se\u00f1al favorable para la estrategia diplom\u00e1tica argentina, aunque hasta ahora Estados Unidos no oficializ\u00f3 un cambio de posici\u00f3n sobre la soberan\u00eda. La expectativa en la Casa Rosada est\u00e1 puesta en explicar qu\u00e9 elementos concretos llevan al Gobierno a considerar que existe un avance en la causa Malvinas.<\/p>\n","protected":false},"excerpt":{"rendered":"<p>El presidente\u00a0Javier Milei anunci\u00f3 que el jueves por la noche realizar\u00e1 una cadena nacional para referirse a la cuesti\u00f3n Malvinas, luego de las declaraciones de su par estadounidense, Donald Trump, quien asegur\u00f3 que revisar\u00e1 la posici\u00f3n de Washington ante la soberan\u00eda de las islas El tema fue presentado ante los ministros por&nbsp;el canciller Pablo Quirno, [&hellip;]<\/p>\n","protected":false},"author":5,"featured_media":446741,"comment_status":"open","ping_status":"open","sticky":false,"template":"","format":"standard","meta":{"_stopmodifiedupdate":false,"_modified_date":"","inline_featured_image":false},"categories":[501],"tags":[],"jetpack_featured_media_url":"https:\/\/notinor.com\/jujuy\/wp-content\/uploads\/2026\/09\/MILEI.jpg","_links":{"self":[{"href":"https:\/\/notinor.com\/jujuy\/wp-json\/wp\/v2\/posts\/446740"}],"collection":[{"href":"https:\/\/notinor.com\/jujuy\/wp-json\/wp\/v2\/posts"}],"about":[{"href":"https:\/\/notinor.com\/jujuy\/wp-json\/wp\/v2\/types\/post"}],"author":[{"embeddable":true,"href":"https:\/\/notinor.com\/jujuy\/wp-json\/wp\/v2\/users\/5"}],"replies":[{"embeddable":true,"href":"https:\/\/notinor.com\/jujuy\/wp-json\/wp\/v2\/comments?post=446740"}],"version-history":[{"count":1,"href":"https:\/\/notinor.com\/jujuy\/wp-json\/wp\/v2\/posts\/446740\/revisions"}],"predecessor-version":[{"id":446742,"href":"https:\/\/notinor.com\/jujuy\/wp-json\/wp\/v2\/posts\/446740\/revisions\/446742"}],"wp:featuredmedia":[{"embeddable":true,"href":"https:\/\/notinor.com\/jujuy\/wp-json\/wp\/v2\/media\/446741"}],"wp:attachment":[{"href":"https:\/\/notinor.com\/jujuy\/wp-json\/wp\/v2\/media?parent=446740"}],"wp:term":[{"taxonomy":"category","embeddable":true,"href":"https:\/\/notinor.com\/jujuy\/wp-json\/wp\/v2\/categories?post=446740"},{"taxonomy":"post_tag","embeddable":true,"href":"https:\/\/notinor.com\/jujuy\/wp-json\/wp\/v2\/tags?post=446740"}],"curies":[{"name":"wp","href":"https:\/\/api.w.org\/{rel}","templated":true}]}}