{"id":446737,"date":"2026-09-01T13:49:29","date_gmt":"2026-09-01T16:49:29","guid":{"rendered":"https:\/\/notinor.com\/jujuy\/?p=446737"},"modified":"2026-09-01T13:49:30","modified_gmt":"2026-09-01T16:49:30","slug":"comenzo-septiembre-cuando-llega-el-proximo-fin-de-semana-largo","status":"publish","type":"post","link":"https:\/\/notinor.com\/jujuy\/comenzo-septiembre-cuando-llega-el-proximo-fin-de-semana-largo\/","title":{"rendered":"Comenz\u00f3 septiembre: cu\u00e1ndo llega el pr\u00f3ximo fin de semana largo"},"content":{"rendered":"\n<p class=\"has-medium-font-size\"><strong><em>Mir\u00e1 cu\u00e1nto falta para el pr\u00f3ximo feriado y qu\u00e9 fechas especiales se celebran este mes<\/em><\/strong>.<\/p>\n\n\n\n<p class=\"has-text-align-center\"><img decoding=\"async\" src=\"https:\/\/images-tools.cadena3.com\/tools\/r\/99e84a74-b5b4-45d6-a61f-7f69d76ce981.jpg?width=1200&amp;height=674\" alt=\"archivo.\">Calendario<\/p>\n\n\n\n<p><strong>Septiembre<\/strong>&nbsp;arranca sin pausa en el calendario nacional. A diferencia de otros meses, este per\u00edodo no cuenta con ning\u00fan&nbsp;<strong>feriado<\/strong>&nbsp;ni&nbsp;<strong>d\u00eda no laborable<\/strong>&nbsp;a nivel general en&nbsp;<strong>Argentina<\/strong>, por lo que habr\u00e1 que esperar hasta&nbsp;<strong>octubre<\/strong>&nbsp;para disfrutar de un nuevo&nbsp;<strong>fin de semana largo<\/strong>.<\/p>\n\n\n\n<p>El \u00faltimo&nbsp;<strong>descanso patrio<\/strong>&nbsp;fue el&nbsp;<strong>17 de agosto<\/strong>. Quienes busquen un corte en la rutina deber\u00e1n agendar la pr\u00f3xima fecha oficial: el&nbsp;<strong>lunes 12 de octubre<\/strong>, cuando se conmemore el&nbsp;<strong>D\u00eda del Respeto a la Diversidad Cultural<\/strong>, generando as\u00ed un&nbsp;<strong>fin de semana<\/strong>&nbsp;de tres d\u00edas.<a href=\"https:\/\/www.cadena3.com\/noticia\/el-fin-de-una-era\/el-detras-de-la-carta-de-despedida-de-messi-segun-la-psicologia-y-la-grafologia_589370\"><\/a><\/p>\n\n\n\n<p><strong>Fechas especiales y d\u00edas no laborables de septiembre<\/strong><\/p>\n\n\n\n<p>Aunque no haya&nbsp;<strong>feriados nacionales<\/strong>,&nbsp;<strong>septiembre<\/strong>&nbsp;incluye celebraciones clave y jornadas no laborables para la comunidad&nbsp;<strong>jud\u00eda<\/strong>:<\/p>\n\n\n\n<p><strong>Rosh Hashan\u00e1<\/strong>&nbsp;(A\u00f1o Nuevo jud\u00edo): desde el atardecer del&nbsp;<strong>viernes 11<\/strong>&nbsp;hasta el atardecer del&nbsp;<strong>domingo 13 de septiembre<\/strong>&nbsp;(d\u00eda no laborable).<\/p>\n\n\n\n<p><strong>Yom Kipur<\/strong>&nbsp;(D\u00eda del Perd\u00f3n): desde el atardecer del&nbsp;<strong>domingo 20<\/strong>&nbsp;hasta el atardecer del&nbsp;<strong>lunes 21 de septiembre<\/strong>&nbsp;(d\u00eda no laborable).<\/p>\n\n\n\n<p><strong>11 de septiembre<\/strong>:&nbsp;<strong>D\u00eda del Maestro<\/strong>, en homenaje a&nbsp;<strong>Domingo Faustino Sarmiento<\/strong>&nbsp;(jornada con din\u00e1micas especiales en el \u00e1mbito educativo).<\/p>\n\n\n\n<p><strong>21 de septiembre<\/strong>:&nbsp;<strong>D\u00eda del Estudiante<\/strong>&nbsp;y comienzo de la&nbsp;<strong>primavera<\/strong>. Aunque no es feriado, genera encuentros recreativos e interrupciones de clases en niveles secundario y universitario.<\/p>\n\n\n\n<p><strong>Calendario de feriados restantes en 2026<\/strong><\/p>\n\n\n\n<p>Tras la pausa de&nbsp;<strong>septiembre<\/strong>, el tramo final del a\u00f1o concentra los \u00faltimos descansos del pa\u00eds:<\/p>\n\n\n\n<p><strong>Lunes 12 de octubre<\/strong>:&nbsp;<strong>D\u00eda del Respeto a la Diversidad Cultural<\/strong>.<\/p>\n\n\n\n<p><strong>Viernes 20 a lunes 23 de noviembre<\/strong>:&nbsp;<strong>D\u00eda de la Soberan\u00eda Nacional<\/strong>&nbsp;(trasladado al&nbsp;<strong>lunes 23<\/strong>, conformando un&nbsp;<strong>fin de semana largo<\/strong>&nbsp;de tres d\u00edas).<\/p>\n\n\n\n<p><strong>Lunes 7<\/strong>&nbsp;y&nbsp;<strong>martes 8 de diciembre<\/strong>:&nbsp;<strong>D\u00eda no laborable<\/strong>&nbsp;con fines tur\u00edsticos (<strong>7<\/strong>) y&nbsp;<strong>D\u00eda de la Inmaculada Concepci\u00f3n de Mar\u00eda<\/strong>&nbsp;(<strong>8<\/strong>), creando un&nbsp;<strong>puente de cuatro d\u00edas<\/strong>.<\/p>\n\n\n\n<p><strong>Viernes 25 de diciembre<\/strong>:&nbsp;<strong>Navidad<\/strong>&nbsp;(feriado inamovible).<\/p>\n","protected":false},"excerpt":{"rendered":"<p>Mir\u00e1 cu\u00e1nto falta para el pr\u00f3ximo feriado y qu\u00e9 fechas especiales se celebran este mes. Calendario Septiembre&nbsp;arranca sin pausa en el calendario nacional. A diferencia de otros meses, este per\u00edodo no cuenta con ning\u00fan&nbsp;feriado&nbsp;ni&nbsp;d\u00eda no laborable&nbsp;a nivel general en&nbsp;Argentina, por lo que habr\u00e1 que esperar hasta&nbsp;octubre&nbsp;para disfrutar de un nuevo&nbsp;fin de semana largo. El \u00faltimo&nbsp;descanso [&hellip;]<\/p>\n","protected":false},"author":5,"featured_media":446738,"comment_status":"open","ping_status":"open","sticky":false,"template":"","format":"standard","meta":{"_stopmodifiedupdate":false,"_modified_date":"","inline_featured_image":false},"categories":[5],"tags":[],"jetpack_featured_media_url":"https:\/\/notinor.com\/jujuy\/wp-content\/uploads\/2026\/09\/CALENDARIO-2026.jpg","_links":{"self":[{"href":"https:\/\/notinor.com\/jujuy\/wp-json\/wp\/v2\/posts\/446737"}],"collection":[{"href":"https:\/\/notinor.com\/jujuy\/wp-json\/wp\/v2\/posts"}],"about":[{"href":"https:\/\/notinor.com\/jujuy\/wp-json\/wp\/v2\/types\/post"}],"author":[{"embeddable":true,"href":"https:\/\/notinor.com\/jujuy\/wp-json\/wp\/v2\/users\/5"}],"replies":[{"embeddable":true,"href":"https:\/\/notinor.com\/jujuy\/wp-json\/wp\/v2\/comments?post=446737"}],"version-history":[{"count":1,"href":"https:\/\/notinor.com\/jujuy\/wp-json\/wp\/v2\/posts\/446737\/revisions"}],"predecessor-version":[{"id":446739,"href":"https:\/\/notinor.com\/jujuy\/wp-json\/wp\/v2\/posts\/446737\/revisions\/446739"}],"wp:featuredmedia":[{"embeddable":true,"href":"https:\/\/notinor.com\/jujuy\/wp-json\/wp\/v2\/media\/446738"}],"wp:attachment":[{"href":"https:\/\/notinor.com\/jujuy\/wp-json\/wp\/v2\/media?parent=446737"}],"wp:term":[{"taxonomy":"category","embeddable":true,"href":"https:\/\/notinor.com\/jujuy\/wp-json\/wp\/v2\/categories?post=446737"},{"taxonomy":"post_tag","embeddable":true,"href":"https:\/\/notinor.com\/jujuy\/wp-json\/wp\/v2\/tags?post=446737"}],"curies":[{"name":"wp","href":"https:\/\/api.w.org\/{rel}","templated":true}]}}