{"id":446733,"date":"2026-09-01T13:40:01","date_gmt":"2026-09-01T16:40:01","guid":{"rendered":"https:\/\/notinor.com\/jujuy\/?p=446733"},"modified":"2026-09-01T13:40:02","modified_gmt":"2026-09-01T16:40:02","slug":"jujuy-y-australia-fortalecen-vinculos-y-avanzan-en-una-agenda-de-cooperacion-productiva","status":"publish","type":"post","link":"https:\/\/notinor.com\/jujuy\/jujuy-y-australia-fortalecen-vinculos-y-avanzan-en-una-agenda-de-cooperacion-productiva\/","title":{"rendered":"Jujuy y Australia fortalecen v\u00ednculos y avanzan en una agenda de cooperaci\u00f3n productiva"},"content":{"rendered":"\n<p class=\"has-medium-font-size\"><strong><em>El ministro de Desarrollo Econ\u00f3mico y Producci\u00f3n, Juan Carlos Abud, recibi\u00f3 a la embajadora de Australia en Argentina para analizar oportunidades de cooperaci\u00f3n.<\/em><\/strong><\/p>\n\n\n<div class=\"wp-block-image\">\n<figure class=\"aligncenter size-large\"><img decoding=\"async\" loading=\"lazy\" width=\"640\" height=\"480\" src=\"https:\/\/notinor.com\/jujuy\/wp-content\/uploads\/2026\/09\/ECONOMIA-640x480.webp\" alt=\"\" class=\"wp-image-446734\" srcset=\"https:\/\/notinor.com\/jujuy\/wp-content\/uploads\/2026\/09\/ECONOMIA-640x480.webp 640w, https:\/\/notinor.com\/jujuy\/wp-content\/uploads\/2026\/09\/ECONOMIA-487x365.webp 487w, https:\/\/notinor.com\/jujuy\/wp-content\/uploads\/2026\/09\/ECONOMIA-768x576.webp 768w, https:\/\/notinor.com\/jujuy\/wp-content\/uploads\/2026\/09\/ECONOMIA-750x563.webp 750w, https:\/\/notinor.com\/jujuy\/wp-content\/uploads\/2026\/09\/ECONOMIA-1140x855.webp 1140w, https:\/\/notinor.com\/jujuy\/wp-content\/uploads\/2026\/09\/ECONOMIA.webp 1200w\" sizes=\"(max-width: 640px) 100vw, 640px\" \/><\/figure><\/div>\n\n\n<p><\/p>\n\n\n\n<p id=\"p-1788265158389-27983\">El ministro de<strong>&nbsp;Desarrollo Econ\u00f3mico y Producci\u00f3n de Jujuy, Juan Carlos Abud, recibi\u00f3 a la embajadora de Australia en Argentina<\/strong>, Sarah Louise Roberts, en el marco de su primera visita oficial a la provincia. Durante el encuentro se analizaron las similitudes entre las estructuras productivas de Jujuy y Australia y las oportunidades de cooperaci\u00f3n en sectores estrat\u00e9gicos para el desarrollo econ\u00f3mico.<\/p>\n\n\n\n<p id=\"p-1788265158389-27793\">\u201cRecibimos a la embajadora en el Ministerio de Producci\u00f3n y pudimos hablar de la econom\u00eda y de la producci\u00f3n de la provincia de Jujuy, que son producciones similares, salvando las distancias. Es un pa\u00eds muy grande, muy amplio, pero con muchas similitudes con la econom\u00eda de la provincia de Jujuy\u201d, destac\u00f3 Abud.<\/p>\n\n\n\n<p id=\"p-1788265158389-44848\">Durante la reuni\u00f3n se abordaron distintas posibilidades de articulaci\u00f3n y asistencia rec\u00edproca, con especial inter\u00e9s en sectores como los servicios vinculados a la miner\u00eda, la vitivinicultura y otros esquemas productivos en los que ambas partes identifican oportunidades de intercambio de experiencias, conocimiento y desarrollo.<\/p>\n\n\n\n<p id=\"p-1788265158389-13830\">En este sentido, el ministro puso en valor el potencial de Jujuy para profundizar sus v\u00ednculos internacionales a partir de su matriz productiva y del desarrollo de capacidades locales. \u201cTenemos mucho para aprender y tambi\u00e9n mucho para ofrecer. Jujuy cuenta con profesionales, t\u00e9cnicos y mano de obra especializada que pueden responder a demandas cada vez m\u00e1s espec\u00edficas de mercados internacionales\u201d, se\u00f1al\u00f3.<\/p>\n\n\n\n<p><strong>Desarrollo del talento local<\/strong><\/p>\n\n\n\n<p id=\"p-1788265158389-94000\">Uno de los aspectos destacados del encuentro fue el inter\u00e9s en<strong>&nbsp;fortalecer la capacitaci\u00f3n y el desarrollo del talento local<\/strong>, especialmente a partir de las capacidades de los profesionales formados en la Universidad Nacional de Jujuy, que podr\u00edan contribuir a atender demandas t\u00e9cnicas y operativas del mercado australiano.&nbsp;<\/p>\n\n\n\n<p id=\"p-1788265158389-97494\">\u201cHay una oportunidad muy importante en la capacitaci\u00f3n, en nuestros profesionales y en el talento que tenemos en Jujuy. La Universidad Nacional de Jujuy forma recursos humanos con una gran preparaci\u00f3n y queremos que esas capacidades tambi\u00e9n puedan abrir nuevas oportunidades para nuestros j\u00f3venes\u201d, afirm\u00f3.&nbsp;<\/p>\n\n\n\n<p id=\"p-1788265158389-50122\">Finalmente, las autoridades acordaron avanzar en la definici\u00f3n de una agenda de trabajo conjunta y concretar un nuevo encuentro, con el objetivo de profundizar las l\u00edneas de cooperaci\u00f3n y transformar los v\u00ednculos institucionales en oportunidades concretas para el sector productivo juje\u00f1o.&nbsp;<\/p>\n\n\n\n<p id=\"p-1788265158389-55206\">Participaron de la reuni\u00f3n los secretarios de Desarrollo Industrial y Comercial; y de Vitivinicultura, Diego Su\u00e1rez y Rodrigo Corbal\u00e1n; la secretaria de Integraci\u00f3n Regional y Relaciones Internacionales, Bel\u00e9n Pastrana y la directora de agencias de Comercializaci\u00f3n, Constanza Leonarduzzi.&nbsp;<\/p>\n","protected":false},"excerpt":{"rendered":"<p>El ministro de Desarrollo Econ\u00f3mico y Producci\u00f3n, Juan Carlos Abud, recibi\u00f3 a la embajadora de Australia en Argentina para analizar oportunidades de cooperaci\u00f3n. El ministro de&nbsp;Desarrollo Econ\u00f3mico y Producci\u00f3n de Jujuy, Juan Carlos Abud, recibi\u00f3 a la embajadora de Australia en Argentina, Sarah Louise Roberts, en el marco de su primera visita oficial a la [&hellip;]<\/p>\n","protected":false},"author":5,"featured_media":446735,"comment_status":"open","ping_status":"open","sticky":false,"template":"","format":"standard","meta":{"_stopmodifiedupdate":false,"_modified_date":"","inline_featured_image":false},"categories":[676],"tags":[],"jetpack_featured_media_url":"https:\/\/notinor.com\/jujuy\/wp-content\/uploads\/2026\/09\/economia1.webp","_links":{"self":[{"href":"https:\/\/notinor.com\/jujuy\/wp-json\/wp\/v2\/posts\/446733"}],"collection":[{"href":"https:\/\/notinor.com\/jujuy\/wp-json\/wp\/v2\/posts"}],"about":[{"href":"https:\/\/notinor.com\/jujuy\/wp-json\/wp\/v2\/types\/post"}],"author":[{"embeddable":true,"href":"https:\/\/notinor.com\/jujuy\/wp-json\/wp\/v2\/users\/5"}],"replies":[{"embeddable":true,"href":"https:\/\/notinor.com\/jujuy\/wp-json\/wp\/v2\/comments?post=446733"}],"version-history":[{"count":1,"href":"https:\/\/notinor.com\/jujuy\/wp-json\/wp\/v2\/posts\/446733\/revisions"}],"predecessor-version":[{"id":446736,"href":"https:\/\/notinor.com\/jujuy\/wp-json\/wp\/v2\/posts\/446733\/revisions\/446736"}],"wp:featuredmedia":[{"embeddable":true,"href":"https:\/\/notinor.com\/jujuy\/wp-json\/wp\/v2\/media\/446735"}],"wp:attachment":[{"href":"https:\/\/notinor.com\/jujuy\/wp-json\/wp\/v2\/media?parent=446733"}],"wp:term":[{"taxonomy":"category","embeddable":true,"href":"https:\/\/notinor.com\/jujuy\/wp-json\/wp\/v2\/categories?post=446733"},{"taxonomy":"post_tag","embeddable":true,"href":"https:\/\/notinor.com\/jujuy\/wp-json\/wp\/v2\/tags?post=446733"}],"curies":[{"name":"wp","href":"https:\/\/api.w.org\/{rel}","templated":true}]}}