{"id":446719,"date":"2026-08-31T22:28:00","date_gmt":"2026-09-01T01:28:00","guid":{"rendered":"https:\/\/notinor.com\/jujuy\/?p=446719"},"modified":"2026-08-31T10:28:00","modified_gmt":"2026-08-31T10:28:00","slug":"el-cpv-de-barrio-belgrano-celebro-el-dia-del-nino-con-una-jornada-de-juegos-regalos-y-encuentro-comunitario","status":"publish","type":"post","link":"https:\/\/notinor.com\/jujuy\/el-cpv-de-barrio-belgrano-celebro-el-dia-del-nino-con-una-jornada-de-juegos-regalos-y-encuentro-comunitario\/","title":{"rendered":"El CPV de barrio Belgrano celebr\u00f3 el D\u00eda del Ni\u00f1o con una jornada de juegos, regalos y encuentro comunitario"},"content":{"rendered":"\n<p class=\"has-medium-font-size\"><strong><em>Con una jornada pensada especialmente para las infancias, el Centro de Participaci\u00f3n Vecinal (CPV) de barrio Belgrano llev\u00f3 adelante los festejos por el D\u00eda del Ni\u00f1o, en un encuentro que reuni\u00f3 a familias, referentes barriales e instituciones municipales. La propuesta incluy\u00f3 actividades recreativas, juegos, m\u00fasica, sorteos, regalos y una merienda para compartir.<\/em><\/strong><\/p>\n\n\n<div class=\"wp-block-image\">\n<figure class=\"aligncenter\"><img decoding=\"async\" src=\"https:\/\/www.sansalvadordejujuy.gob.ar\/wp-content\/uploads\/2026\/08\/cpv3-1024x576.jpeg\" alt=\"\" class=\"wp-image-110096\"\/><\/figure><\/div>\n\n\n<p><\/p>\n\n\n\n<p>El administrador del CPV, <strong>Fabio Garnica<\/strong>, destac\u00f3 la participaci\u00f3n y el acompa\u00f1amiento de distintos sectores de la comunidad durante la celebraci\u00f3n, \u201cfestejamos el D\u00eda del Ni\u00f1o en el CPV, nos acompa\u00f1aron instituciones municipales como la Direcci\u00f3n de Adultos Mayores, el CDI Santa Rita, referentes de diferentes barrios, como <strong>Doris Salazar<\/strong>, <strong>Cristina Choqui<\/strong>, <strong>Gabriel Garnica,<\/strong> la concejala <strong>Blanca Ontiveros,<\/strong> la delegada del asentamiento, <strong>Amalia Gonz\u00e1lez, M\u00f3nica Cruz<\/strong>, referente de San Mart\u00edn\u201d.<\/p>\n\n\n<div class=\"wp-block-image\">\n<figure class=\"aligncenter\"><img decoding=\"async\" src=\"https:\/\/www.sansalvadordejujuy.gob.ar\/wp-content\/uploads\/2026\/08\/cpv-1024x576.jpeg\" alt=\"\" class=\"wp-image-110099\"\/><\/figure><\/div>\n\n\n<p>Durante la jornada, ni\u00f1as y ni\u00f1os pudieron disfrutar de diversas propuestas recreativas que tuvieron como objetivo generar un espacio de diversi\u00f3n, integraci\u00f3n y encuentro familiar. En este sentido, Garnica detall\u00f3, \u201chubo juegos recreativos, pelotero, mete gol, cama el\u00e1stica, carrera de ni\u00f1as y ni\u00f1os, profesora de zumba, que tambi\u00e9n hizo bailar las madres. Tambi\u00e9n se entregaron regalos, hubo sorteos y se entregaron trofeos. Se dio chocolate con facturitas, bolsita de golosina, pochoclo, gelatina\u201d.<\/p>\n\n\n<div class=\"wp-block-image\">\n<figure class=\"aligncenter\"><img decoding=\"async\" src=\"https:\/\/www.sansalvadordejujuy.gob.ar\/wp-content\/uploads\/2026\/08\/cpv1-1024x771.jpeg\" alt=\"\" class=\"wp-image-110098\"\/><\/figure><\/div>\n\n\n<p><\/p>\n\n\n\n<p>La celebraci\u00f3n tambi\u00e9n tuvo un importante componente solidario, a partir de la colaboraci\u00f3n de vecinos que realizaron donaciones de indumentaria y calzado, permitiendo poner en marcha un espacio de intercambio destinado a las familias del sector. Al respecto, el administrador del CPV explic\u00f3, \u201cla gente don\u00f3 ropa, con eso se hizo un ropero comunitario, y la gente iba a retirar ropitas, zapatillas\u201d.<\/p>\n","protected":false},"excerpt":{"rendered":"<p>Con una jornada pensada especialmente para las infancias, el Centro de Participaci\u00f3n Vecinal (CPV) de barrio Belgrano llev\u00f3 adelante los festejos por el D\u00eda del Ni\u00f1o, en un encuentro que reuni\u00f3 a familias, referentes barriales e instituciones municipales. La propuesta incluy\u00f3 actividades recreativas, juegos, m\u00fasica, sorteos, regalos y una merienda para compartir. El administrador del [&hellip;]<\/p>\n","protected":false},"author":5,"featured_media":446720,"comment_status":"open","ping_status":"open","sticky":false,"template":"","format":"standard","meta":{"_stopmodifiedupdate":false,"_modified_date":"","inline_featured_image":false},"categories":[13],"tags":[],"jetpack_featured_media_url":"https:\/\/notinor.com\/jujuy\/wp-content\/uploads\/2026\/09\/FESTEJO.jpg","_links":{"self":[{"href":"https:\/\/notinor.com\/jujuy\/wp-json\/wp\/v2\/posts\/446719"}],"collection":[{"href":"https:\/\/notinor.com\/jujuy\/wp-json\/wp\/v2\/posts"}],"about":[{"href":"https:\/\/notinor.com\/jujuy\/wp-json\/wp\/v2\/types\/post"}],"author":[{"embeddable":true,"href":"https:\/\/notinor.com\/jujuy\/wp-json\/wp\/v2\/users\/5"}],"replies":[{"embeddable":true,"href":"https:\/\/notinor.com\/jujuy\/wp-json\/wp\/v2\/comments?post=446719"}],"version-history":[{"count":1,"href":"https:\/\/notinor.com\/jujuy\/wp-json\/wp\/v2\/posts\/446719\/revisions"}],"predecessor-version":[{"id":446721,"href":"https:\/\/notinor.com\/jujuy\/wp-json\/wp\/v2\/posts\/446719\/revisions\/446721"}],"wp:featuredmedia":[{"embeddable":true,"href":"https:\/\/notinor.com\/jujuy\/wp-json\/wp\/v2\/media\/446720"}],"wp:attachment":[{"href":"https:\/\/notinor.com\/jujuy\/wp-json\/wp\/v2\/media?parent=446719"}],"wp:term":[{"taxonomy":"category","embeddable":true,"href":"https:\/\/notinor.com\/jujuy\/wp-json\/wp\/v2\/categories?post=446719"},{"taxonomy":"post_tag","embeddable":true,"href":"https:\/\/notinor.com\/jujuy\/wp-json\/wp\/v2\/tags?post=446719"}],"curies":[{"name":"wp","href":"https:\/\/api.w.org\/{rel}","templated":true}]}}