{"id":446716,"date":"2026-08-31T22:16:00","date_gmt":"2026-09-01T01:16:00","guid":{"rendered":"https:\/\/notinor.com\/jujuy\/?p=446716"},"modified":"2026-08-31T10:16:00","modified_gmt":"2026-08-31T10:16:00","slug":"invitan-al-taller-lo-que-aprendi-que-debia-ser-para-reflexionar-sobre-exigencias-y-mandatos","status":"publish","type":"post","link":"https:\/\/notinor.com\/jujuy\/invitan-al-taller-lo-que-aprendi-que-debia-ser-para-reflexionar-sobre-exigencias-y-mandatos\/","title":{"rendered":"Invitan al taller \u201cLo que aprend\u00ed que deb\u00eda ser\u201d para reflexionar sobre exigencias y mandatos"},"content":{"rendered":"\n<p class=\"has-medium-font-size\"><strong><em>El Departamento de Salud Mental de la Municipalidad de San Salvador de Jujuy invita a participar del taller \u201cLo que aprend\u00ed que deb\u00eda ser. Cuando las exigencias empiezan a ocupar demasiado espacio en tu vida\u201d, un espacio destinado a reconocer exigencias, cuestionar mandatos y recuperar la posibilidad de elegir desde las propias necesidades y deseos.<\/em><\/strong><\/p>\n\n\n<div class=\"wp-block-image\">\n<figure class=\"aligncenter\"><img decoding=\"async\" src=\"https:\/\/www.sansalvadordejujuy.gob.ar\/wp-content\/uploads\/2026\/08\/TALLER-1-819x1024.jpeg\" alt=\"\" class=\"wp-image-110084\"\/><\/figure><\/div>\n\n\n<p><\/p>\n\n\n\n<p>La propuesta se llevar\u00e1 a cabo el mi\u00e9rcoles 2 de septiembre, de 9 a 11 horas, en las oficinas de la Direcci\u00f3n de Turismo, ubicadas en Necochea 546. Los interesados en participar deben presentarse 15 min antes en el lugar del taller<\/p>\n\n\n\n<p>Desde el \u00e1rea municipal explicaron que el taller propone reflexionar sobre aquellas expectativas, mandatos y \u201cdeber\u00edas\u201d que las personas incorporan a lo largo de su historia y que, muchas veces sin advertirlo, pueden condicionar la manera de ser y actuar.<\/p>\n\n\n\n<p>Durante el encuentro se buscar\u00e1 identificar esas exigencias, cuestionar aquellas que ya no representan a cada persona y recuperar la posibilidad de elegir de acuerdo con las propias necesidades y deseos.<\/p>\n\n\n\n<p>En este sentido, la actividad propone abrir un espacio de reflexi\u00f3n a partir de preguntas como: \u00bfQu\u00e9 aprend\u00ed que deb\u00eda ser? \u00bfQu\u00e9 expectativas llevo sobre m\u00ed? \u00bfCu\u00e1les son realmente m\u00edas y cu\u00e1les hered\u00e9? \u00bfQu\u00e9 pasa cuando dejo de exigirme tanto? \u00bfQui\u00e9n puedo ser cuando me doy permiso para elegir?<\/p>\n\n\n\n<p>Asimismo, el taller ser\u00e1 una oportunidad para revisar y soltar algunos \u201cdeber\u00eda\u201d, favoreciendo un acercamiento m\u00e1s consciente a quienes somos, desde una mirada de reflexi\u00f3n y autoconocimiento.<\/p>\n\n\n\n<p>La actividad estar\u00e1 a cargo de la Lic.<strong> Marianela Mart\u00edn,<\/strong> psic\u00f3loga MP 599, y la Lic. <strong>Eugenia Martiarena,<\/strong> psic\u00f3loga MP 452. Las personas interesadas en participar deber\u00e1n acercarse 15 minutos antes del inicio.<\/p>\n","protected":false},"excerpt":{"rendered":"<p>El Departamento de Salud Mental de la Municipalidad de San Salvador de Jujuy invita a participar del taller \u201cLo que aprend\u00ed que deb\u00eda ser. Cuando las exigencias empiezan a ocupar demasiado espacio en tu vida\u201d, un espacio destinado a reconocer exigencias, cuestionar mandatos y recuperar la posibilidad de elegir desde las propias necesidades y deseos. [&hellip;]<\/p>\n","protected":false},"author":5,"featured_media":446717,"comment_status":"open","ping_status":"open","sticky":false,"template":"","format":"standard","meta":{"_stopmodifiedupdate":false,"_modified_date":"","inline_featured_image":false},"categories":[13],"tags":[],"jetpack_featured_media_url":"https:\/\/notinor.com\/jujuy\/wp-content\/uploads\/2026\/09\/PROPUESTA.jpg","_links":{"self":[{"href":"https:\/\/notinor.com\/jujuy\/wp-json\/wp\/v2\/posts\/446716"}],"collection":[{"href":"https:\/\/notinor.com\/jujuy\/wp-json\/wp\/v2\/posts"}],"about":[{"href":"https:\/\/notinor.com\/jujuy\/wp-json\/wp\/v2\/types\/post"}],"author":[{"embeddable":true,"href":"https:\/\/notinor.com\/jujuy\/wp-json\/wp\/v2\/users\/5"}],"replies":[{"embeddable":true,"href":"https:\/\/notinor.com\/jujuy\/wp-json\/wp\/v2\/comments?post=446716"}],"version-history":[{"count":1,"href":"https:\/\/notinor.com\/jujuy\/wp-json\/wp\/v2\/posts\/446716\/revisions"}],"predecessor-version":[{"id":446718,"href":"https:\/\/notinor.com\/jujuy\/wp-json\/wp\/v2\/posts\/446716\/revisions\/446718"}],"wp:featuredmedia":[{"embeddable":true,"href":"https:\/\/notinor.com\/jujuy\/wp-json\/wp\/v2\/media\/446717"}],"wp:attachment":[{"href":"https:\/\/notinor.com\/jujuy\/wp-json\/wp\/v2\/media?parent=446716"}],"wp:term":[{"taxonomy":"category","embeddable":true,"href":"https:\/\/notinor.com\/jujuy\/wp-json\/wp\/v2\/categories?post=446716"},{"taxonomy":"post_tag","embeddable":true,"href":"https:\/\/notinor.com\/jujuy\/wp-json\/wp\/v2\/tags?post=446716"}],"curies":[{"name":"wp","href":"https:\/\/api.w.org\/{rel}","templated":true}]}}