{"id":446713,"date":"2026-09-01T09:46:47","date_gmt":"2026-09-01T12:46:47","guid":{"rendered":"https:\/\/notinor.com\/jujuy\/?p=446713"},"modified":"2026-09-01T09:47:18","modified_gmt":"2026-09-01T12:47:18","slug":"el-miercoles-2-ejesa-realizara-tareas-programadas-para-mejoras-en-el-servicio-electrico-en-zonas-de-santa-clara-el-carmen-y-puesto-del-marquez","status":"publish","type":"post","link":"https:\/\/notinor.com\/jujuy\/el-miercoles-2-ejesa-realizara-tareas-programadas-para-mejoras-en-el-servicio-electrico-en-zonas-de-santa-clara-el-carmen-y-puesto-del-marquez\/","title":{"rendered":"El mi\u00e9rcoles 2, EJESA realizar\u00e1 tareas programadas para mejoras en el servicio el\u00e9ctrico en zonas de Santa Clara, El Carmen y Puesto del Marquez"},"content":{"rendered":"\n<p class=\"has-medium-font-size\"><em><strong>Les informamos que, con el objetivo de&nbsp;elevar la calidad del servicio el\u00e9ctrico, se llevar\u00e1n adelante&nbsp;tareas programadas de mantenimiento y mejoras destinadas a fortalecer la calidad y confiabilidad del servicio el\u00e9ctrico. Para su correcta ejecuci\u00f3n, ser\u00e1 necesario realizar&nbsp;una interrupci\u00f3n programada del suministro&nbsp;en las siguientes zonas y horarios:<\/strong><\/em><\/p>\n\n\n<div class=\"wp-block-image\">\n<figure class=\"aligncenter size-full is-resized\"><img decoding=\"async\" loading=\"lazy\" src=\"https:\/\/notinor.com\/jujuy\/wp-content\/uploads\/2022\/11\/SANTA-CLARA.jpg\" alt=\"\" class=\"wp-image-363797\" width=\"776\" height=\"502\" srcset=\"https:\/\/notinor.com\/jujuy\/wp-content\/uploads\/2022\/11\/SANTA-CLARA.jpg 700w, https:\/\/notinor.com\/jujuy\/wp-content\/uploads\/2022\/11\/SANTA-CLARA-564x365.jpg 564w\" sizes=\"(max-width: 776px) 100vw, 776px\" \/><\/figure><\/div>\n\n\n<p><\/p>\n\n\n\n<p>\ud83d\udcc5 <strong>MI\u00c9RCOLES 02 de Septiembre 2026<\/strong><\/p>\n\n\n\n<p>\ud83d\udccd<strong>SANTA CLARA<\/strong>: Fincas Franzini y zonas aleda\u00f1as.<\/p>\n\n\n\n<p>\ud83d\udd50 <strong>Horario estimado<\/strong>: de 08:30 a 14:00 Hs. aproximadamente.<\/p>\n\n\n<div class=\"wp-block-image\">\n<figure class=\"aligncenter size-large is-resized\"><img decoding=\"async\" loading=\"lazy\" src=\"https:\/\/notinor.com\/jujuy\/wp-content\/uploads\/2026\/07\/EL-cARMEN-1-840x413.jpg\" alt=\"\" class=\"wp-image-445386\" width=\"822\" height=\"404\" srcset=\"https:\/\/notinor.com\/jujuy\/wp-content\/uploads\/2026\/07\/EL-cARMEN-1-840x413.jpg 840w, https:\/\/notinor.com\/jujuy\/wp-content\/uploads\/2026\/07\/EL-cARMEN-1-660x324.jpg 660w, https:\/\/notinor.com\/jujuy\/wp-content\/uploads\/2026\/07\/EL-cARMEN-1-768x377.jpg 768w, https:\/\/notinor.com\/jujuy\/wp-content\/uploads\/2026\/07\/EL-cARMEN-1-750x368.jpg 750w, https:\/\/notinor.com\/jujuy\/wp-content\/uploads\/2026\/07\/EL-cARMEN-1.jpg 961w\" sizes=\"(max-width: 822px) 100vw, 822px\" \/><\/figure><\/div>\n\n\n<p><\/p>\n\n\n\n<p>\ud83d\udccd<strong>EL CARMEN<\/strong>: B\u00b0 Parque Las Maderas, Camping Las Pircas y zonas aleda\u00f1as.<\/p>\n\n\n\n<p>\ud83d\udd50 <strong>Horario estimado<\/strong>: de 09:00 a 14:00 Hs. aproximadamente.<\/p>\n\n\n<div class=\"wp-block-image\">\n<figure class=\"aligncenter size-full is-resized\"><img decoding=\"async\" loading=\"lazy\" src=\"https:\/\/notinor.com\/jujuy\/wp-content\/uploads\/2024\/05\/PUESTO-DEL-MARQUEZ-LOC.jpg\" alt=\"\" class=\"wp-image-408183\" width=\"799\" height=\"458\" srcset=\"https:\/\/notinor.com\/jujuy\/wp-content\/uploads\/2024\/05\/PUESTO-DEL-MARQUEZ-LOC.jpg 750w, https:\/\/notinor.com\/jujuy\/wp-content\/uploads\/2024\/05\/PUESTO-DEL-MARQUEZ-LOC-637x365.jpg 637w\" sizes=\"(max-width: 799px) 100vw, 799px\" \/><\/figure><\/div>\n\n\n<p><\/p>\n\n\n\n<p>\ud83d\udccd<strong>PUESTO DEL MARQUEZ<\/strong>: Llameria y zonas aleda\u00f1as.<\/p>\n\n\n\n<p>&nbsp;\ud83d\udd50 <strong>Horario estimado<\/strong>: de 09:30 a 14:00 Hs. aproximadamente.<\/p>\n\n\n\n<p>&nbsp;El suministro se restablecer\u00e1 autom\u00e1ticamente una vez finalizadas las tareas, desenfuch\u00e1 los artefactos que no sean de primera necesidad para evitar inconvenientes.<\/p>\n\n\n\n<p>Estas mejoras forman parte del plan de inversi\u00f3n y mantenimiento para optimizar la calidad del servicio el\u00e9ctrico.<\/p>\n\n\n\n<p>Les agradecemos&nbsp;<strong>la difusi\u00f3n de esta informaci\u00f3n a la comunidad<\/strong>, para que los\/as usuarios\/as puedan&nbsp;<strong>tomar las precauciones necesarias<\/strong>&nbsp;durante el per\u00edodo mencionado. Ante cualquier duda o requerimiento, recordamos que la comunidad puede comunicarse a trav\u00e9s de nuestros&nbsp;<strong>canales oficiales de atenci\u00f3n disponibles las 24 horas<\/strong>:<br>&nbsp;\ud83d\udd17&nbsp;<a href=\"https:\/\/linktr.ee\/ejesaSUS\" target=\"_blank\" rel=\"noreferrer noopener\"><u>https:\/\/linktr.ee\/ejesaSUS<\/u><\/a><\/p>\n","protected":false},"excerpt":{"rendered":"<p>Les informamos que, con el objetivo de&nbsp;elevar la calidad del servicio el\u00e9ctrico, se llevar\u00e1n adelante&nbsp;tareas programadas de mantenimiento y mejoras destinadas a fortalecer la calidad y confiabilidad del servicio el\u00e9ctrico. Para su correcta ejecuci\u00f3n, ser\u00e1 necesario realizar&nbsp;una interrupci\u00f3n programada del suministro&nbsp;en las siguientes zonas y horarios: \ud83d\udcc5 MI\u00c9RCOLES 02 de Septiembre 2026 \ud83d\udccdSANTA CLARA: Fincas [&hellip;]<\/p>\n","protected":false},"author":5,"featured_media":435824,"comment_status":"open","ping_status":"open","sticky":false,"template":"","format":"standard","meta":{"_stopmodifiedupdate":false,"_modified_date":"","inline_featured_image":false},"categories":[4],"tags":[],"jetpack_featured_media_url":"https:\/\/notinor.com\/jujuy\/wp-content\/uploads\/2025\/11\/ejesa-cortes.jpg","_links":{"self":[{"href":"https:\/\/notinor.com\/jujuy\/wp-json\/wp\/v2\/posts\/446713"}],"collection":[{"href":"https:\/\/notinor.com\/jujuy\/wp-json\/wp\/v2\/posts"}],"about":[{"href":"https:\/\/notinor.com\/jujuy\/wp-json\/wp\/v2\/types\/post"}],"author":[{"embeddable":true,"href":"https:\/\/notinor.com\/jujuy\/wp-json\/wp\/v2\/users\/5"}],"replies":[{"embeddable":true,"href":"https:\/\/notinor.com\/jujuy\/wp-json\/wp\/v2\/comments?post=446713"}],"version-history":[{"count":2,"href":"https:\/\/notinor.com\/jujuy\/wp-json\/wp\/v2\/posts\/446713\/revisions"}],"predecessor-version":[{"id":446715,"href":"https:\/\/notinor.com\/jujuy\/wp-json\/wp\/v2\/posts\/446713\/revisions\/446715"}],"wp:featuredmedia":[{"embeddable":true,"href":"https:\/\/notinor.com\/jujuy\/wp-json\/wp\/v2\/media\/435824"}],"wp:attachment":[{"href":"https:\/\/notinor.com\/jujuy\/wp-json\/wp\/v2\/media?parent=446713"}],"wp:term":[{"taxonomy":"category","embeddable":true,"href":"https:\/\/notinor.com\/jujuy\/wp-json\/wp\/v2\/categories?post=446713"},{"taxonomy":"post_tag","embeddable":true,"href":"https:\/\/notinor.com\/jujuy\/wp-json\/wp\/v2\/tags?post=446713"}],"curies":[{"name":"wp","href":"https:\/\/api.w.org\/{rel}","templated":true}]}}