{"id":446704,"date":"2026-09-01T00:15:26","date_gmt":"2026-09-01T03:15:26","guid":{"rendered":"https:\/\/notinor.com\/jujuy\/?p=446704"},"modified":"2026-09-01T00:15:27","modified_gmt":"2026-09-01T03:15:27","slug":"medicina-en-jujuy-comienza-la-preinscripcion-para-la-segunda-cohorte-de-la-carrera","status":"publish","type":"post","link":"https:\/\/notinor.com\/jujuy\/medicina-en-jujuy-comienza-la-preinscripcion-para-la-segunda-cohorte-de-la-carrera\/","title":{"rendered":"Medicina en Jujuy: comienza la preinscripci\u00f3n para la segunda cohorte de la carrera"},"content":{"rendered":"\n<p class=\"has-medium-font-size\"><strong><em>La inscripci\u00f3n ser\u00e1 virtual y estar\u00e1 abierta hasta el 27 de septiembre. El curso de ingreso comenzar\u00e1 luego de la preinscripci\u00f3n, tendr\u00e1 una duraci\u00f3n de tres meses y ser\u00e1 completamente virtual.<\/em><\/strong><\/p>\n\n\n\n<p><\/p>\n\n\n<div class=\"wp-block-image\">\n<figure class=\"aligncenter size-full\"><img decoding=\"async\" loading=\"lazy\" width=\"800\" height=\"450\" src=\"https:\/\/notinor.com\/jujuy\/wp-content\/uploads\/2026\/09\/carrera-de-medicina-en-jujuy.jpg\" alt=\"\" class=\"wp-image-446705\" srcset=\"https:\/\/notinor.com\/jujuy\/wp-content\/uploads\/2026\/09\/carrera-de-medicina-en-jujuy.jpg 800w, https:\/\/notinor.com\/jujuy\/wp-content\/uploads\/2026\/09\/carrera-de-medicina-en-jujuy-649x365.jpg 649w, https:\/\/notinor.com\/jujuy\/wp-content\/uploads\/2026\/09\/carrera-de-medicina-en-jujuy-500x280.jpg 500w, https:\/\/notinor.com\/jujuy\/wp-content\/uploads\/2026\/09\/carrera-de-medicina-en-jujuy-768x432.jpg 768w, https:\/\/notinor.com\/jujuy\/wp-content\/uploads\/2026\/09\/carrera-de-medicina-en-jujuy-750x422.jpg 750w\" sizes=\"(max-width: 800px) 100vw, 800px\" \/><\/figure><\/div>\n\n\n<p><\/p>\n\n\n\n<p>La Agencia de Implementaci\u00f3n de la Carrera de Medicina inform\u00f3 que este martes 1 de septiembre comenzar\u00e1 la preinscripci\u00f3n para la segunda cohorte de la carrera de Medicina en Jujuy, proceso que se extender\u00e1 hasta el 27 de septiembre y se realizar\u00e1 de manera completamente virtual a trav\u00e9s de la Universidad Nacional de Jujuy (UNJu).<\/p>\n\n\n\n<p>El secretario ejecutivo de la Agencia, Antonio Buljubasich, destac\u00f3 la importancia de esta nueva instancia y convoc\u00f3 a los estudiantes de toda la provincia a considerar la carrera como una posibilidad de formaci\u00f3n profesional.<\/p>\n\n\n\n<p>\u201cCon mucha alegr\u00eda anunciamos que comienza la preinscripci\u00f3n. Es virtual y se va a extender hasta el 27 de septiembre, as\u00ed que hay tiempo suficiente para que los aspirantes accedan a la p\u00e1gina y comiencen con la preinscripci\u00f3n\u201d, se\u00f1al\u00f3.<\/p>\n\n\n\n<p>En cuanto a los requisitos, explic\u00f3 que los interesados deben tener el secundario completo, sin que se soliciten condiciones adicionales de complejidad.<\/p>\n\n\n\n<p><\/p>\n\n\n\n<p class=\"has-medium-font-size\"><strong>Buscan ampliar el acceso a la carrera de Medicina<\/strong><\/p>\n\n\n\n<p>Buljubasich remarc\u00f3 que uno de los objetivos de esta nueva convocatoria es estimular la vocaci\u00f3n por la medicina en distintos puntos de la provincia, especialmente entre estudiantes que no suelen considerar esta carrera como una alternativa posible. \u201cLo que estamos buscando es tratar de difundir la carrera en los lugares donde sabemos que existe cierto temor en la poblaci\u00f3n estudiantil, particularmente en los estudiantes de \u00faltimo a\u00f1o, de acceder a una carrera bastante compleja como lo es Medicina\u201d, explic\u00f3.<\/p>\n\n\n\n<p>En ese sentido, sostuvo que se busca \u201cdesmitificar la carrera de Medicina\u201d y acercar la propuesta a j\u00f3venes de toda la provincia. \u201cEs una carrera compleja, dificultosa, en el sentido de que requiere tiempo, estudio y esfuerzo, pero no es nada que no pueda hacer cualquiera de nuestros alumnos del secundario de toda la provincia\u201d, afirm\u00f3.<\/p>\n\n\n\n<p><\/p>\n\n\n\n<p class=\"has-medium-font-size\"><strong>Un proceso de ingreso completamente virtual<\/strong><\/p>\n\n\n\n<p>El funcionario record\u00f3 que en la primera convocatoria se registraron 4.000 preinscripciones, mientras que finalmente 2.500 aspirantes se presentaron al inicio del curso de ingreso. Luego de la etapa de preinscripci\u00f3n se desarrollar\u00e1 el curso de ingreso, que tendr\u00e1 una duraci\u00f3n aproximada de tres meses y estar\u00e1 compuesto por cinco m\u00f3dulos, con modalidad 100% virtual.<\/p>\n\n\n\n<p>Los aspirantes deber\u00e1n cursar y aprobar cada m\u00f3dulo de manera sucesiva para poder avanzar al siguiente. Quienes completen y aprueben la totalidad del proceso de ingreso quedar\u00e1n habilitados para rendir el examen final de ingreso previsto para el pr\u00f3ximo a\u00f1o.<\/p>\n\n\n\n<p><\/p>\n\n\n\n<p class=\"has-medium-font-size\"><strong>Seis becas completas para estudiantes del interior<\/strong><\/p>\n\n\n\n<p>Como parte de la pol\u00edtica orientada a ampliar las oportunidades de acceso a la carrera, el Gobierno de Jujuy implement\u00f3 un sistema de becas destinado a estudiantes de distintas regiones de la provincia. La propuesta contempla seis becas completas, equivalentes al 10% de los ingresantes, que incluyen alojamiento, vivienda y un estipendio destinado a cubrir los gastos necesarios para residir y estudiar en Ledesma.<\/p>\n\n\n\n<p>Buljubasich explic\u00f3 que el sistema busca priorizar a estudiantes que viven m\u00e1s alejados de la zona Centro de la provincia, con el objetivo de facilitar el acceso a la formaci\u00f3n universitaria y, posteriormente, favorecer su incorporaci\u00f3n al sistema de salud provincial. \u201cEsto est\u00e1 encuadrado dentro de una pol\u00edtica de educaci\u00f3n y de salud. Lo que tratamos es de ampliar la oferta y fundamentalmente llegar a sectores de la poblaci\u00f3n que no son tradicionalmente los que estudian Medicina\u201d, sostuvo.<\/p>\n\n\n\n<p>El acceso a la beca requiere, como condici\u00f3n indispensable, haber ingresado a la carrera. Entre los alumnos que superen el proceso de ingreso se realizar\u00e1 la selecci\u00f3n de los seis beneficiarios, teniendo en cuenta el lugar de residencia, el rendimiento acad\u00e9mico en el examen y una evaluaci\u00f3n socioecon\u00f3mica.<\/p>\n","protected":false},"excerpt":{"rendered":"<p>La inscripci\u00f3n ser\u00e1 virtual y estar\u00e1 abierta hasta el 27 de septiembre. El curso de ingreso comenzar\u00e1 luego de la preinscripci\u00f3n, tendr\u00e1 una duraci\u00f3n de tres meses y ser\u00e1 completamente virtual. La Agencia de Implementaci\u00f3n de la Carrera de Medicina inform\u00f3 que este martes 1 de septiembre comenzar\u00e1 la preinscripci\u00f3n para la segunda cohorte de [&hellip;]<\/p>\n","protected":false},"author":49,"featured_media":446705,"comment_status":"open","ping_status":"open","sticky":false,"template":"","format":"standard","meta":{"_stopmodifiedupdate":false,"_modified_date":"","inline_featured_image":false},"categories":[2,514],"tags":[],"jetpack_featured_media_url":"https:\/\/notinor.com\/jujuy\/wp-content\/uploads\/2026\/09\/carrera-de-medicina-en-jujuy.jpg","_links":{"self":[{"href":"https:\/\/notinor.com\/jujuy\/wp-json\/wp\/v2\/posts\/446704"}],"collection":[{"href":"https:\/\/notinor.com\/jujuy\/wp-json\/wp\/v2\/posts"}],"about":[{"href":"https:\/\/notinor.com\/jujuy\/wp-json\/wp\/v2\/types\/post"}],"author":[{"embeddable":true,"href":"https:\/\/notinor.com\/jujuy\/wp-json\/wp\/v2\/users\/49"}],"replies":[{"embeddable":true,"href":"https:\/\/notinor.com\/jujuy\/wp-json\/wp\/v2\/comments?post=446704"}],"version-history":[{"count":1,"href":"https:\/\/notinor.com\/jujuy\/wp-json\/wp\/v2\/posts\/446704\/revisions"}],"predecessor-version":[{"id":446706,"href":"https:\/\/notinor.com\/jujuy\/wp-json\/wp\/v2\/posts\/446704\/revisions\/446706"}],"wp:featuredmedia":[{"embeddable":true,"href":"https:\/\/notinor.com\/jujuy\/wp-json\/wp\/v2\/media\/446705"}],"wp:attachment":[{"href":"https:\/\/notinor.com\/jujuy\/wp-json\/wp\/v2\/media?parent=446704"}],"wp:term":[{"taxonomy":"category","embeddable":true,"href":"https:\/\/notinor.com\/jujuy\/wp-json\/wp\/v2\/categories?post=446704"},{"taxonomy":"post_tag","embeddable":true,"href":"https:\/\/notinor.com\/jujuy\/wp-json\/wp\/v2\/tags?post=446704"}],"curies":[{"name":"wp","href":"https:\/\/api.w.org\/{rel}","templated":true}]}}