{"id":446698,"date":"2026-08-31T15:28:34","date_gmt":"2026-08-31T18:28:34","guid":{"rendered":"https:\/\/notinor.com\/jujuy\/?p=446698"},"modified":"2026-08-31T15:28:35","modified_gmt":"2026-08-31T18:28:35","slug":"lali-esposito-se-despidio-de-la-solteria-a-puro-festejo-en-brasil","status":"publish","type":"post","link":"https:\/\/notinor.com\/jujuy\/lali-esposito-se-despidio-de-la-solteria-a-puro-festejo-en-brasil\/","title":{"rendered":"Lali Esp\u00f3sito se despidi\u00f3 de la solter\u00eda a puro festejo en Brasil"},"content":{"rendered":"\n<p class=\"has-medium-font-size\"><strong><em>Entre playa, baile y disfraces, la cantante disfrut\u00f3 de unos d\u00edas junto a sus amigas antes de dar el s\u00ed.<\/em><\/strong><\/p>\n\n\n<div class=\"wp-block-image\">\n<figure class=\"aligncenter\"><img decoding=\"async\" src=\"https:\/\/i0.wp.com\/www.elsol.com.ar\/wp-content\/uploads\/2026\/08\/image-1-5.jpg?fit=780%2C1040&amp;ssl=1\" alt=\"\"\/><figcaption class=\"wp-element-caption\">Lali junto a sus amigas<\/figcaption><\/figure><\/div>\n\n\n<p><strong>Lali Esp\u00f3sito<\/strong>&nbsp;eligi\u00f3&nbsp;<strong>R\u00edo de Janeiro para celebrar su despedida de soltera<\/strong>&nbsp;junto a un grupo de amigas. Durante el viaje hubo playa, noches de fiesta, disfraces y un detalle que tuvo como protagonista a su futuro esposo,&nbsp;<strong>Pedro Rosemblat<\/strong>.<\/p>\n\n\n\n<p>Aunque la cantante no confirm\u00f3 p\u00fablicamente que se tratara de su despedida, las im\u00e1genes que compartieron sus amigas en redes sociales dejaron pocas dudas sobre el motivo de la celebraci\u00f3n.<\/p>\n\n\n<div class=\"wp-block-image\">\n<figure class=\"aligncenter\"><img decoding=\"async\" src=\"https:\/\/i0.wp.com\/www.elsol.com.ar\/wp-content\/uploads\/2026\/08\/image-3-2.jpg?resize=780%2C1040&amp;ssl=1\" alt=\"\" class=\"wp-image-2252953\"\/><figcaption class=\"wp-element-caption\">Lali junto a sus amigas<\/figcaption><\/figure><\/div>\n\n\n<p>Entre las invitadas estuvieron&nbsp;<strong>Mery del Cerro, Justina Bustos y Cande Vetrano<\/strong>, quienes publicaron distintas postales de los d\u00edas que pasaron juntas en Brasil.<\/p>\n\n\n\n<p><strong>Disfrazadas de conejitas y de fiesta<\/strong><\/p>\n\n\n\n<p>Uno de los momentos que m\u00e1s llam\u00f3 la atenci\u00f3n fue la particular tem\u00e1tica que eligieron para una de las noches.&nbsp;<strong>Lali y sus amigas se disfrazaron de conejitas<\/strong>&nbsp;y sumaron accesorios vinculados con la novia para completar el look.<\/p>\n\n\n\n<p>El festejo continu\u00f3 en un boliche de R\u00edo de Janeiro, donde la artista fue reconocida por algunos de los presentes. All\u00ed&nbsp;<strong>bail\u00f3, pos\u00f3 para fotos y disfrut\u00f3 de la noche junto a su grupo de amigas<\/strong>.<\/p>\n\n\n<div class=\"wp-block-image\">\n<figure class=\"aligncenter\"><img decoding=\"async\" src=\"https:\/\/i0.wp.com\/www.elsol.com.ar\/wp-content\/uploads\/2026\/08\/image-253.png?resize=780%2C1040&amp;ssl=1\" alt=\"\" class=\"wp-image-2252954\"\/><\/figure><\/div>\n\n\n<p>Durante el viaje tambi\u00e9n hubo tiempo para relajarse en la playa y compartir distintas im\u00e1genes de la escapada.<\/p>\n\n\n\n<p><strong>El gui\u00f1o a Pedro Rosemblat<\/strong><\/p>\n\n\n\n<p>La celebraci\u00f3n tuvo adem\u00e1s un detalle dedicado al futuro esposo de Lali. Varias de las integrantes del grupo&nbsp;<strong>posaron con caretas de Pedro Rosemblat<\/strong>, en una de las escenas m\u00e1s llamativas de la despedida.<\/p>\n\n\n\n<p>El periodista y la cantante anunciaron su casamiento a comienzos de este a\u00f1o y desde entonces sus seguidores siguen de cerca cada detalle de la relaci\u00f3n.<\/p>\n\n\n<div class=\"wp-block-image\">\n<figure class=\"aligncenter\"><img decoding=\"async\" src=\"https:\/\/i0.wp.com\/www.elsol.com.ar\/wp-content\/uploads\/2026\/08\/image-252.png?resize=780%2C1040&amp;ssl=1\" alt=\"\" class=\"wp-image-2252951\"\/><\/figure><\/div>\n\n\n<p>Por el momento,&nbsp;<strong>no trascendieron p\u00fablicamente la fecha ni el lugar de la boda<\/strong>. Sin embargo, el viaje a Brasil volvi\u00f3 a poner la celebraci\u00f3n en el centro de la escena y anticip\u00f3 lo que ser\u00e1 uno de los eventos m\u00e1s esperad<\/p>\n","protected":false},"excerpt":{"rendered":"<p>Entre playa, baile y disfraces, la cantante disfrut\u00f3 de unos d\u00edas junto a sus amigas antes de dar el s\u00ed. Lali Esp\u00f3sito&nbsp;eligi\u00f3&nbsp;R\u00edo de Janeiro para celebrar su despedida de soltera&nbsp;junto a un grupo de amigas. Durante el viaje hubo playa, noches de fiesta, disfraces y un detalle que tuvo como protagonista a su futuro esposo,&nbsp;Pedro [&hellip;]<\/p>\n","protected":false},"author":5,"featured_media":446699,"comment_status":"open","ping_status":"open","sticky":false,"template":"","format":"standard","meta":{"_stopmodifiedupdate":false,"_modified_date":"","inline_featured_image":false},"categories":[21],"tags":[],"jetpack_featured_media_url":"https:\/\/notinor.com\/jujuy\/wp-content\/uploads\/2026\/08\/LALY.jpg","_links":{"self":[{"href":"https:\/\/notinor.com\/jujuy\/wp-json\/wp\/v2\/posts\/446698"}],"collection":[{"href":"https:\/\/notinor.com\/jujuy\/wp-json\/wp\/v2\/posts"}],"about":[{"href":"https:\/\/notinor.com\/jujuy\/wp-json\/wp\/v2\/types\/post"}],"author":[{"embeddable":true,"href":"https:\/\/notinor.com\/jujuy\/wp-json\/wp\/v2\/users\/5"}],"replies":[{"embeddable":true,"href":"https:\/\/notinor.com\/jujuy\/wp-json\/wp\/v2\/comments?post=446698"}],"version-history":[{"count":1,"href":"https:\/\/notinor.com\/jujuy\/wp-json\/wp\/v2\/posts\/446698\/revisions"}],"predecessor-version":[{"id":446700,"href":"https:\/\/notinor.com\/jujuy\/wp-json\/wp\/v2\/posts\/446698\/revisions\/446700"}],"wp:featuredmedia":[{"embeddable":true,"href":"https:\/\/notinor.com\/jujuy\/wp-json\/wp\/v2\/media\/446699"}],"wp:attachment":[{"href":"https:\/\/notinor.com\/jujuy\/wp-json\/wp\/v2\/media?parent=446698"}],"wp:term":[{"taxonomy":"category","embeddable":true,"href":"https:\/\/notinor.com\/jujuy\/wp-json\/wp\/v2\/categories?post=446698"},{"taxonomy":"post_tag","embeddable":true,"href":"https:\/\/notinor.com\/jujuy\/wp-json\/wp\/v2\/tags?post=446698"}],"curies":[{"name":"wp","href":"https:\/\/api.w.org\/{rel}","templated":true}]}}